{"id":12801,"date":"2015-12-28T10:27:00","date_gmt":"2015-12-28T07:27:00","guid":{"rendered":"https:\/\/dia.edu.az\/?p=12801"},"modified":"2021-03-17T10:28:40","modified_gmt":"2021-03-17T07:28:40","slug":"t%c9%99l%c9%99b%c9%99l%c9%99r-arasinda-cografiya-olimpiadasi-basa-catib","status":"publish","type":"post","link":"https:\/\/legacy.dia.edu.az\/ru\/arxivl\u0259r\/12801","title":{"rendered":"T\u0259l\u0259b\u0259l\u0259r aras\u0131nda co\u011frafiya olimpiadas\u0131 ba\u015fa \u00e7at\u0131b"},"content":{"rendered":"<p><strong>T\u0259l\u0259b\u0259l\u0259r aras\u0131nda co\u011frafiya olimpiadas\u0131 ba\u015fa \u00e7at\u0131b<\/strong><br><em>Dek 28 , 2015 &#8211; 10:36<\/em><\/p>\n\n\n\n<p>Az\u0259rbaycan T\u0259l\u0259b\u0259 G\u0259ncl\u0259r T\u0259\u015fkilatlar\u0131 \u0130ttifaq\u0131n\u0131n Prezident yan\u0131nda G\u0259ncl\u0259r Fondunun maliyy\u0259 d\u0259st\u0259yi il\u0259 realla\u015fd\u0131rd\u0131\u011f\u0131 \u201cHac\u0131 Zeynalabdin \u015eirvani il\u0259 Az\u0259rbaycan co\u011frafiyas\u0131 olimpiadas\u0131\u201d layih\u0259sinin final m\u0259rh\u0259l\u0259si ke\u00e7irilib.<\/p>\n\n\n\n<p>Layih\u0259nin m\u0259qs\u0259di t\u0259l\u0259b\u0259l\u0259r aras\u0131nda Az\u0259rbaycan co\u011frafiyas\u0131na mara\u011f\u0131n art\u0131r\u0131lmas\u0131, bu sah\u0259 \u00fczr\u0259 yeni bilikl\u0259rin \u0259ld\u0259 edilm\u0259sidir.<\/p>\n\n\n\n<p>Olimpiadan\u0131n yar\u0131mfinal\u0131nda yar\u0131\u015fan doqquz ali t\u0259hsil m\u00fc\u0259ssis\u0259sinin h\u0259r biri \u00fczr\u0259 \u0259n yax\u015f\u0131 n\u0259tic\u0259 g\u00f6st\u0259r\u0259n iki komanda finalda m\u00fcbariz\u0259 apar\u0131b. G\u0259rgin yar\u0131\u015fman\u0131n sonunda Az\u0259rbaycan Respublikas\u0131n\u0131n Prezidenti yan\u0131nda D\u00f6vl\u0259t \u0130dar\u0259\u00e7ilik Akademiyas\u0131n\u0131n \u201cStorm\u201d v\u0259 \u201cTornado\u201d, Az\u0259rbaycan D\u00f6vl\u0259t \u0130qtisad Universitetinin \u201cUnec\u201d komandalar\u0131 m\u00fcvafiq olaraq ilk \u00fc\u00e7 s\u0131rada q\u0259rarla\u015f\u0131blar.<\/p>\n\n\n\n<p>\u0130lk \u00fc\u00e7 yerin sahibl\u0259rin\u0259 h\u0259diyy\u0259l\u0259r, medal v\u0259 kuboklar t\u0259qdim edilib. Olimpiadan\u0131n b\u00fct\u00fcn i\u015ftirak\u00e7\u0131lar\u0131na is\u0259 sertifikatlar v\u0259 h\u0259diyy\u0259l\u0259r verilib.<\/p>\n\n\n\n<p>Az\u0259rbaycan co\u011frafiyas\u0131 olimpiadas\u0131n\u0131n qalib komanda \u00fczvl\u0259rini Az\u0259rbaycan Respublikas\u0131n\u0131n Prezidenti yan\u0131nda D\u00f6vl\u0259t \u0130dar\u0259\u00e7ilik Akademiyas\u0131n\u0131n rektor akademik Urxan \u018fl\u0259kb\u0259rov q\u0259bul edib v\u0259 t\u0259l\u0259b\u0259l\u0259r\u0259 u\u011furlar\u0131 \u00fc\u00e7\u00fcn t\u0259\u015f\u0259kk\u00fcr\u00fcn\u00fc bildirib.<\/p>\n\n\n\n<p><\/p>\n\n\n\n<figure class=\"wp-container-2 wp-block-gallery-1 wp-block-gallery columns-3 is-cropped\"><ul class=\"blocks-gallery-grid\"><li class=\"blocks-gallery-item\"><figure><img width=\"640\" height=\"424\" src=\"https:\/\/dia.edu.az\/wp-content\/uploads\/2021\/03\/AA2031.jpg\" alt=\"\" data-id=\"12802\" data-full-url=\"https:\/\/dia.edu.az\/wp-content\/uploads\/2021\/03\/AA2031.jpg\" data-link=\"https:\/\/dia.edu.az\/?attachment_id=12802\" class=\"wp-image-12802\" srcset=\"https:\/\/legacy.dia.edu.az\/wp-content\/uploads\/2021\/03\/AA2031.jpg 640w, https:\/\/legacy.dia.edu.az\/wp-content\/uploads\/2021\/03\/AA2031-300x199.jpg 300w, https:\/\/legacy.dia.edu.az\/wp-content\/uploads\/2021\/03\/AA2031-16x12.jpg 16w, https:\/\/legacy.dia.edu.az\/wp-content\/uploads\/2021\/03\/AA2031-150x100.jpg 150w, https:\/\/legacy.dia.edu.az\/wp-content\/uploads\/2021\/03\/AA2031-300x199@2x.jpg 600w\" sizes=\"(max-width: 640px) 100vw, 640px\" \/><\/figure><\/li><li class=\"blocks-gallery-item\"><figure><img width=\"640\" height=\"424\" src=\"https:\/\/dia.edu.az\/wp-content\/uploads\/2021\/03\/AAA_2027.jpg\" alt=\"\" data-id=\"12803\" data-full-url=\"https:\/\/dia.edu.az\/wp-content\/uploads\/2021\/03\/AAA_2027.jpg\" data-link=\"https:\/\/dia.edu.az\/?attachment_id=12803\" class=\"wp-image-12803\" srcset=\"https:\/\/legacy.dia.edu.az\/wp-content\/uploads\/2021\/03\/AAA_2027.jpg 640w, https:\/\/legacy.dia.edu.az\/wp-content\/uploads\/2021\/03\/AAA_2027-300x199.jpg 300w, https:\/\/legacy.dia.edu.az\/wp-content\/uploads\/2021\/03\/AAA_2027-16x12.jpg 16w, https:\/\/legacy.dia.edu.az\/wp-content\/uploads\/2021\/03\/AAA_2027-150x100.jpg 150w, https:\/\/legacy.dia.edu.az\/wp-content\/uploads\/2021\/03\/AAA_2027-300x199@2x.jpg 600w\" sizes=\"(max-width: 640px) 100vw, 640px\" \/><\/figure><\/li><li class=\"blocks-gallery-item\"><figure><img width=\"640\" height=\"424\" src=\"https:\/\/dia.edu.az\/wp-content\/uploads\/2021\/03\/AAA_2030.jpg\" alt=\"\" data-id=\"12804\" data-full-url=\"https:\/\/dia.edu.az\/wp-content\/uploads\/2021\/03\/AAA_2030.jpg\" data-link=\"https:\/\/dia.edu.az\/?attachment_id=12804\" class=\"wp-image-12804\" srcset=\"https:\/\/legacy.dia.edu.az\/wp-content\/uploads\/2021\/03\/AAA_2030.jpg 640w, https:\/\/legacy.dia.edu.az\/wp-content\/uploads\/2021\/03\/AAA_2030-300x199.jpg 300w, https:\/\/legacy.dia.edu.az\/wp-content\/uploads\/2021\/03\/AAA_2030-16x12.jpg 16w, https:\/\/legacy.dia.edu.az\/wp-content\/uploads\/2021\/03\/AAA_2030-150x100.jpg 150w, https:\/\/legacy.dia.edu.az\/wp-content\/uploads\/2021\/03\/AAA_2030-300x199@2x.jpg 600w\" sizes=\"(max-width: 640px) 100vw, 640px\" \/><\/figure><\/li><\/ul><\/figure>","protected":false},"excerpt":{"rendered":"<p>T\u0259l\u0259b\u0259l\u0259r aras\u0131nda co\u011frafiya olimpiadas\u0131 ba\u015fa \u00e7at\u0131bDek 28 , 2015 &#8211; 10:36 Az\u0259rbaycan T\u0259l\u0259b\u0259 G\u0259ncl\u0259r T\u0259\u015fkilatlar\u0131 \u0130ttifaq\u0131n\u0131n Prezident yan\u0131nda G\u0259ncl\u0259r Fondunun maliyy\u0259 d\u0259st\u0259yi il\u0259 realla\u015fd\u0131rd\u0131\u011f\u0131 \u201cHac\u0131 Zeynalabdin \u015eirvani il\u0259 Az\u0259rbaycan co\u011frafiyas\u0131 olimpiadas\u0131\u201d layih\u0259sinin final m\u0259rh\u0259l\u0259si ke\u00e7irilib. Layih\u0259nin m\u0259qs\u0259di t\u0259l\u0259b\u0259l\u0259r aras\u0131nda Az\u0259rbaycan co\u011frafiyas\u0131na mara\u011f\u0131n art\u0131r\u0131lmas\u0131, bu sah\u0259 \u00fczr\u0259 yeni bilikl\u0259rin \u0259ld\u0259 edilm\u0259sidir. Olimpiadan\u0131n yar\u0131mfinal\u0131nda yar\u0131\u015fan doqquz ali [&hellip;]<\/p>","protected":false},"author":2,"featured_media":12802,"comment_status":"closed","ping_status":"closed","sticky":false,"template":"","format":"standard","meta":[],"categories":[137],"tags":[],"_links":{"self":[{"href":"https:\/\/legacy.dia.edu.az\/ru\/wp-json\/wp\/v2\/posts\/12801"}],"collection":[{"href":"https:\/\/legacy.dia.edu.az\/ru\/wp-json\/wp\/v2\/posts"}],"about":[{"href":"https:\/\/legacy.dia.edu.az\/ru\/wp-json\/wp\/v2\/types\/post"}],"author":[{"embeddable":true,"href":"https:\/\/legacy.dia.edu.az\/ru\/wp-json\/wp\/v2\/users\/2"}],"replies":[{"embeddable":true,"href":"https:\/\/legacy.dia.edu.az\/ru\/wp-json\/wp\/v2\/comments?post=12801"}],"version-history":[{"count":0,"href":"https:\/\/legacy.dia.edu.az\/ru\/wp-json\/wp\/v2\/posts\/12801\/revisions"}],"wp:featuredmedia":[{"embeddable":true,"href":"https:\/\/legacy.dia.edu.az\/ru\/wp-json\/wp\/v2\/media\/12802"}],"wp:attachment":[{"href":"https:\/\/legacy.dia.edu.az\/ru\/wp-json\/wp\/v2\/media?parent=12801"}],"wp:term":[{"taxonomy":"category","embeddable":true,"href":"https:\/\/legacy.dia.edu.az\/ru\/wp-json\/wp\/v2\/categories?post=12801"},{"taxonomy":"post_tag","embeddable":true,"href":"https:\/\/legacy.dia.edu.az\/ru\/wp-json\/wp\/v2\/tags?post=12801"}],"curies":[{"name":"wp","href":"https:\/\/api.w.org\/{rel}","templated":true}]}}