{"id":12797,"date":"2016-01-19T10:25:00","date_gmt":"2016-01-19T07:25:00","guid":{"rendered":"https:\/\/dia.edu.az\/?p=12797"},"modified":"2021-03-17T10:26:33","modified_gmt":"2021-03-17T07:26:33","slug":"dovl%c9%99t-idar%c9%99silik-akademiyasinda-faci%c9%99nin-iyirmi-altinci-ildonumu-qeyd-edilmisdir","status":"publish","type":"post","link":"https:\/\/legacy.dia.edu.az\/ru\/arxivl\u0259r\/12797","title":{"rendered":"D\u00f6vl\u0259t \u0130dar\u0259\u015filik Akademiyas\u0131nda faci\u0259nin iyirmi alt\u0131nc\u0131 ild\u00f6n\u00fcm\u00fc qeyd edilmi\u015fdir"},"content":{"rendered":"<p><\/p>\n\n\n\n<p><strong>D\u00f6vl\u0259t \u0130dar\u0259\u015filik Akademiyas\u0131nda faci\u0259nin iyirmi alt\u0131nc\u0131 ild\u00f6n\u00fcm\u00fc qeyd edilmi\u015fdir<\/strong><br><em>Yan 19 , 2016 &#8211; 02:43<\/em><\/p>\n\n\n\n<p>Yanvar\u0131n 19-da Az\u0259rbaycan Respublikas\u0131n\u0131n Prezidenti yan\u0131nda D\u00f6vl\u0259t \u0130dar\u0259\u00e7ilik Akademiyas\u0131nda 20 yanvar faci\u0259sinin iyirmi alt\u0131nc\u0131 ild\u00f6n\u00fcm\u00fcn\u00fcn qeyd edilm\u0259si il\u0259 \u0259laq\u0259dar t\u0259sdiql\u0259nmi\u015f T\u0259dbirl\u0259r Plan\u0131na uy\u011fun olaraq t\u0259dbir ke\u00e7irilmi\u015fdir.T\u0259dbir ba\u015flanmazdan \u0259vv\u0259l \u015f\u0259hidl\u0259rin xatir\u0259si bir d\u0259qiq\u0259lik s\u00fckutla yad edilmi\u015fdir.<\/p>\n\n\n\n<p>T\u0259dbiri D\u00f6vl\u0259t \u0130dar\u0259\u00e7ilik Akademiyas\u0131n\u0131n rektoru, akademik Urxan \u018fl\u0259kb\u0259rov a\u00e7araq sovet imperiyas\u0131n\u0131n Az\u0259rbaycana qar\u015f\u0131 t\u0259cav\u00fcz siyas\u0259tinin t\u0259rkib hiss\u0259sini t\u0259\u015fkil ed\u0259n, insan h\u00fcquq v\u0259 azadl\u0131qlar\u0131n\u0131n k\u00fctl\u0259vi pozulmas\u0131 il\u0259 n\u0259tic\u0259l\u0259nmi\u015f v\u0259 tarix\u0259 20 Yanvar faci\u0259si zaman\u0131 Az\u0259rbaycan xalq\u0131na qar\u015f\u0131 i\u015fl\u0259dilmi\u015f cinay\u0259t, \u0259slind\u0259 b\u00fct\u00fcn b\u0259\u015f\u0259riyy\u0259t\u0259, insanl\u0131\u011fa qar\u015f\u0131 h\u0259yata ke\u00e7irilmi\u015f m\u00fcdhi\u015f bir \u0259m\u0259l oldu\u011funu, qeyri-insani r\u0259ftar\u0131n, i\u015fg\u0259nc\u0259l\u0259rin \u0259n d\u0259h\u015f\u0259tlil\u0259rind\u0259n biri olan bu hadis\u0259 xalq\u0131m\u0131z\u0131n qan yadda\u015f\u0131na \u0259b\u0259di h\u0259kk olunmu\u015f, eyni zamanda tariximiz\u0259 q\u00fcrur, q\u0259hr\u0259manl\u0131q g\u00fcn\u00fc kimi yaz\u0131ld\u0131\u011f\u0131n\u0131 bildirmi\u015fdir.<\/p>\n\n\n\n<p>Rektor qeyd etmi\u015fdir ki, \u00dcmummilli lider Heyd\u0259r \u018fliyev Az\u0259rbaycan\u0131n Moskvadak\u0131 daimi n\u00fcmay\u0259nd\u0259liyin\u0259 g\u0259l\u0259r\u0259k ke\u00e7irdiyi m\u0259tbuat konfrans\u0131nda k\u0259skin b\u0259yanatla \u00e7\u0131x\u0131\u015f etmi\u015f, Bak\u0131da t\u00f6r\u0259dil\u0259n q\u0131r\u011f\u0131nlar\u0131n t\u0259\u015fkilat\u00e7\u0131lar\u0131n\u0131 cinay\u0259tkar adland\u0131rm\u0131\u015f, ba\u015f ver\u0259nl\u0259r\u0259 siyasi qiym\u0259t verilm\u0259sini, g\u00fcnahkarlar\u0131n c\u0259zaland\u0131r\u0131lmas\u0131n\u0131 q\u0259tiyy\u0259tl\u0259 t\u0259l\u0259b etmi\u015fdir. Ulu \u00d6nd\u0259r siyasi hakimiyy\u0259t\u0259 qay\u0131d\u0131\u015f\u0131ndan sonra da \u015e\u0259hidl\u0259rin xatir\u0259sini \u0259b\u0259dil\u0259\u015fdirm\u0259k \u00fc\u00e7\u00fcn h\u0259min tarixi \u00dcmumxalq h\u00fczn g\u00fcn\u00fc kimi elan etmi\u015f, hadis\u0259y\u0259 r\u0259smi siyasi v\u0259 h\u00fcquqi qiym\u0259t verilmi\u015fdir. Rektor bildirilmi\u015fdir ki, \u00f6lk\u0259 Prezidenti \u0130lham \u018fliyev 20 Yanvar \u015f\u0259hidl\u0259rinin xatir\u0259sinin uca tutulmas\u0131na, onlar\u0131n ail\u0259l\u0259rinin sosial m\u0259s\u0259l\u0259l\u0259rinin h\u0259llin\u0259 x\u00fcsusi diqq\u0259t g\u00f6st\u0259rir.<\/p>\n\n\n\n<p>T\u0259dbird\u0259 \u00e7\u0131x\u0131\u015f ed\u0259nl\u0259r \u201cTarix\u201d kafedras\u0131n\u0131n professoru Musa Quliyev, \u201cBeyn\u0259lxalq m\u00fcnasib\u0259tl\u0259r v\u0259 xarici siyas\u0259t kafedras\u0131\u201dn\u0131n dosenti El\u00e7in \u018fhm\u0259dov, \u201cPolitologiya v\u0259 siyasi idar\u0259etm\u0259 kafedras\u0131\u201dn\u0131n m\u00fcdiri, professor Nigar \u018fl\u0259kb\u0259rova v\u0259 dig\u0259r \u00e7\u0131x\u0131\u015f\u00e7\u0131lar zaman ke\u00e7dikc\u0259 tariximizin h\u0259m q\u0259hr\u0259manl\u0131q s\u0259hif\u0259l\u0259rinin, h\u0259m d\u0259 faci\u0259li s\u0259hif\u0259l\u0259rinin yad etm\u0259yin, g\u0259l\u0259c\u0259k n\u0259sill\u0259r\u0259 xat\u0131rlatma\u011f\u0131n \u0259h\u0259miyy\u0259tli oldu\u011funu, bunlar\u0131n i\u00e7\u0259risind\u0259 20 Yanvar faci\u0259si, eyni zamanda o g\u00fcnl\u0259r g\u00f6st\u0259ril\u0259n q\u0259hr\u0259manl\u0131q, \u015f\u00fcca\u0259t v\u0259 xalq\u0131n birliyinin ham\u0131ya \u00f6rn\u0259k olmas\u0131n\u0131\u2013bu g\u00fcn ya\u015fayanlara da, g\u0259l\u0259c\u0259k n\u0259sill\u0259r\u0259 d\u0259 \u00e7atd\u0131r\u0131lmas\u0131n\u0131n vacibliyini, bu hadis\u0259l\u0259rin unudulmad\u0131\u011f\u0131n\u0131, g\u00fcnahs\u0131z insanlar\u0131n \u0259ziz xatir\u0259sinin, xalq\u0131m\u0131z\u0131n t\u0259r\u0259find\u0259n h\u0259r zaman ya\u015fayad\u0131laca\u011f\u0131n\u0131 bildirmi\u015fl\u0259r.<\/p>\n\n\n\n<p><\/p>\n\n\n\n<figure class=\"wp-container-2 wp-block-gallery-1 wp-block-gallery columns-1 is-cropped\"><ul class=\"blocks-gallery-grid\"><li class=\"blocks-gallery-item\"><figure><img width=\"640\" height=\"424\" src=\"https:\/\/dia.edu.az\/wp-content\/uploads\/2021\/03\/20_YA.jpg\" alt=\"\" data-id=\"12798\" data-full-url=\"https:\/\/dia.edu.az\/wp-content\/uploads\/2021\/03\/20_YA.jpg\" data-link=\"https:\/\/dia.edu.az\/?attachment_id=12798\" class=\"wp-image-12798\" srcset=\"https:\/\/legacy.dia.edu.az\/wp-content\/uploads\/2021\/03\/20_YA.jpg 640w, https:\/\/legacy.dia.edu.az\/wp-content\/uploads\/2021\/03\/20_YA-300x199.jpg 300w, https:\/\/legacy.dia.edu.az\/wp-content\/uploads\/2021\/03\/20_YA-16x12.jpg 16w, https:\/\/legacy.dia.edu.az\/wp-content\/uploads\/2021\/03\/20_YA-150x100.jpg 150w, https:\/\/legacy.dia.edu.az\/wp-content\/uploads\/2021\/03\/20_YA-300x199@2x.jpg 600w\" sizes=\"(max-width: 640px) 100vw, 640px\" \/><\/figure><\/li><\/ul><\/figure>","protected":false},"excerpt":{"rendered":"<p>D\u00f6vl\u0259t \u0130dar\u0259\u015filik Akademiyas\u0131nda faci\u0259nin iyirmi alt\u0131nc\u0131 ild\u00f6n\u00fcm\u00fc qeyd edilmi\u015fdirYan 19 , 2016 &#8211; 02:43 Yanvar\u0131n 19-da Az\u0259rbaycan Respublikas\u0131n\u0131n Prezidenti yan\u0131nda D\u00f6vl\u0259t \u0130dar\u0259\u00e7ilik Akademiyas\u0131nda 20 yanvar faci\u0259sinin iyirmi alt\u0131nc\u0131 ild\u00f6n\u00fcm\u00fcn\u00fcn qeyd edilm\u0259si il\u0259 \u0259laq\u0259dar t\u0259sdiql\u0259nmi\u015f T\u0259dbirl\u0259r Plan\u0131na uy\u011fun olaraq t\u0259dbir ke\u00e7irilmi\u015fdir.T\u0259dbir ba\u015flanmazdan \u0259vv\u0259l \u015f\u0259hidl\u0259rin xatir\u0259si bir d\u0259qiq\u0259lik s\u00fckutla yad edilmi\u015fdir. T\u0259dbiri D\u00f6vl\u0259t \u0130dar\u0259\u00e7ilik Akademiyas\u0131n\u0131n rektoru, akademik [&hellip;]<\/p>","protected":false},"author":2,"featured_media":12798,"comment_status":"closed","ping_status":"closed","sticky":false,"template":"","format":"standard","meta":[],"categories":[137],"tags":[],"_links":{"self":[{"href":"https:\/\/legacy.dia.edu.az\/ru\/wp-json\/wp\/v2\/posts\/12797"}],"collection":[{"href":"https:\/\/legacy.dia.edu.az\/ru\/wp-json\/wp\/v2\/posts"}],"about":[{"href":"https:\/\/legacy.dia.edu.az\/ru\/wp-json\/wp\/v2\/types\/post"}],"author":[{"embeddable":true,"href":"https:\/\/legacy.dia.edu.az\/ru\/wp-json\/wp\/v2\/users\/2"}],"replies":[{"embeddable":true,"href":"https:\/\/legacy.dia.edu.az\/ru\/wp-json\/wp\/v2\/comments?post=12797"}],"version-history":[{"count":0,"href":"https:\/\/legacy.dia.edu.az\/ru\/wp-json\/wp\/v2\/posts\/12797\/revisions"}],"wp:featuredmedia":[{"embeddable":true,"href":"https:\/\/legacy.dia.edu.az\/ru\/wp-json\/wp\/v2\/media\/12798"}],"wp:attachment":[{"href":"https:\/\/legacy.dia.edu.az\/ru\/wp-json\/wp\/v2\/media?parent=12797"}],"wp:term":[{"taxonomy":"category","embeddable":true,"href":"https:\/\/legacy.dia.edu.az\/ru\/wp-json\/wp\/v2\/categories?post=12797"},{"taxonomy":"post_tag","embeddable":true,"href":"https:\/\/legacy.dia.edu.az\/ru\/wp-json\/wp\/v2\/tags?post=12797"}],"curies":[{"name":"wp","href":"https:\/\/api.w.org\/{rel}","templated":true}]}}