{"id":12775,"date":"2016-02-15T10:12:00","date_gmt":"2016-02-15T07:12:00","guid":{"rendered":"https:\/\/dia.edu.az\/?p=12775"},"modified":"2021-03-17T10:14:10","modified_gmt":"2021-03-17T07:14:10","slug":"dovl%c9%99t-idar%c9%99cilik-akademiyasinda-dovl%c9%99tin-sosial-siyas%c9%99ti-mahiy%c9%99t-prioritetl%c9%99r-v%c9%99-h%c9%99yata-kecirilm%c9%99-mexanizml%c9%99ri-az%c9%99","status":"publish","type":"post","link":"https:\/\/legacy.dia.edu.az\/ru\/arxivl\u0259r\/12775","title":{"rendered":"D\u00f6vl\u0259t \u0130dar\u0259\u00e7ilik Akademiyas\u0131nda \u201cD\u00f6vl\u0259tin sosial siyas\u0259ti: mahiy\u0259t, prioritetl\u0259r v\u0259 h\u0259yata ke\u00e7irilm\u0259 mexanizml\u0259ri\u201d, \u201cAz\u0259rbaycan Respublikas\u0131nda ail\u0259, qad\u0131n v\u0259 u\u015faq siyas\u0259ti\u201d v\u0259 \u201cB\u0259l\u0259diyy\u0259 idar\u0259\u00e7iliyinin aktual probleml\u0259ri\u201d istiqam\u0259tl\u0259ri \u00fczr\u0259 ixtisasart\u0131rma kurslar\u0131 ba\u015fa \u00e7atm\u0131\u015fd\u0131r"},"content":{"rendered":"<p><strong>D\u00f6vl\u0259t \u0130dar\u0259\u00e7ilik Akademiyas\u0131nda \u201cD\u00f6vl\u0259tin sosial siyas\u0259ti: mahiy\u0259t, prioritetl\u0259r v\u0259 h\u0259yata ke\u00e7irilm\u0259 mexanizml\u0259ri\u201d, \u201cAz\u0259rbaycan Respublikas\u0131nda ail\u0259, qad\u0131n v\u0259 u\u015faq siyas\u0259ti\u201d v\u0259 \u201cB\u0259l\u0259diyy\u0259 idar\u0259\u00e7iliyinin aktual probleml\u0259ri\u201d istiqam\u0259tl\u0259ri \u00fczr\u0259 ixtisasart\u0131rma kurslar\u0131 ba\u015fa \u00e7atm\u0131\u015fd\u0131r<\/strong><br><em>Fev 15 , 2016 &#8211; 11:56<\/em><\/p>\n\n\n\n<p>Az\u0259rbaycan Respublikas\u0131n\u0131n Prezidenti yan\u0131nda D\u00f6vl\u0259t \u0130dar\u0259\u00e7ilik Akademiyas\u0131nda \u201cD\u00f6vl\u0259tin sosial siyas\u0259ti: mahiy\u0259t, prioritetl\u0259r v\u0259 h\u0259yata ke\u00e7irilm\u0259 mexanizml\u0259ri\u201d, \u201dAz\u0259rbaycan Respublikas\u0131nda ail\u0259, qad\u0131n v\u0259 u\u015faq siyas\u0259ti\u201d istiqam\u0259tl\u0259ri \u00fczr\u0259 q\u0131sam\u00fcdd\u0259tli ixtisasart\u0131rma kurslar\u0131 ke\u00e7ilirmi\u015fdir. Kurslara d\u00f6vl\u0259t hakimiyy\u0259tinin m\u0259rk\u0259zi, \u015f\u0259h\u0259r, rayon miqyasl\u0131 orqanlar\u0131n\u0131n, m\u00fcvafiq nazirlik, komit\u0259 v\u0259 idar\u0259l\u0259rinin r\u0259hb\u0259r i\u015f\u00e7il\u0259ri c\u0259lb olunmu\u015fdur.<\/p>\n\n\n\n<p>\u201cD\u00f6vl\u0259tin sosial siyas\u0259ti: mahiy\u0259t, prioritetl\u0259r v\u0259 h\u0259yata ke\u00e7irilm\u0259 mexanizml\u0259ri\u201d istiqam\u0259tinin \u0259sas m\u0259qs\u0259di, Az\u0259rbaycan Respublikas\u0131nda sosial siyas\u0259t v\u0259 onun \u0259sas istiqam\u0259tl\u0259ri, Az\u0259rbaycan Respublikas\u0131nda pensiya-t\u0259minat\u0131 sisteminin islahat\u0131 konsepsiyas\u0131, T\u0259hsil d\u00f6vl\u0259t sosial siyas\u0259tinin t\u0259rkib hiss\u0259si kimi: v\u0259zif\u0259l\u0259r, prioritetl\u0259r, perspektivl\u0259r, M\u00fcasir Az\u0259rbaycanda sosial siyas\u0259tin formala\u015fmas\u0131 v\u0259 bu sah\u0259d\u0259 d\u00f6vl\u0259t siyas\u0259tin aktual m\u0259s\u0259l\u0259l\u0259ri v\u0259 s. probleml\u0259rl\u0259 ba\u011fl\u0131 bilikl\u0259rin dinl\u0259yicil\u0259r\u0259 \u00e7atd\u0131r\u0131lmas\u0131 v\u0259 onlarla fikir m\u00fcbadil\u0259sinin apar\u0131lmas\u0131 idi. Kurs \u0259rzind\u0259 Az\u0259rbaycan Respublikas\u0131 Milli M\u0259clisi \u018fm\u0259k v\u0259 Sosial Siyas\u0259t Komit\u0259sinin s\u0259dri Had\u0131 R\u0259c\u0259bli, D\u00f6vl\u0259t Sosial M\u00fcdafi\u0259 Fondunun s\u0259dr m\u00fcavini Zakir Babayev, T\u0259hsil Nazirliyinin Aparat r\u0259hb\u0259rinin m\u00fcavini F\u0259rz\u0259li Q\u0259dirov, D\u0130A-n\u0131n professor m\u00fc\u0259llim hey\u0259ti m\u00fcxt\u0259lif m\u00f6vzularda m\u00fchazir\u0259l\u0259rl\u0259 c\u0131x\u0131\u015f etmi\u015fl\u0259r.<\/p>\n\n\n\n<p>Eyni zamanda qeyd olunan kursla yana\u015f\u0131 \u201dAz\u0259rbaycan Respublikas\u0131nda ail\u0259 qad\u0131n v\u0259 u\u015faq siyas\u0259ti\u201d istiqam\u0259ti \u00fczr\u0259 q\u0131sam\u00fcdd\u0259tli ixtisasart\u0131rma kursu ke\u00e7irilmi\u015fdir. Kursun \u0259sas m\u0259qs\u0259di Az\u0259rbaycan Respublikas\u0131nda d\u00f6vl\u0259t ail\u0259, qad\u0131n v\u0259 u\u015faq siyas\u0259ti, ail\u0259 qad\u0131n v\u0259 u\u015faq siyas\u0259tinin h\u0259yata ke\u00e7irilm\u0259sind\u0259 ictimai-siyasi t\u0259\u015fkilatlar\u0131n rolu, bo\u015fanmalar n\u0259tic\u0259sind\u0259 yaranan probleml\u0259r, m\u0259hk\u0259m\u0259 q\u0259rarlar\u0131n\u0131n icras\u0131 v\u0259 yerli icra strukturlar\u0131n\u0131n rolu, Az\u0259rbaycan Respublikas\u0131nda Ail\u0259 M\u0259c\u0259ll\u0259si reall\u0131qlar v\u0259 perspektivl\u0259r v\u0259 s. Qeyd olunan kursda, D\u0130A-n\u0131n rektoru akademik Urxan \u018fl\u0259kb\u0259rov, Az\u0259rbaycan Respublikas\u0131n\u0131n Prezidenti Admistrasiyas\u0131n\u0131n \u0130ctimai-siyasi m\u0259s\u0259l\u0259l\u0259r \u015f\u00f6b\u0259sinin sektor m\u00fcdiri Elman Pa\u015fayev, Az\u0259rbaycan Respublikas\u0131 Milli M\u0259clisi \u018fm\u0259k v\u0259 Sosial Siyas\u0259t Komit\u0259sinin s\u0259dri Had\u0131 R\u0259c\u0259bli, Az\u0259rbaycan Respublikas\u0131 Ail\u0259, Qad\u0131n v\u0259 U\u015faq Probleml\u0259ri \u00fczr\u0259 D\u00f6vl\u0259t Komit\u0259sinin s\u0259dr m\u00fcavini S\u0259daq\u0259t Q\u0259hr\u0259manova, m\u00fcxt\u0259lif m\u00f6vzularda m\u00fchazir\u0259l\u0259rl\u0259 c\u0131x\u0131\u015f etmi\u015fl\u0259r.<\/p>\n\n\n\n<p>Bununla yana\u015f\u0131 \u201cB\u0259l\u0259diyy\u0259 idar\u0259\u00e7iliyinin aktual probleml\u0259ri\u201d istiqam\u0259ti \u00fczr\u0259 q\u0131sam\u00fcdd\u0259tli ixtisasart\u0131rma kursu ke\u00e7irilmi\u015fdir. Kursa D\u00f6vl\u0259t Hakimiyy\u0259tinin m\u0259rk\u0259zi, \u015f\u0259h\u0259r,<\/p>\n\n\n\n<p>rayon miqyasl\u0131 orqanlar\u0131n\u0131n, m\u00fcvafiq nazirlik, komit\u0259 v\u0259 idar\u0259l\u0259rinin r\u0259hb\u0259r i\u015f\u00e7il\u0259ri c\u0259lb olunmu\u015fdur.<\/p>\n\n\n\n<p>Bu kursun \u0259sas m\u0259qs\u0259di \u2013 yerli \u00f6z\u00fcn\u00fcidar\u0259etm\u0259nin qanunvericilik bazas\u0131 v\u0259 onun t\u0259kmill\u0259\u015fdirilm\u0259si istiqam\u0259tl\u0259ri, Az\u0259rbaycanda yerli \u00f6z\u00fcn\u00fcidar\u0259etm\u0259 inki\u015faf\u0131n\u0131n prioritet istiqam\u0259tl\u0259ri, B\u0259l\u0259diyy\u0259l\u0259rin f\u0259aliyy\u0259tind\u0259 inzibati n\u0259zar\u0259tin t\u0259\u015fkili, yerli b\u00fcdc\u0259 v\u0259 onun d\u00f6vl\u0259t b\u00fcdc\u0259si il\u0259 qar\u015f\u0131l\u0131ql\u0131 m\u00fcnasib\u0259tl\u0259rin t\u0259\u015fkili, b\u0259l\u0259diyy\u0259 t\u0259s\u0259rr\u00fcfar\u0131n\u0131n t\u0259\u015fkili v\u0259 idar\u0259 olunmas\u0131, b\u0259l\u0259diyy\u0259l\u0259rin maliyy\u0259 imkanlar\u0131n\u0131n art\u0131r\u0131lmas\u0131 perspektivl\u0259ri v\u0259 s. probleml\u0259rl\u0259 ba\u011fl\u0131 bilikl\u0259rin dinl\u0259yicil\u0259r\u0259 \u00e7atd\u0131r\u0131lmas\u0131 v\u0259 onlarla fikir m\u00fcbadil\u0259sinin apar\u0131lmas\u0131 idi.<\/p>\n\n\n\n<p>Kurs \u0259rzind\u0259 Az\u0259rbaycan Respublikas\u0131 Milli M\u0259clisinin Regional M\u0259s\u0259l\u0259l\u0259r Komit\u0259sinin s\u0259dri Arif R\u0259himzad\u0259 v\u0259 \u00fczvl\u0259ri Kamran Bayramov, Tahir Rzayev, Az\u0259rbaycan Respublikas\u0131 \u018fdliyy\u0259 Nazriliyinin B\u0259l\u0259diyy\u0259l\u0259rl\u0259 \u0130\u015f M\u0259rk\u0259zinin m\u0259sul i\u015f\u00e7il\u0259ri, D\u0130A-n\u0131n professor-m\u00fc\u0259llim hey\u0259ti v\u0259 dig\u0259r m\u00fchazir\u0259\u00e7il\u0259r m\u00fcxt\u0259lif m\u00f6vzularda m\u00fchazir\u0259l\u0259rl\u0259 \u00e7\u0131x\u0131\u015f etmi\u015fl\u0259r.<\/p>\n\n\n\n<p>Kurslar\u0131n sonunda Az\u0259rbaycan Respublikas\u0131n\u0131n Prezidenti yan\u0131nda D\u00f6vl\u0259t \u0130dar\u0259\u00e7ilik Akademiyas\u0131nda dinl\u0259yicil\u0259rin burax\u0131l\u0131\u015f m\u0259rasimi ke\u00e7irilmi\u015fdir. Dinl\u0259yicil\u0259r\u0259 sertifikatlar t\u0259qdim edilmi\u015fdir.<\/p>\n\n\n\n<p><\/p>\n\n\n\n<figure class=\"wp-container-2 wp-block-gallery-1 wp-block-gallery columns-3 is-cropped\"><ul class=\"blocks-gallery-grid\"><li class=\"blocks-gallery-item\"><figure><img width=\"640\" height=\"424\" src=\"https:\/\/dia.edu.az\/wp-content\/uploads\/2021\/03\/1_1.jpg\" alt=\"\" data-id=\"12776\" data-full-url=\"https:\/\/dia.edu.az\/wp-content\/uploads\/2021\/03\/1_1.jpg\" data-link=\"https:\/\/dia.edu.az\/?attachment_id=12776\" class=\"wp-image-12776\" srcset=\"https:\/\/legacy.dia.edu.az\/wp-content\/uploads\/2021\/03\/1_1.jpg 640w, https:\/\/legacy.dia.edu.az\/wp-content\/uploads\/2021\/03\/1_1-300x199.jpg 300w, https:\/\/legacy.dia.edu.az\/wp-content\/uploads\/2021\/03\/1_1-16x12.jpg 16w, https:\/\/legacy.dia.edu.az\/wp-content\/uploads\/2021\/03\/1_1-150x100.jpg 150w, https:\/\/legacy.dia.edu.az\/wp-content\/uploads\/2021\/03\/1_1-300x199@2x.jpg 600w\" sizes=\"(max-width: 640px) 100vw, 640px\" \/><\/figure><\/li><li class=\"blocks-gallery-item\"><figure><img width=\"640\" height=\"424\" src=\"https:\/\/dia.edu.az\/wp-content\/uploads\/2021\/03\/33-2.jpg\" alt=\"\" data-id=\"12777\" data-full-url=\"https:\/\/dia.edu.az\/wp-content\/uploads\/2021\/03\/33-2.jpg\" data-link=\"https:\/\/dia.edu.az\/?attachment_id=12777\" class=\"wp-image-12777\" srcset=\"https:\/\/legacy.dia.edu.az\/wp-content\/uploads\/2021\/03\/33-2.jpg 640w, https:\/\/legacy.dia.edu.az\/wp-content\/uploads\/2021\/03\/33-2-300x199.jpg 300w, https:\/\/legacy.dia.edu.az\/wp-content\/uploads\/2021\/03\/33-2-16x12.jpg 16w, https:\/\/legacy.dia.edu.az\/wp-content\/uploads\/2021\/03\/33-2-150x100.jpg 150w, https:\/\/legacy.dia.edu.az\/wp-content\/uploads\/2021\/03\/33-2-300x199@2x.jpg 600w\" sizes=\"(max-width: 640px) 100vw, 640px\" \/><\/figure><\/li><li class=\"blocks-gallery-item\"><figure><img width=\"640\" height=\"424\" src=\"https:\/\/dia.edu.az\/wp-content\/uploads\/2021\/03\/3434.jpg\" alt=\"\" data-id=\"12778\" data-full-url=\"https:\/\/dia.edu.az\/wp-content\/uploads\/2021\/03\/3434.jpg\" data-link=\"https:\/\/dia.edu.az\/?attachment_id=12778\" class=\"wp-image-12778\" srcset=\"https:\/\/legacy.dia.edu.az\/wp-content\/uploads\/2021\/03\/3434.jpg 640w, https:\/\/legacy.dia.edu.az\/wp-content\/uploads\/2021\/03\/3434-300x199.jpg 300w, https:\/\/legacy.dia.edu.az\/wp-content\/uploads\/2021\/03\/3434-16x12.jpg 16w, https:\/\/legacy.dia.edu.az\/wp-content\/uploads\/2021\/03\/3434-150x100.jpg 150w, https:\/\/legacy.dia.edu.az\/wp-content\/uploads\/2021\/03\/3434-300x199@2x.jpg 600w\" sizes=\"(max-width: 640px) 100vw, 640px\" \/><\/figure><\/li><\/ul><\/figure>","protected":false},"excerpt":{"rendered":"<p>D\u00f6vl\u0259t \u0130dar\u0259\u00e7ilik Akademiyas\u0131nda \u201cD\u00f6vl\u0259tin sosial siyas\u0259ti: mahiy\u0259t, prioritetl\u0259r v\u0259 h\u0259yata ke\u00e7irilm\u0259 mexanizml\u0259ri\u201d, \u201cAz\u0259rbaycan Respublikas\u0131nda ail\u0259, qad\u0131n v\u0259 u\u015faq siyas\u0259ti\u201d v\u0259 \u201cB\u0259l\u0259diyy\u0259 idar\u0259\u00e7iliyinin aktual probleml\u0259ri\u201d istiqam\u0259tl\u0259ri \u00fczr\u0259 ixtisasart\u0131rma kurslar\u0131 ba\u015fa \u00e7atm\u0131\u015fd\u0131rFev 15 , 2016 &#8211; 11:56 Az\u0259rbaycan Respublikas\u0131n\u0131n Prezidenti yan\u0131nda D\u00f6vl\u0259t \u0130dar\u0259\u00e7ilik Akademiyas\u0131nda \u201cD\u00f6vl\u0259tin sosial siyas\u0259ti: mahiy\u0259t, prioritetl\u0259r v\u0259 h\u0259yata ke\u00e7irilm\u0259 mexanizml\u0259ri\u201d, \u201dAz\u0259rbaycan Respublikas\u0131nda ail\u0259, qad\u0131n [&hellip;]<\/p>","protected":false},"author":2,"featured_media":12778,"comment_status":"closed","ping_status":"closed","sticky":false,"template":"","format":"standard","meta":[],"categories":[137],"tags":[],"_links":{"self":[{"href":"https:\/\/legacy.dia.edu.az\/ru\/wp-json\/wp\/v2\/posts\/12775"}],"collection":[{"href":"https:\/\/legacy.dia.edu.az\/ru\/wp-json\/wp\/v2\/posts"}],"about":[{"href":"https:\/\/legacy.dia.edu.az\/ru\/wp-json\/wp\/v2\/types\/post"}],"author":[{"embeddable":true,"href":"https:\/\/legacy.dia.edu.az\/ru\/wp-json\/wp\/v2\/users\/2"}],"replies":[{"embeddable":true,"href":"https:\/\/legacy.dia.edu.az\/ru\/wp-json\/wp\/v2\/comments?post=12775"}],"version-history":[{"count":0,"href":"https:\/\/legacy.dia.edu.az\/ru\/wp-json\/wp\/v2\/posts\/12775\/revisions"}],"wp:featuredmedia":[{"embeddable":true,"href":"https:\/\/legacy.dia.edu.az\/ru\/wp-json\/wp\/v2\/media\/12778"}],"wp:attachment":[{"href":"https:\/\/legacy.dia.edu.az\/ru\/wp-json\/wp\/v2\/media?parent=12775"}],"wp:term":[{"taxonomy":"category","embeddable":true,"href":"https:\/\/legacy.dia.edu.az\/ru\/wp-json\/wp\/v2\/categories?post=12775"},{"taxonomy":"post_tag","embeddable":true,"href":"https:\/\/legacy.dia.edu.az\/ru\/wp-json\/wp\/v2\/tags?post=12775"}],"curies":[{"name":"wp","href":"https:\/\/api.w.org\/{rel}","templated":true}]}}