{"id":12770,"date":"2016-02-19T10:11:00","date_gmt":"2016-02-19T07:11:00","guid":{"rendered":"https:\/\/dia.edu.az\/?p=12770"},"modified":"2021-03-17T10:12:39","modified_gmt":"2021-03-17T07:12:39","slug":"dovl%c9%99t-idar%c9%99cilik-akademiyasinda-xocaliya-%c9%99dal%c9%99t-beyn%c9%99lxalq-kampaniyasi-c%c9%99rciv%c9%99sind%c9%99-t%c9%99dbir-kecirilib","status":"publish","type":"post","link":"https:\/\/legacy.dia.edu.az\/ru\/arxivl\u0259r\/12770","title":{"rendered":"D\u00f6vl\u0259t \u0130dar\u0259\u00e7ilik Akademiyas\u0131nda \u201cXocal\u0131ya \u0259dal\u0259t\u201d beyn\u0259lxalq kampaniyas\u0131 \u00e7\u0259r\u00e7iv\u0259sind\u0259 t\u0259dbir ke\u00e7irilib"},"content":{"rendered":"<p><strong>D\u00f6vl\u0259t \u0130dar\u0259\u00e7ilik Akademiyas\u0131nda \u201cXocal\u0131ya \u0259dal\u0259t\u201d beyn\u0259lxalq kampaniyas\u0131 \u00e7\u0259r\u00e7iv\u0259sind\u0259 t\u0259dbir ke\u00e7irilib<\/strong><br><em>Fev 19 , 2016 &#8211; 11:41<\/em><\/p>\n\n\n\n<p>Heyd\u0259r \u018fliyev Fondunun vitse-prezidenti, \u0130slam \u018fm\u0259kda\u015fl\u0131q T\u0259\u015fkilat\u0131n\u0131n Dialoq v\u0259 \u018fm\u0259kda\u015fl\u0131q \u00fczr\u0259 G\u0259ncl\u0259r Forumunun ba\u015f \u0259laq\u0259l\u0259ndiricisi Leyla \u018fliyevan\u0131n t\u0259\u015f\u0259bb\u00fcs\u00fc il\u0259 2008-ci il may\u0131n 8-d\u0259n ba\u015flayan \u201cXocal\u0131ya \u0259dal\u0259t\u201d beyn\u0259lxalq kampaniyas\u0131 \u00e7\u0259r\u00e7iv\u0259sind\u0259 fevral\u0131n 18-d\u0259 D\u00f6vl\u0259t \u0130dar\u0259\u00e7ilik Akademiyas\u0131nda (D\u0130A) t\u0259l\u0259b\u0259 v\u0259 m\u00fc\u0259llim hey\u0259tinin i\u015ftirak\u0131 il\u0259 t\u0259dbir ke\u00e7irilib.<\/p>\n\n\n\n<p>\u201cXocal\u0131ya \u0259dal\u0259t\u201d Beyn\u0259lxalq Kampaniyas\u0131 \u0130ctimai Birliyi d\u00f6vl\u0259t qurumlar\u0131 v\u0259 ictimai t\u0259\u015fkilatlar t\u0259r\u0259find\u0259n apar\u0131lan t\u0259bli\u011fat-t\u0259\u015fviqat i\u015fl\u0259rinin s\u0259m\u0259r\u0259liliyinin art\u0131r\u0131lmas\u0131 v\u0259 bu f\u0259aliyy\u0259tin \u0259laq\u0259l\u0259ndirilm\u0259sinin g\u00fccl\u0259ndirilm\u0259si m\u0259qs\u0259dil\u0259 d\u00f6vl\u0259t qurumlar\u0131, g\u0259ncl\u0259r t\u0259\u015fkilatlar\u0131, ali t\u0259hsil m\u00fc\u0259ssis\u0259l\u0259rind\u0259 Xocal\u0131 soyq\u0131r\u0131m\u0131na h\u0259sr olunan t\u0259qdimatlar t\u0259\u015fkil edir.<\/p>\n\n\n\n<p>D\u0130A-da ke\u00e7iril\u0259n t\u0259dbir zaman\u0131 \u201cXocal\u0131ya \u0259dal\u0259t\u201d beyn\u0259lxalq kampaniyas\u0131 \u00e7\u0259r\u00e7iv\u0259sind\u0259 m\u00fcxt\u0259lif \u00f6lk\u0259l\u0259rd\u0259 h\u0259yata ke\u00e7iril\u0259n t\u0259dbirl\u0259r, Xocal\u0131 soyq\u0131r\u0131m\u0131n\u0131n d\u00fcnyada tan\u0131d\u0131lmas\u0131 istiqam\u0259tind\u0259 g\u00f6r\u00fcl\u0259n i\u015fl\u0259r bar\u0259d\u0259 m\u0259lumat verilib. Qeyd edilib ki, kampaniyan\u0131n f\u0259aliyy\u0259ti n\u0259tic\u0259sind\u0259 bir s\u0131ra d\u00f6vl\u0259tl\u0259rin parlamentl\u0259ri t\u0259r\u0259find\u0259n Xocal\u0131 hadis\u0259l\u0259rinin r\u0259smi \u015f\u0259kild\u0259 soyq\u0131r\u0131m\u0131 kimi tan\u0131nmas\u0131na v\u0259 Erm\u0259nistan\u0131n Az\u0259rbaycana qar\u015f\u0131 t\u0259cav\u00fcz\u00fcn\u00fcn pisl\u0259nm\u0259sin\u0259 nail olunub.<\/p>\n\n\n\n<p>D\u0130A-n\u0131n rektoru, akademik Urxan \u018fl\u0259kb\u0259rov bildirib ki, Xocal\u0131 soyq\u0131r\u0131m\u0131 bar\u0259d\u0259 d\u00fcnya ictimaiyy\u0259tinin m\u0259lumatland\u0131r\u0131lmas\u0131 i\u015find\u0259 d\u00f6vl\u0259t strukturlar\u0131 il\u0259 yana\u015f\u0131, ictimai birlikl\u0259r d\u0259 m\u00fch\u00fcm rol oynay\u0131r. O qeyd edib ki, Xocal\u0131 soyq\u0131r\u0131m\u0131n\u0131n d\u00fcnyada tan\u0131d\u0131lmas\u0131 istiqam\u0259tind\u0259 Heyd\u0259r \u018fliyev Fondunun f\u0259aliyy\u0259ti x\u00fcsusi yer tutur. Heyd\u0259r \u018fliyev Fondu Az\u0259rbaycan h\u0259qiq\u0259tl\u0259rinin d\u00fcnyaya \u00e7atd\u0131r\u0131lmas\u0131 \u00fczr\u0259 misilsiz xidm\u0259tl\u0259r g\u00f6st\u0259rir.<\/p>\n\n\n\n<p>Rektor deyib ki, bu kampaniya yaln\u0131z beyn\u0259lxalq ictimaiyy\u0259ti Xocal\u0131 faci\u0259si bar\u0259d\u0259 m\u0259lumatland\u0131rmaq deyil, h\u0259m d\u0259 d\u00fcnyada ox\u015far hadis\u0259l\u0259rin ba\u015f verm\u0259m\u0259sin\u0259 \u00e7a\u011f\u0131r\u0131\u015f m\u0259qs\u0259di da\u015f\u0131y\u0131r.<\/p>\n\n\n\n<p>T\u0259dbird\u0259 Heyd\u0259r \u018fliyev Fondunun d\u0259st\u0259yi il\u0259 Xocal\u0131 soyq\u0131r\u0131m\u0131na h\u0259sr olunan film n\u00fcmayi\u015f etdirilib.<\/p>\n\n\n\n<p>Xocal\u0131 soyq\u0131r\u0131m\u0131na beyn\u0259lxalq s\u0259viyy\u0259d\u0259 siyasi-h\u00fcquqi qiym\u0259t verilm\u0259si istiqam\u0259tind\u0259 apar\u0131lan i\u015fl\u0259r, haz\u0131rlanan m\u00fcxt\u0259lif t\u0259bli\u011fat v\u0259 maarifl\u0259ndirm\u0259 vasit\u0259l\u0259ri bar\u0259d\u0259 m\u0259lumat verilib. Bildirilib ki, yax\u0131n g\u00fcnl\u0259rd\u0259 \u201cXocal\u0131ya \u0259dal\u0259t\u201d beyn\u0259lxalq kampaniyas\u0131n\u0131n faci\u0259 bar\u0259d\u0259 m\u00fcf\u0259ss\u0259l m\u0259lumatlar\u0131n topland\u0131\u011f\u0131, resurs bazas\u0131 olan sayt\u0131 istifad\u0259y\u0259 veril\u0259c\u0259k. Sayt internet istifad\u0259\u00e7il\u0259rin\u0259, o c\u00fcml\u0259d\u0259n g\u0259ncl\u0259r\u0259 kampaniyan\u0131n gedi\u015fat\u0131nda i\u015ftirak etm\u0259k imkan\u0131 yaradan interaktiv platforma rolunu oynayacaq. H\u0259r k\u0259s \u201cXocal\u0131ya \u0259dal\u0259t\u201d beyn\u0259lxalq kampaniyas\u0131na k\u00f6n\u00fcll\u00fc kimi qo\u015fulmaqla yana\u015f\u0131, bu sayt vasit\u0259sil\u0259 h\u0259yata ke\u00e7iril\u0259c\u0259k m\u00fcxt\u0259lif aksiyalarda da f\u0259al i\u015ftirak ed\u0259 bil\u0259r.<\/p>\n\n\n\n<p><\/p>\n\n\n\n<figure class=\"wp-container-2 wp-block-gallery-1 wp-block-gallery columns-2 is-cropped\"><ul class=\"blocks-gallery-grid\"><li class=\"blocks-gallery-item\"><figure><img width=\"640\" height=\"424\" src=\"https:\/\/dia.edu.az\/wp-content\/uploads\/2021\/03\/AAA_3749.jpg\" alt=\"\" data-id=\"12771\" data-full-url=\"https:\/\/dia.edu.az\/wp-content\/uploads\/2021\/03\/AAA_3749.jpg\" data-link=\"https:\/\/dia.edu.az\/?attachment_id=12771\" class=\"wp-image-12771\" srcset=\"https:\/\/legacy.dia.edu.az\/wp-content\/uploads\/2021\/03\/AAA_3749.jpg 640w, https:\/\/legacy.dia.edu.az\/wp-content\/uploads\/2021\/03\/AAA_3749-300x199.jpg 300w, https:\/\/legacy.dia.edu.az\/wp-content\/uploads\/2021\/03\/AAA_3749-16x12.jpg 16w, https:\/\/legacy.dia.edu.az\/wp-content\/uploads\/2021\/03\/AAA_3749-150x100.jpg 150w, https:\/\/legacy.dia.edu.az\/wp-content\/uploads\/2021\/03\/AAA_3749-300x199@2x.jpg 600w\" sizes=\"(max-width: 640px) 100vw, 640px\" \/><\/figure><\/li><li class=\"blocks-gallery-item\"><figure><img width=\"640\" height=\"424\" src=\"https:\/\/dia.edu.az\/wp-content\/uploads\/2021\/03\/AAA_3759.jpg\" alt=\"\" data-id=\"12772\" data-full-url=\"https:\/\/dia.edu.az\/wp-content\/uploads\/2021\/03\/AAA_3759.jpg\" data-link=\"https:\/\/dia.edu.az\/?attachment_id=12772\" class=\"wp-image-12772\" srcset=\"https:\/\/legacy.dia.edu.az\/wp-content\/uploads\/2021\/03\/AAA_3759.jpg 640w, https:\/\/legacy.dia.edu.az\/wp-content\/uploads\/2021\/03\/AAA_3759-300x199.jpg 300w, https:\/\/legacy.dia.edu.az\/wp-content\/uploads\/2021\/03\/AAA_3759-16x12.jpg 16w, https:\/\/legacy.dia.edu.az\/wp-content\/uploads\/2021\/03\/AAA_3759-150x100.jpg 150w, https:\/\/legacy.dia.edu.az\/wp-content\/uploads\/2021\/03\/AAA_3759-300x199@2x.jpg 600w\" sizes=\"(max-width: 640px) 100vw, 640px\" \/><\/figure><\/li><li class=\"blocks-gallery-item\"><figure><img width=\"640\" height=\"473\" src=\"https:\/\/dia.edu.az\/wp-content\/uploads\/2021\/03\/xocali.jpg\" alt=\"\" data-id=\"12773\" data-full-url=\"https:\/\/dia.edu.az\/wp-content\/uploads\/2021\/03\/xocali.jpg\" data-link=\"https:\/\/dia.edu.az\/?attachment_id=12773\" class=\"wp-image-12773\" srcset=\"https:\/\/legacy.dia.edu.az\/wp-content\/uploads\/2021\/03\/xocali.jpg 640w, https:\/\/legacy.dia.edu.az\/wp-content\/uploads\/2021\/03\/xocali-300x222.jpg 300w, https:\/\/legacy.dia.edu.az\/wp-content\/uploads\/2021\/03\/xocali-16x12.jpg 16w, https:\/\/legacy.dia.edu.az\/wp-content\/uploads\/2021\/03\/xocali-300x222@2x.jpg 600w\" sizes=\"(max-width: 640px) 100vw, 640px\" \/><\/figure><\/li><\/ul><\/figure>","protected":false},"excerpt":{"rendered":"<p>D\u00f6vl\u0259t \u0130dar\u0259\u00e7ilik Akademiyas\u0131nda \u201cXocal\u0131ya \u0259dal\u0259t\u201d beyn\u0259lxalq kampaniyas\u0131 \u00e7\u0259r\u00e7iv\u0259sind\u0259 t\u0259dbir ke\u00e7irilibFev 19 , 2016 &#8211; 11:41 Heyd\u0259r \u018fliyev Fondunun vitse-prezidenti, \u0130slam \u018fm\u0259kda\u015fl\u0131q T\u0259\u015fkilat\u0131n\u0131n Dialoq v\u0259 \u018fm\u0259kda\u015fl\u0131q \u00fczr\u0259 G\u0259ncl\u0259r Forumunun ba\u015f \u0259laq\u0259l\u0259ndiricisi Leyla \u018fliyevan\u0131n t\u0259\u015f\u0259bb\u00fcs\u00fc il\u0259 2008-ci il may\u0131n 8-d\u0259n ba\u015flayan \u201cXocal\u0131ya \u0259dal\u0259t\u201d beyn\u0259lxalq kampaniyas\u0131 \u00e7\u0259r\u00e7iv\u0259sind\u0259 fevral\u0131n 18-d\u0259 D\u00f6vl\u0259t \u0130dar\u0259\u00e7ilik Akademiyas\u0131nda (D\u0130A) t\u0259l\u0259b\u0259 v\u0259 m\u00fc\u0259llim hey\u0259tinin i\u015ftirak\u0131 [&hellip;]<\/p>","protected":false},"author":2,"featured_media":12773,"comment_status":"closed","ping_status":"closed","sticky":false,"template":"","format":"standard","meta":[],"categories":[137],"tags":[],"_links":{"self":[{"href":"https:\/\/legacy.dia.edu.az\/ru\/wp-json\/wp\/v2\/posts\/12770"}],"collection":[{"href":"https:\/\/legacy.dia.edu.az\/ru\/wp-json\/wp\/v2\/posts"}],"about":[{"href":"https:\/\/legacy.dia.edu.az\/ru\/wp-json\/wp\/v2\/types\/post"}],"author":[{"embeddable":true,"href":"https:\/\/legacy.dia.edu.az\/ru\/wp-json\/wp\/v2\/users\/2"}],"replies":[{"embeddable":true,"href":"https:\/\/legacy.dia.edu.az\/ru\/wp-json\/wp\/v2\/comments?post=12770"}],"version-history":[{"count":0,"href":"https:\/\/legacy.dia.edu.az\/ru\/wp-json\/wp\/v2\/posts\/12770\/revisions"}],"wp:featuredmedia":[{"embeddable":true,"href":"https:\/\/legacy.dia.edu.az\/ru\/wp-json\/wp\/v2\/media\/12773"}],"wp:attachment":[{"href":"https:\/\/legacy.dia.edu.az\/ru\/wp-json\/wp\/v2\/media?parent=12770"}],"wp:term":[{"taxonomy":"category","embeddable":true,"href":"https:\/\/legacy.dia.edu.az\/ru\/wp-json\/wp\/v2\/categories?post=12770"},{"taxonomy":"post_tag","embeddable":true,"href":"https:\/\/legacy.dia.edu.az\/ru\/wp-json\/wp\/v2\/tags?post=12770"}],"curies":[{"name":"wp","href":"https:\/\/api.w.org\/{rel}","templated":true}]}}