{"id":12757,"date":"2016-02-27T10:06:00","date_gmt":"2016-02-27T07:06:00","guid":{"rendered":"https:\/\/dia.edu.az\/?p=12757"},"modified":"2021-03-17T10:07:12","modified_gmt":"2021-03-17T07:07:12","slug":"dovl%c9%99t-idar%c9%99cilik-akademiyasinda-innovativ-idar%c9%99etm%c9%99-m%c9%99kt%c9%99bi-layih%c9%99sinin-novb%c9%99ti-gorusu-kecirilib","status":"publish","type":"post","link":"https:\/\/legacy.dia.edu.az\/ru\/arxivl\u0259r\/12757","title":{"rendered":"D\u00f6vl\u0259t \u0130dar\u0259\u00e7ilik Akademiyas\u0131nda \u201c\u0130nnovativ idar\u0259etm\u0259 m\u0259kt\u0259bi\u201d layih\u0259sinin n\u00f6vb\u0259ti g\u00f6r\u00fc\u015f\u00fc ke\u00e7irilib"},"content":{"rendered":"<p><strong>D\u00f6vl\u0259t \u0130dar\u0259\u00e7ilik Akademiyas\u0131nda \u201c\u0130nnovativ idar\u0259etm\u0259 m\u0259kt\u0259bi\u201d layih\u0259sinin n\u00f6vb\u0259ti g\u00f6r\u00fc\u015f\u00fc ke\u00e7irilib<\/strong><br><em>Fev 27 , 2016 &#8211; 11:23<\/em><\/p>\n\n\n\n<p>Az\u0259rbaycan Respublikas\u0131n\u0131n Prezidenti yan\u0131nda D\u00f6vl\u0259t \u0130dar\u0259\u00e7ilik Akademiyas\u0131nda Az\u0259rbaycan Respublikas\u0131n\u0131n Prezidenti yan\u0131nda V\u0259t\u0259nda\u015flara Xidm\u0259t v\u0259 Sosial \u0130nnovasiyalar \u00fczr\u0259 D\u00f6vl\u0259t Agentliyi \u201cASAN School\u201d k\u00f6n\u00fcll\u00fcl\u00fck proqram\u0131 \u00e7\u0259r\u00e7iv\u0259sind\u0259 Az\u0259rbaycan Respublikas\u0131n\u0131n Prezidenti yan\u0131nda D\u00f6vl\u0259t \u0130dar\u0259\u00e7ilik Akademiyas\u0131 il\u0259 birg\u0259 h\u0259yata ke\u00e7irdiyi \u201c\u0130nnovativ idar\u0259etm\u0259 m\u0259kt\u0259bi\u201d layih\u0259sinin n\u00f6vb\u0259ti g\u00f6r\u00fc\u015f\u00fc ke\u00e7irilib.<\/p>\n\n\n\n<p>D\u00f6vl\u0259t \u0130dar\u0259\u00e7ilik Akademiyas\u0131nda ke\u00e7iril\u0259n g\u00f6r\u00fc\u015fd\u0259 Az\u0259rbaycan Respublikas\u0131n\u0131n t\u0259hsil naziri Mikay\u0131l Cabbarov \u00e7\u0131x\u0131\u015f edib. Qonaq h\u0259yat v\u0259 i\u015f t\u0259cr\u00fcb\u0259l\u0259rini b\u00f6l\u00fc\u015fm\u00fc\u015f, g\u0259ncl\u0259r\u0259 d\u0259y\u0259rli m\u0259sl\u0259h\u0259tl\u0259rini vermi\u015f, g\u0259ncl\u0259r\u0259 u\u011furlu karyera qurmaq, g\u0259l\u0259c\u0259kd\u0259 m\u00fcv\u0259ff\u0259qiyy\u0259tli t\u0259hsil\u0259 malik olmaq \u00fc\u00e7\u00fcn \u0259n \u00f6n\u0259mli t\u0259l\u0259bl\u0259rd\u0259n biri kreativ d\u00fc\u015f\u00fcnm\u0259k, bilik v\u0259 bacar\u0131\u011fa yiy\u0259l\u0259nm\u0259k oldu\u011funu qeyd etmi\u015fdir.<\/p>\n\n\n\n<p>Bu m\u00f6vzuda \u0259sasland\u0131r\u0131lm\u0131\u015f fikirl\u0259rini b\u00f6l\u00fc\u015f\u0259n qona\u011f\u0131n d\u00fc\u015f\u00fcnc\u0259l\u0259ri geni\u015f auditoriya t\u0259r\u0259find\u0259n maraqla dinl\u0259nilmi\u015fdir. \u00c7\u0131x\u0131\u015f zaman\u0131 T\u0259hsil Naziri g\u0259ncl\u0259rin u\u011fur qazanmas\u0131nda t\u0259hsilin v\u0259 m\u00fctail\u0259nin, eyni zamanda t\u0259cr\u00fcb\u0259nin rolundan dan\u0131\u015f\u0131b. O, h\u0259m\u00e7inin vur\u011fulay\u0131b ki, bu istiqam\u0259td\u0259 ASAN k\u00f6n\u00fcll\u0259rinin f\u0259aliyy\u0259ti onu sevindirir.<\/p>\n\n\n\n<p>T\u0259dbirin sonunda ASAN school k\u00f6n\u00fcll\u00fc proqram\u0131n\u0131n Master 2 pill\u0259si \u00e7\u0259r\u00e7iv\u0259sind\u0259 T\u0259hsil Nazirliyind\u0259 t\u0259cr\u00fcb\u0259 ke\u00e7mi\u015f ASAN k\u00f6n\u00fcll\u00fcl\u0259rin\u0259 sertifikatlar t\u0259qdim olunub.<\/p>\n\n\n\n<p><\/p>\n\n\n\n<figure class=\"wp-container-2 wp-block-gallery-1 wp-block-gallery columns-1 is-cropped\"><ul class=\"blocks-gallery-grid\"><li class=\"blocks-gallery-item\"><figure><img width=\"640\" height=\"434\" src=\"https:\/\/dia.edu.az\/wp-content\/uploads\/2021\/03\/Mika.jpg\" alt=\"\" data-id=\"12758\" data-full-url=\"https:\/\/dia.edu.az\/wp-content\/uploads\/2021\/03\/Mika.jpg\" data-link=\"https:\/\/dia.edu.az\/?attachment_id=12758\" class=\"wp-image-12758\" srcset=\"https:\/\/legacy.dia.edu.az\/wp-content\/uploads\/2021\/03\/Mika.jpg 640w, https:\/\/legacy.dia.edu.az\/wp-content\/uploads\/2021\/03\/Mika-300x203.jpg 300w, https:\/\/legacy.dia.edu.az\/wp-content\/uploads\/2021\/03\/Mika-16x12.jpg 16w, https:\/\/legacy.dia.edu.az\/wp-content\/uploads\/2021\/03\/Mika-300x203@2x.jpg 600w\" sizes=\"(max-width: 640px) 100vw, 640px\" \/><\/figure><\/li><\/ul><\/figure>","protected":false},"excerpt":{"rendered":"<p>D\u00f6vl\u0259t \u0130dar\u0259\u00e7ilik Akademiyas\u0131nda \u201c\u0130nnovativ idar\u0259etm\u0259 m\u0259kt\u0259bi\u201d layih\u0259sinin n\u00f6vb\u0259ti g\u00f6r\u00fc\u015f\u00fc ke\u00e7irilibFev 27 , 2016 &#8211; 11:23 Az\u0259rbaycan Respublikas\u0131n\u0131n Prezidenti yan\u0131nda D\u00f6vl\u0259t \u0130dar\u0259\u00e7ilik Akademiyas\u0131nda Az\u0259rbaycan Respublikas\u0131n\u0131n Prezidenti yan\u0131nda V\u0259t\u0259nda\u015flara Xidm\u0259t v\u0259 Sosial \u0130nnovasiyalar \u00fczr\u0259 D\u00f6vl\u0259t Agentliyi \u201cASAN School\u201d k\u00f6n\u00fcll\u00fcl\u00fck proqram\u0131 \u00e7\u0259r\u00e7iv\u0259sind\u0259 Az\u0259rbaycan Respublikas\u0131n\u0131n Prezidenti yan\u0131nda D\u00f6vl\u0259t \u0130dar\u0259\u00e7ilik Akademiyas\u0131 il\u0259 birg\u0259 h\u0259yata ke\u00e7irdiyi \u201c\u0130nnovativ idar\u0259etm\u0259 m\u0259kt\u0259bi\u201d layih\u0259sinin n\u00f6vb\u0259ti [&hellip;]<\/p>","protected":false},"author":2,"featured_media":12758,"comment_status":"closed","ping_status":"closed","sticky":false,"template":"","format":"standard","meta":[],"categories":[137],"tags":[],"_links":{"self":[{"href":"https:\/\/legacy.dia.edu.az\/ru\/wp-json\/wp\/v2\/posts\/12757"}],"collection":[{"href":"https:\/\/legacy.dia.edu.az\/ru\/wp-json\/wp\/v2\/posts"}],"about":[{"href":"https:\/\/legacy.dia.edu.az\/ru\/wp-json\/wp\/v2\/types\/post"}],"author":[{"embeddable":true,"href":"https:\/\/legacy.dia.edu.az\/ru\/wp-json\/wp\/v2\/users\/2"}],"replies":[{"embeddable":true,"href":"https:\/\/legacy.dia.edu.az\/ru\/wp-json\/wp\/v2\/comments?post=12757"}],"version-history":[{"count":0,"href":"https:\/\/legacy.dia.edu.az\/ru\/wp-json\/wp\/v2\/posts\/12757\/revisions"}],"wp:featuredmedia":[{"embeddable":true,"href":"https:\/\/legacy.dia.edu.az\/ru\/wp-json\/wp\/v2\/media\/12758"}],"wp:attachment":[{"href":"https:\/\/legacy.dia.edu.az\/ru\/wp-json\/wp\/v2\/media?parent=12757"}],"wp:term":[{"taxonomy":"category","embeddable":true,"href":"https:\/\/legacy.dia.edu.az\/ru\/wp-json\/wp\/v2\/categories?post=12757"},{"taxonomy":"post_tag","embeddable":true,"href":"https:\/\/legacy.dia.edu.az\/ru\/wp-json\/wp\/v2\/tags?post=12757"}],"curies":[{"name":"wp","href":"https:\/\/api.w.org\/{rel}","templated":true}]}}