{"id":12736,"date":"2016-03-29T09:58:00","date_gmt":"2016-03-29T06:58:00","guid":{"rendered":"https:\/\/dia.edu.az\/?p=12736"},"modified":"2021-03-17T09:59:58","modified_gmt":"2021-03-17T06:59:58","slug":"dovl%c9%99t-idar%c9%99cilik-akademiyasinda-31-mart-az%c9%99rbaycanlilarin-soyqirimi-gunu-qeyd-edilmisdir","status":"publish","type":"post","link":"https:\/\/legacy.dia.edu.az\/ru\/arxivl\u0259r\/12736","title":{"rendered":"D\u00f6vl\u0259t \u0130dar\u0259\u00e7ilik Akademiyas\u0131nda 31 mart Az\u0259rbaycanl\u0131lar\u0131n Soyq\u0131r\u0131m\u0131 g\u00fcn\u00fc qeyd edilmi\u015fdir"},"content":{"rendered":"<p><strong>D\u00f6vl\u0259t \u0130dar\u0259\u00e7ilik Akademiyas\u0131nda 31 mart Az\u0259rbaycanl\u0131lar\u0131n Soyq\u0131r\u0131m\u0131 g\u00fcn\u00fc qeyd edilmi\u015fdir<\/strong><br><em>Mart 29 , 2016 &#8211; 04:25<\/em><\/p>\n\n\n\n<p>29 mart 2016-c\u0131 il tarixd\u0259&nbsp; Az\u0259rbaycan Respublikas\u0131n\u0131n Prezidenti yan\u0131nda D\u00f6vl\u0259t \u0130dar\u0259\u00e7ilik Akademiyas\u0131, S\u0259bail rayon \u0130cra hakimiyy\u0259tinin birg\u0259 t\u0259\u015fkilat\u00e7\u0131l\u0131\u011f\u0131 il\u0259 31 mart Az\u0259rbaycanl\u0131lar\u0131n Soyq\u0131r\u0131m g\u00fcn\u00fc il\u0259 \u0259laq\u0259dar t\u0259dbir ke\u00e7irilmi\u015fdir.<\/p>\n\n\n\n<p>T\u0259dbird\u0259 giri\u015f s\u00f6z\u00fc il\u0259 \u00e7\u0131x\u0131\u015f ed\u0259n Az\u0259rbaycan Respublikas\u0131n\u0131n Prezidenti yan\u0131nda D\u00f6vl\u0259t \u0130dar\u0259\u00e7ilik Akademiyas\u0131n\u0131n rektoru, akademik&nbsp;<strong>Urxan&nbsp; \u018fl\u0259kb\u0259rov v\u0259&nbsp;&nbsp;<\/strong>Bak\u0131 \u015f\u0259h\u0259riS\u0259bail rayonu \u0130cra Hakimiyy\u0259ti Ba\u015f\u00e7\u0131s\u0131n\u0131n m\u00fcavini<strong>&nbsp;Eldar A\u011fayev<\/strong>&nbsp;erm\u0259ni mill\u0259t\u00e7il\u0259ri t\u0259r\u0259find\u0259n xalq\u0131m\u0131za qar\u015f\u0131 h\u0259yata ke\u00e7iril\u0259n etnik t\u0259mizl\u0259m\u0259, soyq\u0131r\u0131m\u0131 v\u0259 t\u0259cav\u00fczkarl\u0131q siyas\u0259tinin \u0259sil mahiyy\u0259tinin&nbsp; a\u00e7\u0131qland\u0131\u011f\u0131,&nbsp; bu hadis\u0259l\u0259r\u0259 siyasi-h\u00fcquqi qiym\u0259t verildiyini qeyd etmi\u015fl\u0259r. Natiql\u0259r erm\u0259nil\u0259rin az\u0259rbaycanl\u0131lara qar\u015f\u0131 zaman-zaman t\u00f6r\u0259tdikl\u0259ri soyq\u0131r\u0131m\u0131 il\u0259 \u0259laq\u0259dar&nbsp; \u00fcmummilli lider Heyd\u0259r \u018fliyevin 1998-ci il mart\u0131n 26-da imzalad\u0131\u011f\u0131 F\u0259rmanla 31 mart Az\u0259rbaycanl\u0131lar\u0131n Soyq\u0131r\u0131m\u0131 G\u00fcn\u00fcn\u00fcn elan edilm\u0259sini t\u0259dbir i\u015ftirak\u00e7\u0131lar\u0131n\u0131n diqq\u0259tin\u0259 \u00e7atd\u0131rm\u0131\u015f, son ill\u0259rd\u0259 erm\u0259ni t\u0259cav\u00fcz\u00fcn\u00fcn n\u0259tic\u0259l\u0259ri, Az\u0259rbaycan\u0131n \u0259z\u0259li torpaqlar\u0131nda Erm\u0259nistan d\u00f6vl\u0259tinin yarad\u0131lmas\u0131, xalq\u0131m\u0131z\u0131n milli m\u0259d\u0259niyy\u0259t n\u00fcmun\u0259l\u0259rinin, toponiml\u0259rimizin \u00f6z\u00fcn\u00fcnk\u00fcl\u0259\u015fdirilm\u0259si bar\u0259d\u0259 tarixi faktlara \u0259saslanan qiym\u0259tli \u0259s\u0259rl\u0259rin \u00e7ap olunmas\u0131n\u0131n \u0259h\u0259miyy\u0259tini qeyd etmi\u015fl\u0259r.<\/p>\n\n\n\n<p>Daha sonra \u00e7\u0131x\u0131\u015f ed\u0259n Az\u0259rbaycan Respublikas\u0131n\u0131n Prezidenti yan\u0131nda D\u00f6vl\u0259t \u0130dar\u0259\u00e7ilik Akademiyas\u0131n\u0131n \u201cTarix\u201d&nbsp; kafedras\u0131n\u0131n m\u00fcdiri, dosent&nbsp;&nbsp;<strong>Firdovsiyy\u0259 \u018fhm\u0259dova &#8211;&nbsp;<\/strong>Az\u0259rbaycanl\u0131lar\u0131n&nbsp; soyq\u0131r\u0131m\u0131 \u0259r\u0259f\u0259sind\u0259&nbsp; ictimai-siyasi v\u0259ziyy\u0259t,AMEA Z.B\u00fcnyadov ad\u0131na \u015e\u0259rq\u015f\u00fcnasl\u0131q \u0130nstitutunun ba\u015f elmi i\u015f\u00e7isi, tarix elml\u0259ri doktoru, professor&nbsp;<strong>Solmaz R\u00fcst\u0259mova-Tohidi &#8211;&nbsp;<\/strong>1918-ci ild\u0259 m\u00fcs\u0259lman q\u0131r\u011f\u0131nlar\u0131: mahiyy\u0259ti, miqyas\u0131 v\u0259 n\u0259tic\u0259l\u0259ri,AMEA A.A.Bak\u0131xanov ad\u0131na Tarix \u0130nstitutunun apar\u0131c\u0131 elmi i\u015f\u00e7isi, tarix \u00fczr\u0259 f\u0259ls\u0259f\u0259 doktoru<strong>&nbsp; \u0130lqar Nift\u0259liyev &#8211;&nbsp;<\/strong>Az\u0259rbaycanl\u0131 q\u0131r\u011f\u0131nlar\u0131 bol\u015fevikl\u0259rin xatir\u0259l\u0259rind\u0259 m\u00f6vzusunda\u00e7\u0131x\u0131\u015flar etmi\u015fl\u0259r.<\/p>\n\n\n\n<p>\u00c7\u0131x\u0131\u015flarda erm\u0259ni mill\u0259t\u00e7il\u0259rinin t\u0259cav\u00fczkar siyas\u0259ti n\u0259tic\u0259sind\u0259, t\u0259kc\u0259 XX \u0259srd\u0259 az\u0259rbaycanl\u0131lar\u0131n 4 d\u0259f\u0259 &#8211; 1905-1906-c\u0131, 1918-1920-ci, 1948-1953-c\u00fc v\u0259 n\u0259hay\u0259t, 1988-1993-c\u00fc ill\u0259rd\u0259 t\u00f6r\u0259dil\u0259n soyq\u0131r\u0131m\u0131 v\u0259 etnik t\u0259mizl\u0259m\u0259l\u0259r\u0259 m\u0259ruz qald\u0131\u011f\u0131n\u0131 vur\u011fulam\u0131\u015f, 1918-1920-ci ill\u0259rd\u0259 erm\u0259nil\u0259r t\u0259r\u0259find\u0259n t\u00f6r\u0259dilmi\u015f k\u00fctl\u0259vi q\u0131r\u011f\u0131nlar\u0131n Bak\u0131, Quba, \u015eamax\u0131, K\u00fcrd\u0259mir, L\u0259nk\u0259ranla yana\u015f\u0131, \u015eu\u015fada, \u0130r\u0259van quberniyas\u0131 \u0259razisind\u0259, Z\u0259ng\u0259zurda, Nax\u00e7\u0131vanda, \u015e\u0259rurda, Ordubadda, Qarsda v\u0259 ba\u015fqa b\u00f6lg\u0259l\u0259rd\u0259 davam etdirilm\u0259si n\u0259tic\u0259sind\u0259 y\u00fcz minl\u0259rl\u0259 az\u0259rbaycanl\u0131 \u0259n q\u0259ddar \u00fcsullarla q\u0259tl\u0259 yetirilmi\u015f, bir milyondan \u00e7ox \u0259hali \u00f6z do\u011fma torpaqlar\u0131ndan did\u0259rgin sal\u0131nd\u0131\u011f\u0131n\u0131 xat\u0131rlatm\u0131\u015flar.\u00a0<\/p>\n\n\n\n<p><\/p>\n\n\n\n<figure class=\"wp-container-2 wp-block-gallery-1 wp-block-gallery columns-2 is-cropped\"><ul class=\"blocks-gallery-grid\"><li class=\"blocks-gallery-item\"><figure><img width=\"640\" height=\"424\" src=\"https:\/\/dia.edu.az\/wp-content\/uploads\/2021\/03\/29.03.16-1.jpg\" alt=\"\" data-id=\"12737\" data-full-url=\"https:\/\/dia.edu.az\/wp-content\/uploads\/2021\/03\/29.03.16-1.jpg\" data-link=\"https:\/\/dia.edu.az\/?attachment_id=12737\" class=\"wp-image-12737\" srcset=\"https:\/\/legacy.dia.edu.az\/wp-content\/uploads\/2021\/03\/29.03.16-1.jpg 640w, https:\/\/legacy.dia.edu.az\/wp-content\/uploads\/2021\/03\/29.03.16-1-300x199.jpg 300w, https:\/\/legacy.dia.edu.az\/wp-content\/uploads\/2021\/03\/29.03.16-1-16x12.jpg 16w, https:\/\/legacy.dia.edu.az\/wp-content\/uploads\/2021\/03\/29.03.16-1-150x100.jpg 150w, https:\/\/legacy.dia.edu.az\/wp-content\/uploads\/2021\/03\/29.03.16-1-300x199@2x.jpg 600w\" sizes=\"(max-width: 640px) 100vw, 640px\" \/><\/figure><\/li><li class=\"blocks-gallery-item\"><figure><img width=\"640\" height=\"424\" src=\"https:\/\/dia.edu.az\/wp-content\/uploads\/2021\/03\/29.03-1.jpg\" alt=\"\" data-id=\"12738\" data-full-url=\"https:\/\/dia.edu.az\/wp-content\/uploads\/2021\/03\/29.03-1.jpg\" data-link=\"https:\/\/dia.edu.az\/?attachment_id=12738\" class=\"wp-image-12738\" srcset=\"https:\/\/legacy.dia.edu.az\/wp-content\/uploads\/2021\/03\/29.03-1.jpg 640w, https:\/\/legacy.dia.edu.az\/wp-content\/uploads\/2021\/03\/29.03-1-300x199.jpg 300w, https:\/\/legacy.dia.edu.az\/wp-content\/uploads\/2021\/03\/29.03-1-16x12.jpg 16w, https:\/\/legacy.dia.edu.az\/wp-content\/uploads\/2021\/03\/29.03-1-150x100.jpg 150w, https:\/\/legacy.dia.edu.az\/wp-content\/uploads\/2021\/03\/29.03-1-300x199@2x.jpg 600w\" sizes=\"(max-width: 640px) 100vw, 640px\" \/><\/figure><\/li><\/ul><\/figure>","protected":false},"excerpt":{"rendered":"<p>D\u00f6vl\u0259t \u0130dar\u0259\u00e7ilik Akademiyas\u0131nda 31 mart Az\u0259rbaycanl\u0131lar\u0131n Soyq\u0131r\u0131m\u0131 g\u00fcn\u00fc qeyd edilmi\u015fdirMart 29 , 2016 &#8211; 04:25 29 mart 2016-c\u0131 il tarixd\u0259&nbsp; Az\u0259rbaycan Respublikas\u0131n\u0131n Prezidenti yan\u0131nda D\u00f6vl\u0259t \u0130dar\u0259\u00e7ilik Akademiyas\u0131, S\u0259bail rayon \u0130cra hakimiyy\u0259tinin birg\u0259 t\u0259\u015fkilat\u00e7\u0131l\u0131\u011f\u0131 il\u0259 31 mart Az\u0259rbaycanl\u0131lar\u0131n Soyq\u0131r\u0131m g\u00fcn\u00fc il\u0259 \u0259laq\u0259dar t\u0259dbir ke\u00e7irilmi\u015fdir. T\u0259dbird\u0259 giri\u015f s\u00f6z\u00fc il\u0259 \u00e7\u0131x\u0131\u015f ed\u0259n Az\u0259rbaycan Respublikas\u0131n\u0131n Prezidenti yan\u0131nda D\u00f6vl\u0259t \u0130dar\u0259\u00e7ilik [&hellip;]<\/p>","protected":false},"author":2,"featured_media":12738,"comment_status":"closed","ping_status":"closed","sticky":false,"template":"","format":"standard","meta":[],"categories":[137],"tags":[],"_links":{"self":[{"href":"https:\/\/legacy.dia.edu.az\/ru\/wp-json\/wp\/v2\/posts\/12736"}],"collection":[{"href":"https:\/\/legacy.dia.edu.az\/ru\/wp-json\/wp\/v2\/posts"}],"about":[{"href":"https:\/\/legacy.dia.edu.az\/ru\/wp-json\/wp\/v2\/types\/post"}],"author":[{"embeddable":true,"href":"https:\/\/legacy.dia.edu.az\/ru\/wp-json\/wp\/v2\/users\/2"}],"replies":[{"embeddable":true,"href":"https:\/\/legacy.dia.edu.az\/ru\/wp-json\/wp\/v2\/comments?post=12736"}],"version-history":[{"count":0,"href":"https:\/\/legacy.dia.edu.az\/ru\/wp-json\/wp\/v2\/posts\/12736\/revisions"}],"wp:featuredmedia":[{"embeddable":true,"href":"https:\/\/legacy.dia.edu.az\/ru\/wp-json\/wp\/v2\/media\/12738"}],"wp:attachment":[{"href":"https:\/\/legacy.dia.edu.az\/ru\/wp-json\/wp\/v2\/media?parent=12736"}],"wp:term":[{"taxonomy":"category","embeddable":true,"href":"https:\/\/legacy.dia.edu.az\/ru\/wp-json\/wp\/v2\/categories?post=12736"},{"taxonomy":"post_tag","embeddable":true,"href":"https:\/\/legacy.dia.edu.az\/ru\/wp-json\/wp\/v2\/tags?post=12736"}],"curies":[{"name":"wp","href":"https:\/\/api.w.org\/{rel}","templated":true}]}}