{"id":12732,"date":"2016-03-30T09:53:00","date_gmt":"2016-03-30T06:53:00","guid":{"rendered":"https:\/\/dia.edu.az\/?p=12732"},"modified":"2021-03-17T09:56:16","modified_gmt":"2021-03-17T06:56:16","slug":"qlobal-iqtisadi-bohran-s%c9%99raitind%c9%99-az%c9%99rbaycanin-davamli-inkisafinin-t%c9%99min-edilm%c9%99si-movzusunda-respublika-elmi-praktik-konfrans-kecirilmisdir","status":"publish","type":"post","link":"https:\/\/legacy.dia.edu.az\/ru\/arxivl\u0259r\/12732","title":{"rendered":"\u201cQlobal iqtisadi b\u00f6hran \u015f\u0259raitind\u0259 Az\u0259rbaycan\u0131n davaml\u0131 inki\u015faf\u0131n\u0131n t\u0259min edilm\u0259si\u201d m\u00f6vzusunda Respublika Elmi-praktik konfrans ke\u00e7irilmi\u015fdir"},"content":{"rendered":"<p><strong>\u201cQlobal iqtisadi b\u00f6hran \u015f\u0259raitind\u0259 Az\u0259rbaycan\u0131n davaml\u0131 inki\u015faf\u0131n\u0131n t\u0259min edilm\u0259si\u201d m\u00f6vzusunda Respublika Elmi-praktik konfrans ke\u00e7irilmi\u015fdir<\/strong><br><em>Mart 30 , 2016 &#8211; 04:04<\/em><\/p>\n\n\n\n<p>D\u00f6vl\u0259t \u0130dar\u0259\u00e7ilik Akademiyas\u0131n\u0131n&nbsp;\u201c<a href=\"https:\/\/dia.edu.az\/az\/news\/az\/https:\/\/dia.edu.az\/az\/content\/113\">Davaml\u0131 inki\u015faf\u0131n planla\u015fd\u0131r\u0131lmas\u0131 v\u0259 idar\u0259 edilm\u0259si<\/a>\u201d&nbsp;kafedras\u0131n\u0131n t\u0259\u015fkilat\u00e7\u0131l\u0131\u011f\u0131 il\u0259 29 mart 2016-c\u0131 ild\u0259 \u201cQlobal iqtisadi b\u00f6hran \u015f\u0259raitind\u0259 Az\u0259rbaycan\u0131n davaml\u0131 inki\u015faf\u0131n\u0131n t\u0259min edilm\u0259si\u201d m\u00f6vzusunda Respublika Elmi-praktiki&nbsp; konfrans\u0131 ke\u00e7irilmi\u015fdir. Konfransda D\u00f6vl\u0259t \u0130dar\u0259\u00e7ilik Akademiyas\u0131n\u0131n \u0130nzibati \u0130dar\u0259etm\u0259 fak\u00fclt\u0259sinin,&nbsp;<a href=\"https:\/\/dia.edu.az\/az\/news\/az\/https:\/\/dia.edu.az\/az\/content\/101\">Elmi T\u0259\u015fkilat \u015f\u00f6b\u0259si<\/a>nin, H\u0259mkarlar \u0130ttifaq\u0131 Komit\u0259sinin, T\u0259l\u0259b\u0259-G\u0259ncl\u0259r T\u0259\u015fkilat\u0131n\u0131n, T\u0259l\u0259b\u0259 Elmi C\u0259miyy\u0259tinin, h\u0259m\u00e7inin Bak\u0131 D\u00f6vl\u0259t Universitetinin, Az\u0259rbaycan Respublikas\u0131 Sahibkarlar (\u0130\u015f\u0259g\u00f6t\u00fcr\u0259nl\u0259r) T\u0259\u015fkilatlar\u0131 Milli Konfederasiyas\u0131n\u0131n, Az\u0259rbaycan Elmi-T\u0259dqiqat K\u0259nd T\u0259s\u0259rr\u00fcfat\u0131n\u0131n \u0130qtisadiyyat\u0131 v\u0259 T\u0259\u015fkili \u0130nstitutunun, Az\u0259rbaycan&nbsp;Turizm \u0130nstitutunun v\u0259 dig\u0259r ali t\u0259hsil v\u0259 ET&nbsp; m\u0259rk\u0259zl\u0259rinin \u0259m\u0259kda\u015flar\u0131, doktorantlar, magistrantlar v\u0259 t\u0259l\u0259b\u0259l\u0259r i\u015ftirak etmi\u015fdir.<\/p>\n\n\n\n<p>Konfransda prof. \u00c7.\u0130smay\u0131lov giri\u015f s\u00f6z\u00fc il\u0259 \u00e7\u0131x\u0131\u015f ed\u0259r\u0259k bildirmi\u015fdir ki, Az\u0259rbaycan Respublikas\u0131 Konstitusiyas\u0131n\u0131n 109-cu madd\u0259sinin 32-ci b\u0259ndini r\u0259hb\u0259r tutaraq, h\u0259yata ke\u00e7irilmi\u015f iqtisadi siyas\u0259tin v\u0259 islahatlar\u0131n davaml\u0131l\u0131\u011f\u0131n\u0131 t\u0259min etm\u0259k \u00fc\u00e7\u00fcn iqtisadiyyat\u0131n m\u00f6vcud v\u0259ziyy\u0259tinin d\u0259rin t\u0259hlili v\u0259 yeni iqtisadi inki\u015faf strategiyas\u0131n\u0131n haz\u0131rlanmas\u0131 m\u0259qs\u0259di il\u0259 Az\u0259rbaycan Respublikas\u0131 Prezidentinin 16 mart 2016-c\u0131 il tarixli&nbsp; \u201cMilli iqtisadiyyat v\u0259 iqtisadiyyat\u0131n \u0259sas sektorlar\u0131 \u00fczr\u0259 strateji yol x\u0259rit\u0259sinin ba\u015fl\u0131ca istiqam\u0259tl\u0259ri\u201dnin t\u0259sdiqi v\u0259 bundan ir\u0259li g\u0259l\u0259n m\u0259s\u0259l\u0259l\u0259r haqq\u0131ndak\u0131 S\u0259r\u0259ncam\u0131n\u0131 r\u0259hb\u0259r tutaraq yeni iqtisadi \u015f\u0259raitd\u0259 Az\u0259rbaycan\u0131n davaml\u0131 inki\u015faf\u0131n\u0131n t\u0259min edilm\u0259si m\u0259s\u0259l\u0259l\u0259rinin elmi t\u0259hlili h\u0259rt\u0259r\u0259fli apar\u0131lmal\u0131d\u0131r.<\/p>\n\n\n\n<p>\u00d6z m\u0259ruz\u0259sini Az\u0259rbaycanda X\u00fcsusi \u0130qtisadi Zonalar\u0131n yarad\u0131lmas\u0131n\u0131n vacibliyi m\u0259s\u0259l\u0259sin\u0259 h\u0259rs ed\u0259r\u0259k prof. \u00c7.\u0130smay\u0131lov qeyd etmi\u015fdir ki, bu zonalar\u0131n yarad\u0131lmas\u0131 \u00f6lk\u0259nin iqtisadi inki\u015faf\u0131nda \u0259lav\u0259 t\u0259kanverici amill\u0259rd\u0259n biri olacaqd\u0131r. M\u00fcasir d\u00f6vrd\u0259 Az\u0259rbaycan\u0131n insan potensial\u0131n\u0131n daha s\u0259m\u0259r\u0259li istifad\u0259si t\u0259bii ki, birba\u015fa olaraq yeni i\u015f yerl\u0259rinin a\u00e7\u0131lmas\u0131 il\u0259 ba\u011fl\u0131d\u0131r. X\u00fcsusi \u0130qtisadi Zonalar potensial s\u0259rmay\u0259darlar \u00fc\u00e7\u00fcn cazib\u0259dar bir \u0259razi olaraq, burada yeni m\u00fc\u0259ssis\u0259l\u0259rin yarad\u0131lmas\u0131na g\u0259tirib \u00e7\u0131xaracaqd\u0131r. O, h\u0259m\u00e7inin, qeyd etdi ki, \u018fl\u0259td\u0259 yarad\u0131lan X\u00fcsusi \u0130qtisadi Zona il\u0259 yana\u015f\u0131 g\u0259l\u0259c\u0259kd\u0259 bel\u0259 iqtisadi zonalar\u0131n yarad\u0131lmas\u0131nda diqq\u0259t \u00f6lk\u0259nin ucqar s\u0259rh\u0259dyan\u0131 b\u00f6lg\u0259l\u0259rin\u0259 (S\u0259d\u0259r\u0259k-\u0130\u011fd\u0131r, Astara, Culfa, Az\u0259rbaycan-da\u011f\u0131stan s\u0259rh\u0259ddi, Q\u0131rm\u0131z\u0131 K\u00f6rp\u00fc v\u0259 s.) y\u00f6n\u0259lm\u0259lidir.<\/p>\n\n\n\n<p>Daha sonra konfrans\u0131n plenar b\u00f6lm\u0259sinin davam\u0131 olaraq prof. K.S\u0259limov (BDU) \u2013 \u201cAz\u0259rbaycan\u0131n davaml\u0131 inki\u015faf\u0131n\u0131n t\u0259min edilm\u0259sind\u0259 h\u00fcquqi m\u0259s\u0259l\u0259l\u0259rin h\u0259lli\u201d, F.r.e.f.d. F.H\u00fcmb\u0259tov (ASK) \u2013 \u201cC\u0259nub Qaz D\u0259hlizi layih\u0259sinin Az\u0259rbaycan v\u0259 Avropa Birliyi \u00f6lk\u0259l\u0259rinin davaml\u0131 inki\u015faf\u0131na t\u0259siri\u201d, i.e.f.d. E.Abasov (D\u0130A) \u2013 \u201cAz\u0259rbaycan Respublikas\u0131nda idar\u0259etm\u0259nin avtomatla\u015fd\u0131r\u0131lmas\u0131n\u0131n t\u0259tbiqi probleml\u0259ri\u201d, \u0130.e.f.d. E.\u018fhm\u0259dov (D\u0130A)\u2013\u201cAz\u0259rbaycanda su resurslar\u0131n\u0131n davaml\u0131 idar\u0259 edilm\u0259si\u201d, S.\u018fhm\u0259dov (AzETKT\u0130T\u0130)\u2013\u201cQlobal maliyy\u0259 b\u00f6hran\u0131 \u015f\u0259raitind\u0259 ki\u00e7ik v\u0259 orta sahibkarl\u0131\u011f\u0131n davaml\u0131 inki\u015faf\u0131n t\u0259min olunmas\u0131nda rolu\u201d m\u00f6vzular\u0131nda \u00e7\u0131x\u0131\u015f etmi\u015f, konfrans i\u015ftirak\u00e7\u0131lar\u0131 t\u0259r\u0259find\u0259n veril\u0259n suallar v\u0259 m\u0259ruz\u0259l\u0259rl\u0259 q\u0259bul olunan S\u0259r\u0259ncam\u0131n z\u0259ruriliyi v\u0259 \u00f6lk\u0259mizin davaml\u0131 inki\u015faf\u0131n\u0131n prioritetl\u0259rini \u0259ks etdir\u0259n m\u0259s\u0259l\u0259l\u0259r m\u00fczakir\u0259 olunmu\u015fdur. M\u00fczakir\u0259l\u0259rd\u0259 x\u00fcsusil\u0259 D\u0130A-n\u0131n Elmi T\u0259\u015fkilat \u015e\u00f6b\u0259sinin r\u0259hb\u0259ri dos. R.R\u0259himli,&nbsp;<a href=\"https:\/\/dia.edu.az\/az\/news\/az\/https:\/\/dia.edu.az\/az\/content\/208\">\u0130qtisadiyyat\u0131n D\u00f6vl\u0259t T\u0259nziml\u0259nm\u0259si<\/a>&nbsp;kafedras\u0131n\u0131n m\u00fcdiri dos. Y.Zeynalov v\u0259&nbsp;<a href=\"https:\/\/dia.edu.az\/az\/news\/az\/https:\/\/dia.edu.az\/az\/content\/113\">Davaml\u0131 inki\u015faf\u0131n planla\u015fd\u0131r\u0131lmas\u0131 v\u0259 idar\u0259 edilm\u0259si<\/a>&nbsp;kafedras\u0131n\u0131n dosenti O.\u018fliyev &nbsp;i\u015ftirak etmi\u015fl\u0259r.<\/p>\n\n\n\n<p>Konfrans \u00f6z i\u015fini b\u00f6lm\u0259 iclaslar\u0131nda davam etdimi\u015fdir.<\/p>\n\n\n\n<p><\/p>\n\n\n\n<figure class=\"wp-container-2 wp-block-gallery-1 wp-block-gallery columns-1 is-cropped\"><ul class=\"blocks-gallery-grid\"><li class=\"blocks-gallery-item\"><figure><img width=\"640\" height=\"480\" src=\"https:\/\/dia.edu.az\/wp-content\/uploads\/2021\/03\/aa-1.jpg\" alt=\"\" data-id=\"12733\" data-full-url=\"https:\/\/dia.edu.az\/wp-content\/uploads\/2021\/03\/aa-1.jpg\" data-link=\"https:\/\/dia.edu.az\/?attachment_id=12733\" class=\"wp-image-12733\" srcset=\"https:\/\/legacy.dia.edu.az\/wp-content\/uploads\/2021\/03\/aa-1.jpg 640w, https:\/\/legacy.dia.edu.az\/wp-content\/uploads\/2021\/03\/aa-1-300x225.jpg 300w, https:\/\/legacy.dia.edu.az\/wp-content\/uploads\/2021\/03\/aa-1-16x12.jpg 16w, https:\/\/legacy.dia.edu.az\/wp-content\/uploads\/2021\/03\/aa-1-300x225@2x.jpg 600w\" sizes=\"(max-width: 640px) 100vw, 640px\" \/><\/figure><\/li><\/ul><\/figure>","protected":false},"excerpt":{"rendered":"<p>\u201cQlobal iqtisadi b\u00f6hran \u015f\u0259raitind\u0259 Az\u0259rbaycan\u0131n davaml\u0131 inki\u015faf\u0131n\u0131n t\u0259min edilm\u0259si\u201d m\u00f6vzusunda Respublika Elmi-praktik konfrans ke\u00e7irilmi\u015fdirMart 30 , 2016 &#8211; 04:04 D\u00f6vl\u0259t \u0130dar\u0259\u00e7ilik Akademiyas\u0131n\u0131n&nbsp;\u201cDavaml\u0131 inki\u015faf\u0131n planla\u015fd\u0131r\u0131lmas\u0131 v\u0259 idar\u0259 edilm\u0259si\u201d&nbsp;kafedras\u0131n\u0131n t\u0259\u015fkilat\u00e7\u0131l\u0131\u011f\u0131 il\u0259 29 mart 2016-c\u0131 ild\u0259 \u201cQlobal iqtisadi b\u00f6hran \u015f\u0259raitind\u0259 Az\u0259rbaycan\u0131n davaml\u0131 inki\u015faf\u0131n\u0131n t\u0259min edilm\u0259si\u201d m\u00f6vzusunda Respublika Elmi-praktiki&nbsp; konfrans\u0131 ke\u00e7irilmi\u015fdir. Konfransda D\u00f6vl\u0259t \u0130dar\u0259\u00e7ilik Akademiyas\u0131n\u0131n \u0130nzibati \u0130dar\u0259etm\u0259 fak\u00fclt\u0259sinin,&nbsp;Elmi T\u0259\u015fkilat [&hellip;]<\/p>","protected":false},"author":2,"featured_media":12733,"comment_status":"closed","ping_status":"closed","sticky":false,"template":"","format":"standard","meta":[],"categories":[137],"tags":[],"_links":{"self":[{"href":"https:\/\/legacy.dia.edu.az\/ru\/wp-json\/wp\/v2\/posts\/12732"}],"collection":[{"href":"https:\/\/legacy.dia.edu.az\/ru\/wp-json\/wp\/v2\/posts"}],"about":[{"href":"https:\/\/legacy.dia.edu.az\/ru\/wp-json\/wp\/v2\/types\/post"}],"author":[{"embeddable":true,"href":"https:\/\/legacy.dia.edu.az\/ru\/wp-json\/wp\/v2\/users\/2"}],"replies":[{"embeddable":true,"href":"https:\/\/legacy.dia.edu.az\/ru\/wp-json\/wp\/v2\/comments?post=12732"}],"version-history":[{"count":0,"href":"https:\/\/legacy.dia.edu.az\/ru\/wp-json\/wp\/v2\/posts\/12732\/revisions"}],"wp:featuredmedia":[{"embeddable":true,"href":"https:\/\/legacy.dia.edu.az\/ru\/wp-json\/wp\/v2\/media\/12733"}],"wp:attachment":[{"href":"https:\/\/legacy.dia.edu.az\/ru\/wp-json\/wp\/v2\/media?parent=12732"}],"wp:term":[{"taxonomy":"category","embeddable":true,"href":"https:\/\/legacy.dia.edu.az\/ru\/wp-json\/wp\/v2\/categories?post=12732"},{"taxonomy":"post_tag","embeddable":true,"href":"https:\/\/legacy.dia.edu.az\/ru\/wp-json\/wp\/v2\/tags?post=12732"}],"curies":[{"name":"wp","href":"https:\/\/api.w.org\/{rel}","templated":true}]}}