{"id":12721,"date":"2021-03-16T18:46:56","date_gmt":"2021-03-16T15:46:56","guid":{"rendered":"https:\/\/dia.edu.az\/?p=12721"},"modified":"2021-03-16T18:47:11","modified_gmt":"2021-03-16T15:47:11","slug":"dovl%c9%99t-idar%c9%99cilik-akademiyasinin-professorunun-day-az-qarabagda-gorus%c9%99k-adli-kitabinin-t%c9%99qdimati-kecirilib","status":"publish","type":"post","link":"https:\/\/legacy.dia.edu.az\/ru\/arxivl\u0259r\/12721","title":{"rendered":"D\u00f6vl\u0259t \u0130dar\u0259\u00e7ilik Akademiyas\u0131n\u0131n professorunun &#8220;Day.az: Qaraba\u011fda g\u00f6r\u00fc\u015f\u0259k&#8221; adl\u0131 kitab\u0131n\u0131n t\u0259qdimat\u0131 ke\u00e7irilib"},"content":{"rendered":"<p><strong>D\u00f6vl\u0259t \u0130dar\u0259\u00e7ilik Akademiyas\u0131n\u0131n professorunun &#8220;Day.az: Qaraba\u011fda g\u00f6r\u00fc\u015f\u0259k&#8221; adl\u0131 kitab\u0131n\u0131n t\u0259qdimat\u0131 ke\u00e7irilib<\/strong><br><em>Mart 16 , 2021 &#8211; 12:16<\/em><\/p>\n\n\n\n<p>Az\u0259rbaycan Respublikas\u0131n\u0131n Prezidenti yan\u0131nda D\u00f6vl\u0259t \u0130dar\u0259\u00e7ilik Akademiyas\u0131n\u0131n \u201cBeyn\u0259lxalq m\u00fcnasib\u0259tl\u0259r v\u0259 xarici siyas\u0259t kafedras\u0131\u201dn\u0131n m\u00fcdiri h\u00fcquq elml\u0259r doktoru, professor Namiq \u018fliyevin \u201cDay.az: &#8220;Qaraba\u011fda g\u00f6r\u00fc\u015f\u0259k&#8221; adl\u0131 kitab\u0131n\u0131n t\u0259qdimat\u0131 ke\u00e7irilib. Kitab\u0131n\u0131n t\u0259qdimat m\u0259rasimind\u0259 G\u00fcrc\u00fcstan, Rusiya, Litva, Moldova, Avstriya, \u00d6zb\u0259kistandan olan m\u00fct\u0259x\u0259ssisl\u0259r i\u015ftirak edibl\u0259r.<\/p>\n\n\n\n<p>Kitab Namiq \u018fliyevin \u00e7oxsayl\u0131 m\u00fcsahib\u0259l\u0259ri, m\u0259qal\u0259l\u0259ri \u0259sas\u0131nda haz\u0131rlanm\u0131\u015fd\u0131r. Kitab Az\u0259rbaycan\u0131n \u0259dal\u0259tli m\u00f6vqeyini geni\u015f beyn\u0259lxalq auditoriyaya \u00e7atd\u0131r\u0131lmas\u0131nda \u0259h\u0259miyy\u0259tli m\u0259lumat m\u0259nb\u0259yidir.<\/p>\n\n\n\n<p><\/p>\n\n\n\n<p><a href=\"https:\/\/news.day.az\/politics\/1324899.html\">https:\/\/news.day.az\/politics\/1324899.html<\/a><\/p>\n\n\n\n<p><a href=\"https:\/\/news.day.az\/politics\/1324755.html\">https:\/\/news.day.az\/politics\/1324755.html<\/a><\/p>","protected":false},"excerpt":{"rendered":"<p>D\u00f6vl\u0259t \u0130dar\u0259\u00e7ilik Akademiyas\u0131n\u0131n professorunun &#8220;Day.az: Qaraba\u011fda g\u00f6r\u00fc\u015f\u0259k&#8221; adl\u0131 kitab\u0131n\u0131n t\u0259qdimat\u0131 ke\u00e7irilibMart 16 , 2021 &#8211; 12:16 Az\u0259rbaycan Respublikas\u0131n\u0131n Prezidenti yan\u0131nda D\u00f6vl\u0259t \u0130dar\u0259\u00e7ilik Akademiyas\u0131n\u0131n \u201cBeyn\u0259lxalq m\u00fcnasib\u0259tl\u0259r v\u0259 xarici siyas\u0259t kafedras\u0131\u201dn\u0131n m\u00fcdiri h\u00fcquq elml\u0259r doktoru, professor Namiq \u018fliyevin \u201cDay.az: &#8220;Qaraba\u011fda g\u00f6r\u00fc\u015f\u0259k&#8221; adl\u0131 kitab\u0131n\u0131n t\u0259qdimat\u0131 ke\u00e7irilib. Kitab\u0131n\u0131n t\u0259qdimat m\u0259rasimind\u0259 G\u00fcrc\u00fcstan, Rusiya, Litva, Moldova, Avstriya, \u00d6zb\u0259kistandan olan m\u00fct\u0259x\u0259ssisl\u0259r i\u015ftirak [&hellip;]<\/p>","protected":false},"author":2,"featured_media":12722,"comment_status":"closed","ping_status":"closed","sticky":false,"template":"","format":"standard","meta":[],"categories":[137],"tags":[],"_links":{"self":[{"href":"https:\/\/legacy.dia.edu.az\/ru\/wp-json\/wp\/v2\/posts\/12721"}],"collection":[{"href":"https:\/\/legacy.dia.edu.az\/ru\/wp-json\/wp\/v2\/posts"}],"about":[{"href":"https:\/\/legacy.dia.edu.az\/ru\/wp-json\/wp\/v2\/types\/post"}],"author":[{"embeddable":true,"href":"https:\/\/legacy.dia.edu.az\/ru\/wp-json\/wp\/v2\/users\/2"}],"replies":[{"embeddable":true,"href":"https:\/\/legacy.dia.edu.az\/ru\/wp-json\/wp\/v2\/comments?post=12721"}],"version-history":[{"count":0,"href":"https:\/\/legacy.dia.edu.az\/ru\/wp-json\/wp\/v2\/posts\/12721\/revisions"}],"wp:featuredmedia":[{"embeddable":true,"href":"https:\/\/legacy.dia.edu.az\/ru\/wp-json\/wp\/v2\/media\/12722"}],"wp:attachment":[{"href":"https:\/\/legacy.dia.edu.az\/ru\/wp-json\/wp\/v2\/media?parent=12721"}],"wp:term":[{"taxonomy":"category","embeddable":true,"href":"https:\/\/legacy.dia.edu.az\/ru\/wp-json\/wp\/v2\/categories?post=12721"},{"taxonomy":"post_tag","embeddable":true,"href":"https:\/\/legacy.dia.edu.az\/ru\/wp-json\/wp\/v2\/tags?post=12721"}],"curies":[{"name":"wp","href":"https:\/\/api.w.org\/{rel}","templated":true}]}}