{"id":12718,"date":"2021-03-16T18:44:46","date_gmt":"2021-03-16T15:44:46","guid":{"rendered":"https:\/\/dia.edu.az\/?p=12718"},"modified":"2021-03-16T18:44:48","modified_gmt":"2021-03-16T15:44:48","slug":"dovl%c9%99t-idar%c9%99cilik-akademiyasinda-g%c9%99ncl%c9%99r-siyas%c9%99ti-yeni-cagirislar-s%c9%99raitind%c9%99-movzusunda-t%c9%99lim-kecirilir","status":"publish","type":"post","link":"https:\/\/legacy.dia.edu.az\/ru\/arxivl\u0259r\/12718","title":{"rendered":"D\u00f6vl\u0259t \u0130dar\u0259\u00e7ilik Akademiyas\u0131nda \u201cG\u0259ncl\u0259r siyas\u0259ti yeni \u00e7a\u011f\u0131r\u0131\u015flar \u015f\u0259raitind\u0259\u201d m\u00f6vzusunda t\u0259lim ke\u00e7irilir"},"content":{"rendered":"<p><strong>D\u00f6vl\u0259t \u0130dar\u0259\u00e7ilik Akademiyas\u0131nda \u201cG\u0259ncl\u0259r siyas\u0259ti yeni \u00e7a\u011f\u0131r\u0131\u015flar \u015f\u0259raitind\u0259\u201d m\u00f6vzusunda t\u0259lim ke\u00e7irilir<\/strong><br><em>Mart 16 , 2021 &#8211; 06:17<\/em><\/p>\n\n\n\n<p>Az\u0259rbaycan Respublikas\u0131n\u0131n Prezidenti yan\u0131nda D\u00f6vl\u0259t \u0130dar\u0259\u00e7ilik Akademiyas\u0131 v\u0259 Az\u0259rbaycan Respublikas\u0131n\u0131n G\u0259ncl\u0259r v\u0259 \u0130dman nazirliyi il\u0259 birg\u0259 \u0259m\u0259kda\u015fl\u0131q \u0259sas\u0131nda 16-17 mart 2021-ci il tarixl\u0259rind\u0259 \u201cG\u0259ncl\u0259r siyas\u0259ti yeni \u00e7a\u011f\u0131r\u0131\u015flar \u015f\u0259raitind\u0259\u201d adl\u0131 onlayn t\u0259lim\u0259 ke\u00e7irilir.<\/p>\n\n\n\n<p>T\u0259limin m\u0259qs\u0259di Az\u0259rbaycan Respublikas\u0131n\u0131n Prezidenti c\u0259nab \u0130lham \u018fliyevin 2021-ci il 2 fevral tarixli \u00abAz\u0259rbaycan 2030: sosial-iqtisadi inki\u015fafa dair Milli Prioritetl\u0259r\u00bb haqda s\u0259r\u0259ncam\u0131ndan ir\u0259li g\u0259l\u0259n v\u0259zif\u0259l\u0259rin icrasini t\u0259min etm\u0259k, prosesd\u0259 g\u0259ncl\u0259rin daha f\u0259al i\u015ftirak\u0131na nail olmaqd\u0131r. T\u0259limd\u0259 Az\u0259rbaycan Respublikas\u0131n\u0131n G\u0259ncl\u0259r v\u0259 \u0130dman nazirliyinin \u0259m\u0259kda\u015flar\u0131n\u0131n i\u015ftirak\u0131 n\u0259z\u0259rd\u0259 tutulur.<\/p>\n\n\n\n<p>T\u0259limd\u0259 Az\u0259rbaycan Respublikas\u0131 Prezidenti Administrasiyas\u0131n\u0131n G\u0259ncl\u0259r siyas\u0259ti v\u0259 idman m\u0259s\u0259l\u0259l\u0259ri \u015f\u00f6b\u0259si, Az\u0259rbaycan Respublikas\u0131n\u0131n G\u0259ncl\u0259r v\u0259 \u0130dman nazirliyi, \u018fm\u0259k v\u0259 \u018fhalinin Sosial M\u00fcdafi\u0259si Nazirliyi yan\u0131nda D\u00f6vl\u0259t&nbsp; M\u0259\u015fqulluq Xidm\u0259ti, T\u0259hsil Nazirliyi, S\u0259hiyy\u0259 Nazirliyi \u0130ctimai S\u0259hiyy\u0259 v\u0259 \u0130slahatlar M\u0259rk\u0259zi v\u0259 dig\u0259r qurumlar\u0131n n\u00fcmay\u0259nd\u0259l\u0259ri \u00e7\u0131x\u0131\u015f ed\u0259c\u0259kl\u0259r.<\/p>","protected":false},"excerpt":{"rendered":"<p>D\u00f6vl\u0259t \u0130dar\u0259\u00e7ilik Akademiyas\u0131nda \u201cG\u0259ncl\u0259r siyas\u0259ti yeni \u00e7a\u011f\u0131r\u0131\u015flar \u015f\u0259raitind\u0259\u201d m\u00f6vzusunda t\u0259lim ke\u00e7irilirMart 16 , 2021 &#8211; 06:17 Az\u0259rbaycan Respublikas\u0131n\u0131n Prezidenti yan\u0131nda D\u00f6vl\u0259t \u0130dar\u0259\u00e7ilik Akademiyas\u0131 v\u0259 Az\u0259rbaycan Respublikas\u0131n\u0131n G\u0259ncl\u0259r v\u0259 \u0130dman nazirliyi il\u0259 birg\u0259 \u0259m\u0259kda\u015fl\u0131q \u0259sas\u0131nda 16-17 mart 2021-ci il tarixl\u0259rind\u0259 \u201cG\u0259ncl\u0259r siyas\u0259ti yeni \u00e7a\u011f\u0131r\u0131\u015flar \u015f\u0259raitind\u0259\u201d adl\u0131 onlayn t\u0259lim\u0259 ke\u00e7irilir. T\u0259limin m\u0259qs\u0259di Az\u0259rbaycan Respublikas\u0131n\u0131n Prezidenti c\u0259nab \u0130lham [&hellip;]<\/p>","protected":false},"author":2,"featured_media":12719,"comment_status":"closed","ping_status":"closed","sticky":false,"template":"","format":"standard","meta":[],"categories":[137],"tags":[],"_links":{"self":[{"href":"https:\/\/legacy.dia.edu.az\/ru\/wp-json\/wp\/v2\/posts\/12718"}],"collection":[{"href":"https:\/\/legacy.dia.edu.az\/ru\/wp-json\/wp\/v2\/posts"}],"about":[{"href":"https:\/\/legacy.dia.edu.az\/ru\/wp-json\/wp\/v2\/types\/post"}],"author":[{"embeddable":true,"href":"https:\/\/legacy.dia.edu.az\/ru\/wp-json\/wp\/v2\/users\/2"}],"replies":[{"embeddable":true,"href":"https:\/\/legacy.dia.edu.az\/ru\/wp-json\/wp\/v2\/comments?post=12718"}],"version-history":[{"count":0,"href":"https:\/\/legacy.dia.edu.az\/ru\/wp-json\/wp\/v2\/posts\/12718\/revisions"}],"wp:featuredmedia":[{"embeddable":true,"href":"https:\/\/legacy.dia.edu.az\/ru\/wp-json\/wp\/v2\/media\/12719"}],"wp:attachment":[{"href":"https:\/\/legacy.dia.edu.az\/ru\/wp-json\/wp\/v2\/media?parent=12718"}],"wp:term":[{"taxonomy":"category","embeddable":true,"href":"https:\/\/legacy.dia.edu.az\/ru\/wp-json\/wp\/v2\/categories?post=12718"},{"taxonomy":"post_tag","embeddable":true,"href":"https:\/\/legacy.dia.edu.az\/ru\/wp-json\/wp\/v2\/tags?post=12718"}],"curies":[{"name":"wp","href":"https:\/\/api.w.org\/{rel}","templated":true}]}}