{"id":12706,"date":"2016-05-16T18:32:00","date_gmt":"2016-05-16T15:32:00","guid":{"rendered":"https:\/\/dia.edu.az\/?p=12706"},"modified":"2021-03-16T18:36:48","modified_gmt":"2021-03-16T15:36:48","slug":"dovl%c9%99t-idar%c9%99cilik-akaemiyasinin-t%c9%99l%c9%99b%c9%99l%c9%99ri-heyd%c9%99r-%c9%99liyev-zirv%c9%99sin%c9%99-yurusd%c9%99-istirak-edibl%c9%99r","status":"publish","type":"post","link":"https:\/\/legacy.dia.edu.az\/ru\/arxivl\u0259r\/12706","title":{"rendered":"D\u00f6vl\u0259t \u0130dar\u0259\u00e7ilik Akaemiyas\u0131n\u0131n t\u0259l\u0259b\u0259l\u0259ri Heyd\u0259r \u018fliyev zirv\u0259sin\u0259 y\u00fcr\u00fc\u015fd\u0259 i\u015ftirak edibl\u0259r"},"content":{"rendered":"<p><strong>D\u00f6vl\u0259t \u0130dar\u0259\u00e7ilik Akaemiyas\u0131n\u0131n t\u0259l\u0259b\u0259l\u0259ri Heyd\u0259r \u018fliyev zirv\u0259sin\u0259 y\u00fcr\u00fc\u015fd\u0259 i\u015ftirak edibl\u0259r<\/strong><br><em>May 16 , 2016 &#8211; 11:05<\/em><\/p>\n\n\n\n<p>\u00dcmummilli lider Heyd\u0259r \u018fliyevin anadan olmas\u0131n\u0131n 93-c\u00fc ild\u00f6n\u00fcm\u00fc m\u00fcnasib\u0259ti il\u0259 g\u0259ncl\u0259r Heyd\u0259r \u018fliyev zirv\u0259sin\u0259 y\u00fcr\u00fc\u015fd\u0259 i\u015ftirak edibl\u0259r.<\/p>\n\n\n\n<p>\u00dcmummilli lider\u0259 g\u0259ncl\u0259rin b\u00f6y\u00fck ehtiram\u0131n\u0131n \u0259lam\u0259ti olaraq Heyd\u0259r \u018fliyev zirv\u0259sind\u0259 Az\u0259rbaycan Respublikas\u0131n\u0131n bayra\u011f\u0131 il\u0259 yana\u015f\u0131 Az\u0259rbaycan Respublikas\u0131n\u0131n Prezidenti yan\u0131nda D\u00f6vl\u0259t \u0130dar\u0259\u00e7ilik Akaemiyas\u0131n\u0131nda bayra\u011f\u0131 dal\u011faland\u0131r\u0131l\u0131b.<\/p>\n\n\n\n<p><\/p>\n\n\n\n<figure class=\"wp-container-2 wp-block-gallery-1 wp-block-gallery columns-2 is-cropped\"><ul class=\"blocks-gallery-grid\"><li class=\"blocks-gallery-item\"><figure><img width=\"640\" height=\"425\" src=\"https:\/\/dia.edu.az\/wp-content\/uploads\/2021\/03\/qar.jpg\" alt=\"\" data-id=\"12707\" data-full-url=\"https:\/\/dia.edu.az\/wp-content\/uploads\/2021\/03\/qar.jpg\" data-link=\"https:\/\/dia.edu.az\/?attachment_id=12707\" class=\"wp-image-12707\" srcset=\"https:\/\/legacy.dia.edu.az\/wp-content\/uploads\/2021\/03\/qar.jpg 640w, https:\/\/legacy.dia.edu.az\/wp-content\/uploads\/2021\/03\/qar-300x199.jpg 300w, https:\/\/legacy.dia.edu.az\/wp-content\/uploads\/2021\/03\/qar-16x12.jpg 16w, https:\/\/legacy.dia.edu.az\/wp-content\/uploads\/2021\/03\/qar-150x100.jpg 150w, https:\/\/legacy.dia.edu.az\/wp-content\/uploads\/2021\/03\/qar-300x199@2x.jpg 600w\" sizes=\"(max-width: 640px) 100vw, 640px\" \/><\/figure><\/li><li class=\"blocks-gallery-item\"><figure><img width=\"640\" height=\"425\" src=\"https:\/\/dia.edu.az\/wp-content\/uploads\/2021\/03\/qar1.jpg\" alt=\"\" data-id=\"12708\" data-full-url=\"https:\/\/dia.edu.az\/wp-content\/uploads\/2021\/03\/qar1.jpg\" data-link=\"https:\/\/dia.edu.az\/?attachment_id=12708\" class=\"wp-image-12708\" srcset=\"https:\/\/legacy.dia.edu.az\/wp-content\/uploads\/2021\/03\/qar1.jpg 640w, https:\/\/legacy.dia.edu.az\/wp-content\/uploads\/2021\/03\/qar1-300x199.jpg 300w, https:\/\/legacy.dia.edu.az\/wp-content\/uploads\/2021\/03\/qar1-16x12.jpg 16w, https:\/\/legacy.dia.edu.az\/wp-content\/uploads\/2021\/03\/qar1-150x100.jpg 150w, https:\/\/legacy.dia.edu.az\/wp-content\/uploads\/2021\/03\/qar1-300x199@2x.jpg 600w\" sizes=\"(max-width: 640px) 100vw, 640px\" \/><\/figure><\/li><\/ul><\/figure>","protected":false},"excerpt":{"rendered":"<p>D\u00f6vl\u0259t \u0130dar\u0259\u00e7ilik Akaemiyas\u0131n\u0131n t\u0259l\u0259b\u0259l\u0259ri Heyd\u0259r \u018fliyev zirv\u0259sin\u0259 y\u00fcr\u00fc\u015fd\u0259 i\u015ftirak edibl\u0259rMay 16 , 2016 &#8211; 11:05 \u00dcmummilli lider Heyd\u0259r \u018fliyevin anadan olmas\u0131n\u0131n 93-c\u00fc ild\u00f6n\u00fcm\u00fc m\u00fcnasib\u0259ti il\u0259 g\u0259ncl\u0259r Heyd\u0259r \u018fliyev zirv\u0259sin\u0259 y\u00fcr\u00fc\u015fd\u0259 i\u015ftirak edibl\u0259r. \u00dcmummilli lider\u0259 g\u0259ncl\u0259rin b\u00f6y\u00fck ehtiram\u0131n\u0131n \u0259lam\u0259ti olaraq Heyd\u0259r \u018fliyev zirv\u0259sind\u0259 Az\u0259rbaycan Respublikas\u0131n\u0131n bayra\u011f\u0131 il\u0259 yana\u015f\u0131 Az\u0259rbaycan Respublikas\u0131n\u0131n Prezidenti yan\u0131nda D\u00f6vl\u0259t \u0130dar\u0259\u00e7ilik Akaemiyas\u0131n\u0131nda bayra\u011f\u0131 [&hellip;]<\/p>","protected":false},"author":2,"featured_media":12708,"comment_status":"closed","ping_status":"closed","sticky":false,"template":"","format":"standard","meta":[],"categories":[137],"tags":[],"_links":{"self":[{"href":"https:\/\/legacy.dia.edu.az\/ru\/wp-json\/wp\/v2\/posts\/12706"}],"collection":[{"href":"https:\/\/legacy.dia.edu.az\/ru\/wp-json\/wp\/v2\/posts"}],"about":[{"href":"https:\/\/legacy.dia.edu.az\/ru\/wp-json\/wp\/v2\/types\/post"}],"author":[{"embeddable":true,"href":"https:\/\/legacy.dia.edu.az\/ru\/wp-json\/wp\/v2\/users\/2"}],"replies":[{"embeddable":true,"href":"https:\/\/legacy.dia.edu.az\/ru\/wp-json\/wp\/v2\/comments?post=12706"}],"version-history":[{"count":0,"href":"https:\/\/legacy.dia.edu.az\/ru\/wp-json\/wp\/v2\/posts\/12706\/revisions"}],"wp:featuredmedia":[{"embeddable":true,"href":"https:\/\/legacy.dia.edu.az\/ru\/wp-json\/wp\/v2\/media\/12708"}],"wp:attachment":[{"href":"https:\/\/legacy.dia.edu.az\/ru\/wp-json\/wp\/v2\/media?parent=12706"}],"wp:term":[{"taxonomy":"category","embeddable":true,"href":"https:\/\/legacy.dia.edu.az\/ru\/wp-json\/wp\/v2\/categories?post=12706"},{"taxonomy":"post_tag","embeddable":true,"href":"https:\/\/legacy.dia.edu.az\/ru\/wp-json\/wp\/v2\/tags?post=12706"}],"curies":[{"name":"wp","href":"https:\/\/api.w.org\/{rel}","templated":true}]}}