{"id":12702,"date":"2016-05-18T18:30:00","date_gmt":"2016-05-18T15:30:00","guid":{"rendered":"https:\/\/dia.edu.az\/?p=12702"},"modified":"2021-03-16T18:32:06","modified_gmt":"2021-03-16T15:32:06","slug":"dini-radikalizml%c9%99-mubariz%c9%99d%c9%99n-b%c9%99hs-ed%c9%99n-fitn%c9%99-filminin-t%c9%99qdimati-olub","status":"publish","type":"post","link":"https:\/\/legacy.dia.edu.az\/ru\/arxivl\u0259r\/12702","title":{"rendered":"Dini radikalizml\u0259 m\u00fcbariz\u0259d\u0259n b\u0259hs ed\u0259n \u201cFitn\u0259\u201d filminin t\u0259qdimat\u0131 olub"},"content":{"rendered":"<p><strong>Dini radikalizml\u0259 m\u00fcbariz\u0259d\u0259n b\u0259hs ed\u0259n \u201cFitn\u0259\u201d filminin t\u0259qdimat\u0131 olub<\/strong><br><em>May 18 , 2016 &#8211; 08:33<\/em><\/p>\n\n\n\n<p>May\u0131n 18-d\u0259 Az\u0259rbaycan Respublikas\u0131n\u0131n Prezidenti yan\u0131nda D\u00f6vl\u0259t \u0130dar\u0259\u00e7ilik Akademiyas\u0131nda Dini Qurumlarla \u0130\u015f \u00fczr\u0259 D\u00f6vl\u0259t Komit\u0259sinin sifari\u015fi il\u0259 haz\u0131rlanan \u201cFitn\u0259\u201d s\u0259n\u0259dli filminin t\u0259qdimat\u0131 olub.<\/p>\n\n\n\n<p>Filmd\u0259 dini radikalizml\u0259 m\u00fcbariz\u0259nin dini, psixoloji, h\u00fcquqi, siyasi v\u0259 m\u0259n\u0259vi t\u0259r\u0259fl\u0259ri i\u015f\u0131qland\u0131r\u0131l\u0131r.<\/p>\n\n\n\n<p>D\u00f6vl\u0259t \u0130dar\u0259\u00e7ilik Akademiyas\u0131n\u0131n rektoru, akademik Urxan \u018fl\u0259kb\u0259rov g\u0259ncl\u0259rin maarifl\u0259ndirilm\u0259si, onlar\u0131n milli m\u0259n\u0259vi d\u0259y\u0259rl\u0259rimiz\u0259 ba\u011fl\u0131l\u0131\u011f\u0131n\u0131n qorunmas\u0131, milli yadda\u015f\u0131n m\u00f6hk\u0259ml\u0259nm\u0259si, \u00f6lk\u0259mizd\u0259 m\u00f6vcud tolerant m\u00fchitin t\u0259bli\u011fi bax\u0131m\u0131ndan bu filmin b\u00f6y\u00fck \u0259h\u0259miyy\u0259t da\u015f\u0131d\u0131\u011f\u0131n\u0131 deyib. Rektor milli m\u0259n\u0259vi d\u0259y\u0259rl\u0259rin qorunub saxlanmas\u0131, g\u0259nc n\u0259sl\u0259 a\u015f\u0131lanmas\u0131, g\u0259ncl\u0259rin radikal dini c\u0259r\u0259yanlar\u0131n t\u0259siri alt\u0131na d\u00fc\u015fm\u0259m\u0259si v\u0259 bu istiqam\u0259td\u0259 m\u0259lumatland\u0131r\u0131lmas\u0131n\u0131n t\u0259min edilm\u0259si \u00fc\u00e7\u00fcn maarifl\u0259ndirici t\u0259dbirl\u0259rin daha \u00e7ox ke\u00e7irilm\u0259sinin \u00f6n\u0259mini vur\u011fulay\u0131b.<\/p>\n\n\n\n<p>Dini Qurumlarla \u0130\u015f \u00fczr\u0259 D\u00f6vl\u0259t Komit\u0259sinin s\u0259dri M\u00fcbariz Qurbanl\u0131 bildirib ki, d\u00fcnyada \u0130slam dinind\u0259n v\u0259 dig\u0259r dinl\u0259rd\u0259n ba\u015fqa m\u0259qs\u0259dl\u0259r \u00fc\u00e7\u00fcn istifad\u0259 etm\u0259y\u0259 \u00e7al\u0131\u015fan q\u00fcvv\u0259l\u0259r var. Radikal qruplardan geosiyasi maraqlar \u00fc\u00e7\u00fcn istifad\u0259 edilir. Ona g\u00f6r\u0259 d\u0259 dini radikalizm\u0259 qar\u015f\u0131 m\u00fcbariz\u0259ni g\u00fccl\u0259ndirm\u0259liyik.<\/p>\n\n\n\n<p>Komit\u0259 s\u0259dri qeyd edib ki, 2016-c\u0131 ilin Az\u0259rbaycan Prezidenti t\u0259r\u0259find\u0259n \u201cMultikulturalizm ili\u201d elan edilm\u0259si t\u0259sad\u00fcfi deyil. Biz islam d\u00fcnyas\u0131n\u0131n bir par\u00e7as\u0131y\u0131q v\u0259 islam \u00f6lk\u0259l\u0259rind\u0259 ba\u015f ver\u0259n prosesl\u0259r ist\u0259r-ist\u0259m\u0259z bu v\u0259 ya dig\u0259r d\u0259r\u0259c\u0259d\u0259 biz\u0259 d\u0259 t\u0259sir edir. G\u0259ncl\u0259ri dini radikal qruplar\u0131n t\u0259sirind\u0259n qorumaq \u00fc\u00e7\u00fcn t\u0259bli\u011fat vasit\u0259l\u0259rind\u0259n biri d\u0259 filml\u0259rdir. Biz bel\u0259 filml\u0259rin say\u0131n\u0131 art\u0131rma\u011fa \u00e7al\u0131\u015faca\u011f\u0131q.<\/p>\n\n\n\n<p>Qeyd edilib ki, Dini Qurumlarla \u0130\u015f \u00fczr\u0259 D\u00f6vl\u0259t Komit\u0259si dini radikalizm\u0259 qar\u015f\u0131 t\u0259dbirl\u0259ri k\u0259miyy\u0259t v\u0259 keyfiyy\u0259t bax\u0131m\u0131ndan yeni m\u0259rh\u0259l\u0259d\u0259, ard\u0131c\u0131l v\u0259 intensiv \u015f\u0259kild\u0259 h\u0259yata ke\u00e7irir. Dini radikalizml\u0259 m\u00fcbariz\u0259 \u00e7\u0259r\u00e7iv\u0259sind\u0259 respublikan\u0131n b\u00fct\u00fcn b\u00f6lg\u0259l\u0259rind\u0259 regional konfranslar t\u0259\u015fkil olunur, \u00e7oxsayl\u0131 seminarlar, g\u00f6r\u00fc\u015fl\u0259r ke\u00e7irilir, h\u0259m\u00e7inin m\u00fcxt\u0259lif kitab v\u0259 dig\u0259r \u00e7ap materiallar\u0131 n\u0259\u015fr edil\u0259r\u0259k yay\u0131l\u0131r. Lakin apar\u0131lm\u0131\u015f t\u0259hlill\u0259rin n\u0259tic\u0259si t\u0259sdiql\u0259yir ki, dini radikalizmin f\u0259sadlar\u0131n\u0131 c\u0259miyy\u0259tin b\u00fct\u00fcn t\u0259b\u0259q\u0259l\u0259rin\u0259 \u00e7atd\u0131rmaq v\u0259 insanlar\u0131 m\u0259lumatland\u0131rmaqla onlar\u0131 bu m\u00fcbariz\u0259y\u0259 c\u0259lb etm\u0259k \u00fc\u00e7\u00fcn pe\u015f\u0259kar s\u0259viyy\u0259d\u0259 s\u0259n\u0259dli filmin \u00e7\u0259kilm\u0259sin\u0259 ciddi ehtiyac var.<\/p>\n\n\n\n<p>Film vasit\u0259sil\u0259 dini radikalizmin qurban\u0131 olmu\u015f insanlar\u0131n, el\u0259c\u0259 d\u0259 cinay\u0259t m\u0259suliyy\u0259tin\u0259 c\u0259lb edilmi\u015f \u015f\u0259xsl\u0259rin timsal\u0131nda bu problemin c\u0259miyy\u0259t v\u0259 d\u00f6vl\u0259timiz \u00fc\u00e7\u00fcn n\u0259 q\u0259d\u0259r t\u0259hl\u00fck\u0259li oldu\u011fu dol\u011fun \u015f\u0259kild\u0259 a\u00e7\u0131qlan\u0131r. Eyni zamanda, Az\u0259rbaycanda dinl\u0259r, m\u0259zh\u0259bl\u0259r aras\u0131nda tarix\u0259n m\u00f6vcud olmu\u015f birlik v\u0259 b\u0259rab\u0259rlik, xalq\u0131m\u0131z\u0131n tolerantl\u0131q keyfiyy\u0259tl\u0259ri, d\u00f6vl\u0259tin bu sah\u0259d\u0259 h\u0259yata ke\u00e7irdiyi siyas\u0259tin mahiyy\u0259ti q\u0131sa, lakin ayd\u0131n \u015f\u0259kild\u0259 i\u015f\u0131qland\u0131r\u0131l\u0131r.<\/p>\n\n\n\n<p>Daha sonra \u201cFitn\u0259\u201d s\u0259n\u0259dli filmin\u0259 bax\u0131\u015f olub.<\/p>\n\n\n\n<p><\/p>\n\n\n\n<figure class=\"wp-container-2 wp-block-gallery-1 wp-block-gallery columns-2 is-cropped\"><ul class=\"blocks-gallery-grid\"><li class=\"blocks-gallery-item\"><figure><img width=\"640\" height=\"440\" src=\"https:\/\/dia.edu.az\/wp-content\/uploads\/2021\/03\/123-1.jpg\" alt=\"\" data-id=\"12703\" data-full-url=\"https:\/\/dia.edu.az\/wp-content\/uploads\/2021\/03\/123-1.jpg\" data-link=\"https:\/\/dia.edu.az\/?attachment_id=12703\" class=\"wp-image-12703\" srcset=\"https:\/\/legacy.dia.edu.az\/wp-content\/uploads\/2021\/03\/123-1.jpg 640w, https:\/\/legacy.dia.edu.az\/wp-content\/uploads\/2021\/03\/123-1-300x206.jpg 300w, https:\/\/legacy.dia.edu.az\/wp-content\/uploads\/2021\/03\/123-1-16x12.jpg 16w, https:\/\/legacy.dia.edu.az\/wp-content\/uploads\/2021\/03\/123-1-300x206@2x.jpg 600w\" sizes=\"(max-width: 640px) 100vw, 640px\" \/><\/figure><\/li><li class=\"blocks-gallery-item\"><figure><img width=\"640\" height=\"436\" src=\"https:\/\/dia.edu.az\/wp-content\/uploads\/2021\/03\/114455.jpg\" alt=\"\" data-id=\"12704\" data-full-url=\"https:\/\/dia.edu.az\/wp-content\/uploads\/2021\/03\/114455.jpg\" data-link=\"https:\/\/dia.edu.az\/?attachment_id=12704\" class=\"wp-image-12704\" srcset=\"https:\/\/legacy.dia.edu.az\/wp-content\/uploads\/2021\/03\/114455.jpg 640w, https:\/\/legacy.dia.edu.az\/wp-content\/uploads\/2021\/03\/114455-300x204.jpg 300w, https:\/\/legacy.dia.edu.az\/wp-content\/uploads\/2021\/03\/114455-16x12.jpg 16w, https:\/\/legacy.dia.edu.az\/wp-content\/uploads\/2021\/03\/114455-300x204@2x.jpg 600w\" sizes=\"(max-width: 640px) 100vw, 640px\" \/><\/figure><\/li><\/ul><\/figure>","protected":false},"excerpt":{"rendered":"<p>Dini radikalizml\u0259 m\u00fcbariz\u0259d\u0259n b\u0259hs ed\u0259n \u201cFitn\u0259\u201d filminin t\u0259qdimat\u0131 olubMay 18 , 2016 &#8211; 08:33 May\u0131n 18-d\u0259 Az\u0259rbaycan Respublikas\u0131n\u0131n Prezidenti yan\u0131nda D\u00f6vl\u0259t \u0130dar\u0259\u00e7ilik Akademiyas\u0131nda Dini Qurumlarla \u0130\u015f \u00fczr\u0259 D\u00f6vl\u0259t Komit\u0259sinin sifari\u015fi il\u0259 haz\u0131rlanan \u201cFitn\u0259\u201d s\u0259n\u0259dli filminin t\u0259qdimat\u0131 olub. Filmd\u0259 dini radikalizml\u0259 m\u00fcbariz\u0259nin dini, psixoloji, h\u00fcquqi, siyasi v\u0259 m\u0259n\u0259vi t\u0259r\u0259fl\u0259ri i\u015f\u0131qland\u0131r\u0131l\u0131r. D\u00f6vl\u0259t \u0130dar\u0259\u00e7ilik Akademiyas\u0131n\u0131n rektoru, akademik Urxan [&hellip;]<\/p>","protected":false},"author":2,"featured_media":12703,"comment_status":"closed","ping_status":"closed","sticky":false,"template":"","format":"standard","meta":[],"categories":[137],"tags":[],"_links":{"self":[{"href":"https:\/\/legacy.dia.edu.az\/ru\/wp-json\/wp\/v2\/posts\/12702"}],"collection":[{"href":"https:\/\/legacy.dia.edu.az\/ru\/wp-json\/wp\/v2\/posts"}],"about":[{"href":"https:\/\/legacy.dia.edu.az\/ru\/wp-json\/wp\/v2\/types\/post"}],"author":[{"embeddable":true,"href":"https:\/\/legacy.dia.edu.az\/ru\/wp-json\/wp\/v2\/users\/2"}],"replies":[{"embeddable":true,"href":"https:\/\/legacy.dia.edu.az\/ru\/wp-json\/wp\/v2\/comments?post=12702"}],"version-history":[{"count":0,"href":"https:\/\/legacy.dia.edu.az\/ru\/wp-json\/wp\/v2\/posts\/12702\/revisions"}],"wp:featuredmedia":[{"embeddable":true,"href":"https:\/\/legacy.dia.edu.az\/ru\/wp-json\/wp\/v2\/media\/12703"}],"wp:attachment":[{"href":"https:\/\/legacy.dia.edu.az\/ru\/wp-json\/wp\/v2\/media?parent=12702"}],"wp:term":[{"taxonomy":"category","embeddable":true,"href":"https:\/\/legacy.dia.edu.az\/ru\/wp-json\/wp\/v2\/categories?post=12702"},{"taxonomy":"post_tag","embeddable":true,"href":"https:\/\/legacy.dia.edu.az\/ru\/wp-json\/wp\/v2\/tags?post=12702"}],"curies":[{"name":"wp","href":"https:\/\/api.w.org\/{rel}","templated":true}]}}