{"id":12684,"date":"2016-05-27T18:09:00","date_gmt":"2016-05-27T15:09:00","guid":{"rendered":"https:\/\/dia.edu.az\/?p=12684"},"modified":"2021-03-16T18:13:27","modified_gmt":"2021-03-16T15:13:27","slug":"dovl%c9%99t-idar%c9%99cilik-akademiyasinda-respublika-gunu-qeyd-edilib","status":"publish","type":"post","link":"https:\/\/legacy.dia.edu.az\/ru\/arxivl\u0259r\/12684","title":{"rendered":"D\u00f6vl\u0259t \u0130dar\u0259\u00e7ilik Akademiyas\u0131nda Respublika G\u00fcn\u00fc qeyd edilib"},"content":{"rendered":"<p><strong>D\u00f6vl\u0259t \u0130dar\u0259\u00e7ilik Akademiyas\u0131nda Respublika G\u00fcn\u00fc qeyd edilib<\/strong><br><em>May 27 , 2016 &#8211; 11:47<\/em><\/p>\n\n\n\n<p>May\u0131n 27-d\u0259 Az\u0259rbaycan Respublikas\u0131n\u0131n Prezidenti yan\u0131nda D\u00f6vl\u0259t \u0130dar\u0259\u00e7ilik Akademiyas\u0131nda Heyd\u0259r \u018fliyev M\u0259rk\u0259zinin d\u0259st\u0259yi il\u0259 yarad\u0131lan \u201cHeyd\u0259r \u018fliyev D\u00f6vl\u0259t \u0130dar\u0259\u00e7iliyi M\u0259kt\u0259bi\u201dnd\u0259&nbsp; 28 May &#8211; Respublika G\u00fcn\u00fcn\u0259 h\u0259sr olunan elmi-praktik konfrans ke\u00e7irilib.<\/p>\n\n\n\n<p>D\u00f6vl\u0259t himni il\u0259 ba\u015flayan elmi-praktik konfrans\u0131 Akademiyan\u0131n rektoru, akademik Urxan \u018fl\u0259kb\u0259rov a\u00e7araq bu g\u00fcn\u00fcn tarixind\u0259n dan\u0131\u015f\u0131b. Rektor d\u00f6vl\u0259t\u00e7ilik salnam\u0259mizin \u015f\u0259r\u0259fli tarixi olan Az\u0259rbaycan Xalq C\u00fcmhuriyy\u0259tinin yaranmas\u0131ndan, az vaxt \u0259rzind\u0259 s\u00fcquta u\u011framas\u0131n\u0131n s\u0259b\u0259bl\u0259rind\u0259n dan\u0131\u015fm\u0131\u015f, \u00fcst\u0259qilliyimizi yenid\u0259n b\u0259rpa etdiyimiz g\u00fcnl\u0259rd\u0259 rastla\u015fd\u0131\u011f\u0131m\u0131z mane\u0259l\u0259ri, t\u0259hl\u00fck\u0259l\u0259ri xat\u0131rladaraq \u00dcmummilli Lider Heyd\u0259r \u018fliyevin b\u00f6y\u00fck \u00e7\u0259tinlikl\u0259r\u0259 baxmayaraq m\u00fcst\u0259qilliyimizin qorunmas\u0131 istiqam\u0259tind\u0259 apard\u0131\u011f\u0131 m\u00fcdrik siyas\u0259td\u0259n, h\u0259m\u00e7inin bug\u00fcnk\u00fc y\u00fcks\u0259k davaml\u0131 inki\u015fafa nail olma\u011f\u0131m\u0131z\u0131n \u0259saslar\u0131n\u0131 qeyd etmi\u015f, \u00f6lk\u0259 Prezidenti c\u0259nab \u0130lham \u018fliyevin \u00f6lk\u0259nin t\u0259r\u0259qqisi, xalq\u0131n rifah\u0131 namin\u0259 g\u00f6rd\u00fcy\u00fc i\u015fl\u0259rin \u0259h\u0259miyy\u0259tind\u0259n s\u00f6z a\u00e7m\u0131\u015fd\u0131r.<\/p>\n\n\n\n<p>Elmi-praktik konfransda \u201cTarix\u201d kafedras\u0131n\u0131n m\u00fcdiri dosent Firdovsiyy\u0259 \u018fhm\u0259dova-\u201cAz\u0259rbaycan Xalq Cumhuriyy\u0259tinin yaranmas\u0131 v\u0259 geosiyasi v\u0259ziyy\u0259t\u201d, \u201cPolitologiya v\u0259 siyasi idar\u0259etm\u0259\u201d\u00a0 kafedras\u0131n\u0131n m\u00fc\u0259llimi, dosent Sevil M\u0259mm\u0259dova\u2013\u201cAz\u0259rbaycan Xalq Cumhuriyy\u0259tinin f\u0259aliyy\u0259tin\u0259 politoloji bax\u0131\u015f\u201d, \u201cH\u00fcquq\u201d kafedras\u0131n\u0131n m\u00fc\u0259llimi Araz Q\u0259dim\u0259liyev\u2013\u201cAz\u0259rbaycan Xalq Cumhuriyy\u0259tinin parlament t\u0259cr\u00fcb\u0259si\u201d adl\u0131 m\u0259ruz\u0259l\u0259rl\u0259 \u00e7\u0131x\u0131\u015f etmi\u015fl\u0259r. \u00c7\u0131x\u0131\u015flarda Ulu \u00d6nd\u0259rin hakimiyy\u0259ti d\u00f6vr\u00fcnd\u0259 Az\u0259rbaycan\u0131n b\u00f6y\u00fck u\u011furlara imza atd\u0131\u011f\u0131n\u0131, bu g\u00fcn h\u0259min siyas\u0259tin Prezident \u0130lham \u018fliyev t\u0259r\u0259find\u0259n ard\u0131c\u0131l v\u0259 m\u0259qs\u0259dy\u00f6nl\u00fc \u015f\u0259kild\u0259 davam etdirildiyini vur\u011fulan\u0131b.<\/p>\n\n\n\n<p><\/p>\n\n\n\n<figure class=\"wp-container-2 wp-block-gallery-1 wp-block-gallery columns-1 is-cropped\"><ul class=\"blocks-gallery-grid\"><li class=\"blocks-gallery-item\"><figure><img width=\"640\" height=\"424\" src=\"https:\/\/dia.edu.az\/wp-content\/uploads\/2021\/03\/28.jpg\" alt=\"\" data-id=\"12685\" data-full-url=\"https:\/\/dia.edu.az\/wp-content\/uploads\/2021\/03\/28.jpg\" data-link=\"https:\/\/dia.edu.az\/?attachment_id=12685\" class=\"wp-image-12685\" srcset=\"https:\/\/legacy.dia.edu.az\/wp-content\/uploads\/2021\/03\/28.jpg 640w, https:\/\/legacy.dia.edu.az\/wp-content\/uploads\/2021\/03\/28-300x199.jpg 300w, https:\/\/legacy.dia.edu.az\/wp-content\/uploads\/2021\/03\/28-16x12.jpg 16w, https:\/\/legacy.dia.edu.az\/wp-content\/uploads\/2021\/03\/28-150x100.jpg 150w, https:\/\/legacy.dia.edu.az\/wp-content\/uploads\/2021\/03\/28-300x199@2x.jpg 600w\" sizes=\"(max-width: 640px) 100vw, 640px\" \/><\/figure><\/li><\/ul><\/figure>","protected":false},"excerpt":{"rendered":"<p>D\u00f6vl\u0259t \u0130dar\u0259\u00e7ilik Akademiyas\u0131nda Respublika G\u00fcn\u00fc qeyd edilibMay 27 , 2016 &#8211; 11:47 May\u0131n 27-d\u0259 Az\u0259rbaycan Respublikas\u0131n\u0131n Prezidenti yan\u0131nda D\u00f6vl\u0259t \u0130dar\u0259\u00e7ilik Akademiyas\u0131nda Heyd\u0259r \u018fliyev M\u0259rk\u0259zinin d\u0259st\u0259yi il\u0259 yarad\u0131lan \u201cHeyd\u0259r \u018fliyev D\u00f6vl\u0259t \u0130dar\u0259\u00e7iliyi M\u0259kt\u0259bi\u201dnd\u0259&nbsp; 28 May &#8211; Respublika G\u00fcn\u00fcn\u0259 h\u0259sr olunan elmi-praktik konfrans ke\u00e7irilib. D\u00f6vl\u0259t himni il\u0259 ba\u015flayan elmi-praktik konfrans\u0131 Akademiyan\u0131n rektoru, akademik Urxan \u018fl\u0259kb\u0259rov a\u00e7araq bu [&hellip;]<\/p>","protected":false},"author":2,"featured_media":12685,"comment_status":"closed","ping_status":"closed","sticky":false,"template":"","format":"standard","meta":[],"categories":[137],"tags":[],"_links":{"self":[{"href":"https:\/\/legacy.dia.edu.az\/ru\/wp-json\/wp\/v2\/posts\/12684"}],"collection":[{"href":"https:\/\/legacy.dia.edu.az\/ru\/wp-json\/wp\/v2\/posts"}],"about":[{"href":"https:\/\/legacy.dia.edu.az\/ru\/wp-json\/wp\/v2\/types\/post"}],"author":[{"embeddable":true,"href":"https:\/\/legacy.dia.edu.az\/ru\/wp-json\/wp\/v2\/users\/2"}],"replies":[{"embeddable":true,"href":"https:\/\/legacy.dia.edu.az\/ru\/wp-json\/wp\/v2\/comments?post=12684"}],"version-history":[{"count":0,"href":"https:\/\/legacy.dia.edu.az\/ru\/wp-json\/wp\/v2\/posts\/12684\/revisions"}],"wp:featuredmedia":[{"embeddable":true,"href":"https:\/\/legacy.dia.edu.az\/ru\/wp-json\/wp\/v2\/media\/12685"}],"wp:attachment":[{"href":"https:\/\/legacy.dia.edu.az\/ru\/wp-json\/wp\/v2\/media?parent=12684"}],"wp:term":[{"taxonomy":"category","embeddable":true,"href":"https:\/\/legacy.dia.edu.az\/ru\/wp-json\/wp\/v2\/categories?post=12684"},{"taxonomy":"post_tag","embeddable":true,"href":"https:\/\/legacy.dia.edu.az\/ru\/wp-json\/wp\/v2\/tags?post=12684"}],"curies":[{"name":"wp","href":"https:\/\/api.w.org\/{rel}","templated":true}]}}