{"id":12673,"date":"2016-04-05T18:02:00","date_gmt":"2016-04-05T15:02:00","guid":{"rendered":"https:\/\/dia.edu.az\/?p=12673"},"modified":"2021-03-16T18:03:15","modified_gmt":"2021-03-16T15:03:15","slug":"qarabaga-sulh-qarabaga-%c9%99dal%c9%99t-kampaniyasi-g%c9%99ncl%c9%99r-t%c9%99skilarlarini-bir-araya-topladi","status":"publish","type":"post","link":"https:\/\/legacy.dia.edu.az\/ru\/arxivl\u0259r\/12673","title":{"rendered":"\u201cQaraba\u011fa s\u00fclh! Qaraba\u011fa \u0259dal\u0259t!\u201d Kampaniyas\u0131 G\u0259ncl\u0259r T\u0259\u015fkilarlar\u0131n\u0131 bir araya toplad\u0131"},"content":{"rendered":"<p><strong>\u201cQaraba\u011fa s\u00fclh! Qaraba\u011fa \u0259dal\u0259t!\u201d Kampaniyas\u0131 G\u0259ncl\u0259r T\u0259\u015fkilarlar\u0131n\u0131 bir araya toplad\u0131<\/strong><br><em>Apr 05 , 2016 &#8211; 11:31<\/em><\/p>\n\n\n\n<p>5 aprel 2016-c\u0131 il tarixind\u0259 Az\u0259rbaycan Respublikas\u0131n\u0131n Prezidenti yan\u0131nda D\u00f6vl\u0259t \u0130dar\u0259\u00e7ilk Akademiyas\u0131 v\u0259 Az\u0259rbaycan Respublikas\u0131 G\u0259ncl\u0259r T\u0259\u015fkilatlar\u0131 Milli \u015euras\u0131 il\u0259 birg\u0259 \u201cQaraba\u011fa s\u00fclh! Qaraba\u011fa \u0259dal\u0259t!\u201d Kampaniyas\u0131 \u00e7\u0259r\u00e7iv\u0259sind\u0259 g\u0259ncl\u0259r t\u0259\u015fkilatlar\u0131 v\u0259 f\u0259al g\u0259ncl\u0259rin i\u015ftirak\u0131 il\u0259 t\u0259dbir ke\u00e7irildi.<\/p>\n\n\n\n<p>T\u0259dbir D\u00f6vl\u0259t himninin s\u0259sl\u0259nm\u0259si v\u0259 \u015f\u0259hidl\u0259rin ruhunun bir d\u0259qiq\u0259lik s\u00fckut il\u0259 anmas\u0131 il\u0259 ba\u015flan\u0131ld\u0131. T\u0259dbird\u0259 c\u0259bh\u0259 b\u00f6lg\u0259sind\u0259 ya\u015fa\u015fanan hadis\u0259l\u0259r m\u00fczakir\u0259 olundu, Az\u0259rbaycan Ordusunun u\u011furlar\u0131 bar\u0259sind\u0259 g\u0259ncl\u0259r\u0259 m\u0259lumat verildi. D\u00fc\u015fm\u0259n t\u0259r\u0259find\u0259n veril\u0259n t\u0259xribat xarakterli m\u0259lumatlar\u0131n \u00fcst\u00fc a\u00e7\u0131laraq, g\u0259ncl\u0259r t\u0259\u015fkilatlar\u0131na v\u0259 g\u0259ncl\u0259r\u0259 informasiya m\u00fcharib\u0259sind\u0259 f\u0259al i\u015ftirak etm\u0259y\u0259 \u00e7a\u011f\u0131r\u0131\u015f edildi.<\/p>\n\n\n\n<p>T\u0259dbird\u0259 \u00e7\u0131x\u0131\u015f ed\u0259n D\u00f6vl\u0259t \u0130dar\u0259\u00e7ilk Akademiyas\u0131 H\u0259mkarlar \u0130ttifaq\u0131 Komit\u0259sinin s\u0259drif.\u00fc.f.d. Yusif A\u011fayev,&nbsp; D\u00f6vl\u0259t \u0130dar\u0259\u00e7ilk Akademiyas\u0131 \u201cTarix\u201d kafedras\u0131n\u0131n m\u00fcdiri dos. Firdovsiy\u0259 \u018fhm\u0259dova, AR G\u0259ncl\u0259r T\u0259\u015fkilatlar\u0131 Milli \u015euras\u0131n\u0131n Ba\u015f Katibi Seymur H\u00fcseynov qeyd etdi ki: \u201cBizim yolumuz haqq yoludur, m\u0259qs\u0259dimiz &#8211; \u0259dal\u0259tdir, arzumuz \u2013 s\u00fclhd\u00fcr, ist\u0259yimiz \u2013 Qaraba\u011fd\u0131r! Az\u0259rbaycan Ordusu torpaqlar\u0131m\u0131z\u0131 q\u0131sa zaman \u0259rzind\u0259 azad etm\u0259k g\u00fcc\u00fcnd\u0259 v\u0259 iqtidar\u0131ndad\u0131r. Bunun \u00fc\u00e7\u00fcn Ali Ba\u015f Komandan\u0131n bir i\u015far\u0259si yet\u0259r. Bu g\u00fcn g\u0259ncliyimiz v\u0259t\u0259nin\u0259, d\u00f6vl\u0259tin\u0259 tam olaraq ba\u011fl\u0131d\u0131r. G\u0259ncliyimiz \u015f\u0259hidl\u0259rimizin \u00f6l\u00fcm\u00fcn\u0259 k\u0259d\u0259rl\u0259ns\u0259l\u0259rd\u0259, q\u0259l\u0259b\u0259mizi duyub ruh y\u00fcks\u0259kliyi ya\u015fay\u0131r. G\u0259ncliyimiz ist\u0259r s\u0259ng\u0259rd\u0259 d\u00f6y\u00fc\u015fm\u0259y\u0259, ist\u0259rs\u0259d\u0259 interntd\u0259 informassiya m\u00fcharib\u0259sini aparma\u011fa haz\u0131rd\u0131r\u201d.<\/p>\n\n\n\n<p>&nbsp; Daha sonra D\u00fcnya G\u0259nc T\u00fcrk Yazarlar Birliyininin s\u0259dri \u018fkb\u0259r Qo\u015fal\u0131, Qa\u00e7q\u0131n v\u0259 M\u0259cburi K\u00f6\u00e7k\u00fcn G\u0259ncl\u0259r T\u0259\u015fkilat\u0131n\u0131n s\u0259dri V\u00fcqar Q\u0259dirov, Az\u0259rbaycan Demokratik T\u0259l\u0259b\u0259 G\u0259ncl\u0259r T\u0259\u015fkilat\u0131n\u0131n s\u0259dri As\u0259f \u018fsg\u0259rli, G\u0259ncl\u0259r \u00fc\u00e7\u00fcn T\u0259hsil M\u0259rk\u0259zinin s\u0259dri F\u0259xr\u0259ddin H\u0259s\u0259nzad\u0259 v\u0259 dig\u0259rl\u0259ri \u00e7\u0131x\u0131\u015f etmi\u015fl\u0259r.<\/p>\n\n\n\n<p>Az\u0259rbaycan Respublikas\u0131 G\u0259ncl\u0259r T\u0259\u015fkilatlar\u0131 Milli \u015euras\u0131 g\u0259ncl\u0259rimizi, v\u0259t\u0259nda\u015flar\u0131m\u0131z\u0131 d\u00fc\u015fm\u0259n t\u0259r\u0259find\u0259n apar\u0131lan informasiya m\u00fcharib\u0259sin\u0259 \u015fidd\u0259tli cavab verm\u0259k, Az\u0259rbaycan h\u0259qiq\u0259tl\u0259rini d\u00fcnyaya \u00e7atd\u0131rmaq, erm\u0259nil\u0259r t\u0259r\u0259find\u0259n #Karabakh, #KarabakhNow, #NKpeace teql\u0259ri alt\u0131nda Facebook v\u0259 Twitterd\u0259 apar\u0131lan qaralama kampaniyas\u0131na man\u0259 olmaq m\u0259qs\u0259di il\u0259 \u201cQaraba\u011fa s\u00fclh! Qaraba\u011fa \u0259dal\u0259t!\u201d Kampaniyas\u0131na start vermi\u015fdir.\u00a0<\/p>\n\n\n\n<p><\/p>\n\n\n\n<figure class=\"wp-container-2 wp-block-gallery-1 wp-block-gallery columns-2 is-cropped\"><ul class=\"blocks-gallery-grid\"><li class=\"blocks-gallery-item\"><figure><img width=\"640\" height=\"424\" src=\"https:\/\/dia.edu.az\/wp-content\/uploads\/2021\/03\/qarabaq.jpg\" alt=\"\" data-id=\"12674\" data-full-url=\"https:\/\/dia.edu.az\/wp-content\/uploads\/2021\/03\/qarabaq.jpg\" data-link=\"https:\/\/dia.edu.az\/?attachment_id=12674\" class=\"wp-image-12674\" srcset=\"https:\/\/legacy.dia.edu.az\/wp-content\/uploads\/2021\/03\/qarabaq.jpg 640w, https:\/\/legacy.dia.edu.az\/wp-content\/uploads\/2021\/03\/qarabaq-300x199.jpg 300w, https:\/\/legacy.dia.edu.az\/wp-content\/uploads\/2021\/03\/qarabaq-16x12.jpg 16w, https:\/\/legacy.dia.edu.az\/wp-content\/uploads\/2021\/03\/qarabaq-150x100.jpg 150w, https:\/\/legacy.dia.edu.az\/wp-content\/uploads\/2021\/03\/qarabaq-300x199@2x.jpg 600w\" sizes=\"(max-width: 640px) 100vw, 640px\" \/><\/figure><\/li><li class=\"blocks-gallery-item\"><figure><img width=\"640\" height=\"424\" src=\"https:\/\/dia.edu.az\/wp-content\/uploads\/2021\/03\/qarabaq1.jpg\" alt=\"\" data-id=\"12675\" data-full-url=\"https:\/\/dia.edu.az\/wp-content\/uploads\/2021\/03\/qarabaq1.jpg\" data-link=\"https:\/\/dia.edu.az\/?attachment_id=12675\" class=\"wp-image-12675\" srcset=\"https:\/\/legacy.dia.edu.az\/wp-content\/uploads\/2021\/03\/qarabaq1.jpg 640w, https:\/\/legacy.dia.edu.az\/wp-content\/uploads\/2021\/03\/qarabaq1-300x199.jpg 300w, https:\/\/legacy.dia.edu.az\/wp-content\/uploads\/2021\/03\/qarabaq1-16x12.jpg 16w, https:\/\/legacy.dia.edu.az\/wp-content\/uploads\/2021\/03\/qarabaq1-150x100.jpg 150w, https:\/\/legacy.dia.edu.az\/wp-content\/uploads\/2021\/03\/qarabaq1-300x199@2x.jpg 600w\" sizes=\"(max-width: 640px) 100vw, 640px\" \/><\/figure><\/li><\/ul><\/figure>","protected":false},"excerpt":{"rendered":"<p>\u201cQaraba\u011fa s\u00fclh! Qaraba\u011fa \u0259dal\u0259t!\u201d Kampaniyas\u0131 G\u0259ncl\u0259r T\u0259\u015fkilarlar\u0131n\u0131 bir araya toplad\u0131Apr 05 , 2016 &#8211; 11:31 5 aprel 2016-c\u0131 il tarixind\u0259 Az\u0259rbaycan Respublikas\u0131n\u0131n Prezidenti yan\u0131nda D\u00f6vl\u0259t \u0130dar\u0259\u00e7ilk Akademiyas\u0131 v\u0259 Az\u0259rbaycan Respublikas\u0131 G\u0259ncl\u0259r T\u0259\u015fkilatlar\u0131 Milli \u015euras\u0131 il\u0259 birg\u0259 \u201cQaraba\u011fa s\u00fclh! Qaraba\u011fa \u0259dal\u0259t!\u201d Kampaniyas\u0131 \u00e7\u0259r\u00e7iv\u0259sind\u0259 g\u0259ncl\u0259r t\u0259\u015fkilatlar\u0131 v\u0259 f\u0259al g\u0259ncl\u0259rin i\u015ftirak\u0131 il\u0259 t\u0259dbir ke\u00e7irildi. T\u0259dbir D\u00f6vl\u0259t himninin s\u0259sl\u0259nm\u0259si [&hellip;]<\/p>","protected":false},"author":2,"featured_media":12675,"comment_status":"closed","ping_status":"closed","sticky":false,"template":"","format":"standard","meta":[],"categories":[137],"tags":[],"_links":{"self":[{"href":"https:\/\/legacy.dia.edu.az\/ru\/wp-json\/wp\/v2\/posts\/12673"}],"collection":[{"href":"https:\/\/legacy.dia.edu.az\/ru\/wp-json\/wp\/v2\/posts"}],"about":[{"href":"https:\/\/legacy.dia.edu.az\/ru\/wp-json\/wp\/v2\/types\/post"}],"author":[{"embeddable":true,"href":"https:\/\/legacy.dia.edu.az\/ru\/wp-json\/wp\/v2\/users\/2"}],"replies":[{"embeddable":true,"href":"https:\/\/legacy.dia.edu.az\/ru\/wp-json\/wp\/v2\/comments?post=12673"}],"version-history":[{"count":0,"href":"https:\/\/legacy.dia.edu.az\/ru\/wp-json\/wp\/v2\/posts\/12673\/revisions"}],"wp:featuredmedia":[{"embeddable":true,"href":"https:\/\/legacy.dia.edu.az\/ru\/wp-json\/wp\/v2\/media\/12675"}],"wp:attachment":[{"href":"https:\/\/legacy.dia.edu.az\/ru\/wp-json\/wp\/v2\/media?parent=12673"}],"wp:term":[{"taxonomy":"category","embeddable":true,"href":"https:\/\/legacy.dia.edu.az\/ru\/wp-json\/wp\/v2\/categories?post=12673"},{"taxonomy":"post_tag","embeddable":true,"href":"https:\/\/legacy.dia.edu.az\/ru\/wp-json\/wp\/v2\/tags?post=12673"}],"curies":[{"name":"wp","href":"https:\/\/api.w.org\/{rel}","templated":true}]}}