{"id":12641,"date":"2016-04-20T17:54:00","date_gmt":"2016-04-20T14:54:00","guid":{"rendered":"https:\/\/dia.edu.az\/?p=12641"},"modified":"2021-03-16T17:55:17","modified_gmt":"2021-03-16T14:55:17","slug":"dovl%c9%99t-idar%c9%99cilik-akademiyasinda-korporativ-idar%c9%99etm%c9%99-realliqlar-v%c9%99-perspektiv-imkanlar-movzusunda-elmi-seminar-kecirilmisdir","status":"publish","type":"post","link":"https:\/\/legacy.dia.edu.az\/ru\/arxivl\u0259r\/12641","title":{"rendered":"D\u00f6vl\u0259t \u0130dar\u0259\u00e7ilik Akademiyas\u0131nda \u201cKorporativ idar\u0259etm\u0259: reall\u0131qlar v\u0259 perspektiv imkanlar\u201d m\u00f6vzusunda elmi seminar ke\u00e7irilmi\u015fdir"},"content":{"rendered":"<p><\/p>\n\n\n\n<p><strong>D\u00f6vl\u0259t \u0130dar\u0259\u00e7ilik Akademiyas\u0131nda \u201cKorporativ idar\u0259etm\u0259: reall\u0131qlar v\u0259 perspektiv imkanlar\u201d m\u00f6vzusunda elmi seminar ke\u00e7irilmi\u015fdir<\/strong><br><em>Apr 20 , 2016 &#8211; 03:15<\/em><\/p>\n\n\n\n<p>Az\u0259rbaycan Respublikas\u0131n\u0131n Prezidenti yan\u0131nda D\u00f6vl\u0259t \u0130dar\u0259\u00e7ilik Akademiyas\u0131nda \u00dcmummilli lider Heyd\u0259r &nbsp;\u018fliyevin anadan olmas\u0131n\u0131n 93-c\u00fc ild\u00f6n\u00fcm\u00fcn\u0259 h\u0259sr olunmu\u015f \u201cKorporativ idar\u0259etm\u0259: realliqlar v\u0259 perspektiv imkanlar\u201d m\u00f6vzusunda elmi seminar ke\u00e7irilmi\u015fdir. Elmi seminar\u0131n m\u0259qs\u0259di son d\u00f6vrl\u0259rd\u0259 iqtisadi qloballa\u015fma prossesl\u0259rinin d\u0259rinl\u0259\u015fm\u0259si v\u0259 &nbsp;ba\u015f ver\u0259n qlobal maliyy\u0259-iqtisadi b\u00f6hran \u015f\u0259raitind\u0259 korporativ idar\u0259etm\u0259 sah\u0259sinin inki\u015faf\u0131 v\u0259 t\u0259kmill\u0259\u015fdirilm\u0259si il\u0259 ba\u011fl\u0131 fikir v\u0259 t\u0259cr\u00fcb\u0259 m\u00fcbadil\u0259si aparmaqla perspektiv imkanlar\u0131n \u00f6yr\u0259nilm\u0259sidir.<\/p>\n\n\n\n<p>Elmi seminar\u0131 giri\u015f s\u00f6z\u00fc il\u0259 D\u0130A-n\u0131n rektoru, akademik Urxan \u018fl\u0259kb\u0259rov a\u00e7araq, \u00f6lk\u0259nin davaml\u0131 inki\u015faf\u0131nda korporativ idar\u0259etm\u0259nin \u0259h\u0259miyy\u0259tini x\u00fcsusi qeyd etdi. Bu sah\u0259d\u0259 \u0259ld\u0259 edilmi\u015f u\u011furlarla yana\u015f\u0131 bir \u00e7ox m\u0259s\u0259l\u0259l\u0259rinin h\u0259llinin vacibliyini \u00f6n\u0259 \u00e7\u0259k\u0259r\u0259k seminar\u0131n \u0259h\u0259miyy\u0259tliliyini vur\u011fulad\u0131. Bank T\u0259dris M\u0259rk\u0259zinin&nbsp; direktoru &nbsp;Cavan\u015f\u0131r Abdullayev \u201cKorporativ idar\u0259etm\u0259: Az\u0259rbaycan t\u0259cr\u00fcb\u0259si\u201d, Az\u0259rbaycan Respublikas\u0131 \u0130qtisadiyyat Nazirliyinin Korporativ idar\u0259etm\u0259 sektorunun m\u00fcdiri Anar Hacizad\u0259 \u201cKorporativ idar\u0259etm\u0259 sah\u0259sind\u0259 Az\u0259rbaycan Respublikas\u0131&nbsp; \u0130qtisadiyyat Nazirliyi t\u0259r\u0259find\u0259n g\u00f6r\u00fcl\u0259n i\u015fl\u0259r\u201d, Az\u0259rbaycan Respublikas\u0131n\u0131n Prezidenti yan\u0131nda&nbsp; D\u00f6vl\u0259t \u0130dar\u0259\u00e7ilik Akademiyas\u0131n\u0131n dosenti Murad Ba\u011f\u0131rzad\u0259<strong>&nbsp;\u201c<\/strong>Yeni iqtisadi \u015f\u0259raitd\u0259 korporasiyalar\u0131n strateji idar\u0259edilm\u0259sin\u0259 m\u00fcasir yana\u015fmalar\u201d m\u00f6vzular\u0131 \u0259traf\u0131nda t\u0259qdimatlar etdil\u0259r.<\/p>\n\n\n\n<p>Sonra elmi seminar\u0131n i\u015find\u0259\u00a0 Az\u0259rbaycan Respublikas\u0131 \u0130qtisadiyyat Nazirliyi, Az\u0259rbaycan Bank T\u0259dris M\u0259rk\u0259zi (ABTM), Qafqaz Strateji T\u0259dqiqatlar \u0130nstitutu,AMEA \u0130qtisadiyyat \u0130nstitutu, TuranBank, Yap\u0131Kredi Bank, AFBBank, Az\u0259rbaycan S\u0259naye Bank\u0131 (ASB) v\u0259 D\u0130A-n\u0131n professor-m\u00fc\u0259llim hey\u0259ti, magistrant v\u0259 doktorantlar\u0131n i\u015ftirak\u0131 il\u0259 aktiv m\u00fczakir\u0259l\u0259r apar\u0131lm\u0131\u015f, perspektiv imkanlar \u00f6yr\u0259nilmi\u015fdir. Elmi seminarda t\u0259\u015fkilatlarla elmi istiqam\u0259td\u0259 \u0259m\u0259kda\u015fl\u0131\u011f\u0131n geni\u015fl\u0259ndirilm\u0259si \u00fc\u00e7\u00fcn z\u0259ruri t\u0259dbirl\u0259rin g\u00f6r\u00fclm\u0259si m\u0259qs\u0259d\u0259uy\u011fun hesab edilmi\u015fdir.<\/p>\n\n\n\n<p><\/p>\n\n\n\n<figure class=\"wp-container-2 wp-block-gallery-1 wp-block-gallery columns-3 is-cropped\"><ul class=\"blocks-gallery-grid\"><li class=\"blocks-gallery-item\"><figure><img width=\"640\" height=\"424\" src=\"https:\/\/dia.edu.az\/wp-content\/uploads\/2021\/03\/xat1.jpg\" alt=\"\" data-id=\"12642\" data-full-url=\"https:\/\/dia.edu.az\/wp-content\/uploads\/2021\/03\/xat1.jpg\" data-link=\"https:\/\/dia.edu.az\/?attachment_id=12642\" class=\"wp-image-12642\" srcset=\"https:\/\/legacy.dia.edu.az\/wp-content\/uploads\/2021\/03\/xat1.jpg 640w, https:\/\/legacy.dia.edu.az\/wp-content\/uploads\/2021\/03\/xat1-300x199.jpg 300w, https:\/\/legacy.dia.edu.az\/wp-content\/uploads\/2021\/03\/xat1-16x12.jpg 16w, https:\/\/legacy.dia.edu.az\/wp-content\/uploads\/2021\/03\/xat1-150x100.jpg 150w, https:\/\/legacy.dia.edu.az\/wp-content\/uploads\/2021\/03\/xat1-300x199@2x.jpg 600w\" sizes=\"(max-width: 640px) 100vw, 640px\" \/><\/figure><\/li><li class=\"blocks-gallery-item\"><figure><img width=\"640\" height=\"424\" src=\"https:\/\/dia.edu.az\/wp-content\/uploads\/2021\/03\/xat2-1.jpg\" alt=\"\" data-id=\"12643\" data-full-url=\"https:\/\/dia.edu.az\/wp-content\/uploads\/2021\/03\/xat2-1.jpg\" data-link=\"https:\/\/dia.edu.az\/?attachment_id=12643\" class=\"wp-image-12643\" srcset=\"https:\/\/legacy.dia.edu.az\/wp-content\/uploads\/2021\/03\/xat2-1.jpg 640w, https:\/\/legacy.dia.edu.az\/wp-content\/uploads\/2021\/03\/xat2-1-300x199.jpg 300w, https:\/\/legacy.dia.edu.az\/wp-content\/uploads\/2021\/03\/xat2-1-16x12.jpg 16w, https:\/\/legacy.dia.edu.az\/wp-content\/uploads\/2021\/03\/xat2-1-150x100.jpg 150w, https:\/\/legacy.dia.edu.az\/wp-content\/uploads\/2021\/03\/xat2-1-300x199@2x.jpg 600w\" sizes=\"(max-width: 640px) 100vw, 640px\" \/><\/figure><\/li><li class=\"blocks-gallery-item\"><figure><img width=\"640\" height=\"424\" src=\"https:\/\/dia.edu.az\/wp-content\/uploads\/2021\/03\/xat2.jpg\" alt=\"\" data-id=\"12644\" data-full-url=\"https:\/\/dia.edu.az\/wp-content\/uploads\/2021\/03\/xat2.jpg\" data-link=\"https:\/\/dia.edu.az\/?attachment_id=12644\" class=\"wp-image-12644\" srcset=\"https:\/\/legacy.dia.edu.az\/wp-content\/uploads\/2021\/03\/xat2.jpg 640w, https:\/\/legacy.dia.edu.az\/wp-content\/uploads\/2021\/03\/xat2-300x199.jpg 300w, https:\/\/legacy.dia.edu.az\/wp-content\/uploads\/2021\/03\/xat2-16x12.jpg 16w, https:\/\/legacy.dia.edu.az\/wp-content\/uploads\/2021\/03\/xat2-150x100.jpg 150w, https:\/\/legacy.dia.edu.az\/wp-content\/uploads\/2021\/03\/xat2-300x199@2x.jpg 600w\" sizes=\"(max-width: 640px) 100vw, 640px\" \/><\/figure><\/li><\/ul><\/figure>","protected":false},"excerpt":{"rendered":"<p>D\u00f6vl\u0259t \u0130dar\u0259\u00e7ilik Akademiyas\u0131nda \u201cKorporativ idar\u0259etm\u0259: reall\u0131qlar v\u0259 perspektiv imkanlar\u201d m\u00f6vzusunda elmi seminar ke\u00e7irilmi\u015fdirApr 20 , 2016 &#8211; 03:15 Az\u0259rbaycan Respublikas\u0131n\u0131n Prezidenti yan\u0131nda D\u00f6vl\u0259t \u0130dar\u0259\u00e7ilik Akademiyas\u0131nda \u00dcmummilli lider Heyd\u0259r &nbsp;\u018fliyevin anadan olmas\u0131n\u0131n 93-c\u00fc ild\u00f6n\u00fcm\u00fcn\u0259 h\u0259sr olunmu\u015f \u201cKorporativ idar\u0259etm\u0259: realliqlar v\u0259 perspektiv imkanlar\u201d m\u00f6vzusunda elmi seminar ke\u00e7irilmi\u015fdir. Elmi seminar\u0131n m\u0259qs\u0259di son d\u00f6vrl\u0259rd\u0259 iqtisadi qloballa\u015fma prossesl\u0259rinin d\u0259rinl\u0259\u015fm\u0259si v\u0259 [&hellip;]<\/p>","protected":false},"author":2,"featured_media":12644,"comment_status":"closed","ping_status":"closed","sticky":false,"template":"","format":"standard","meta":[],"categories":[137],"tags":[],"_links":{"self":[{"href":"https:\/\/legacy.dia.edu.az\/ru\/wp-json\/wp\/v2\/posts\/12641"}],"collection":[{"href":"https:\/\/legacy.dia.edu.az\/ru\/wp-json\/wp\/v2\/posts"}],"about":[{"href":"https:\/\/legacy.dia.edu.az\/ru\/wp-json\/wp\/v2\/types\/post"}],"author":[{"embeddable":true,"href":"https:\/\/legacy.dia.edu.az\/ru\/wp-json\/wp\/v2\/users\/2"}],"replies":[{"embeddable":true,"href":"https:\/\/legacy.dia.edu.az\/ru\/wp-json\/wp\/v2\/comments?post=12641"}],"version-history":[{"count":0,"href":"https:\/\/legacy.dia.edu.az\/ru\/wp-json\/wp\/v2\/posts\/12641\/revisions"}],"wp:featuredmedia":[{"embeddable":true,"href":"https:\/\/legacy.dia.edu.az\/ru\/wp-json\/wp\/v2\/media\/12644"}],"wp:attachment":[{"href":"https:\/\/legacy.dia.edu.az\/ru\/wp-json\/wp\/v2\/media?parent=12641"}],"wp:term":[{"taxonomy":"category","embeddable":true,"href":"https:\/\/legacy.dia.edu.az\/ru\/wp-json\/wp\/v2\/categories?post=12641"},{"taxonomy":"post_tag","embeddable":true,"href":"https:\/\/legacy.dia.edu.az\/ru\/wp-json\/wp\/v2\/tags?post=12641"}],"curies":[{"name":"wp","href":"https:\/\/api.w.org\/{rel}","templated":true}]}}