{"id":12631,"date":"2016-05-04T17:51:00","date_gmt":"2016-05-04T14:51:00","guid":{"rendered":"https:\/\/dia.edu.az\/?p=12631"},"modified":"2021-03-16T17:52:10","modified_gmt":"2021-03-16T14:52:10","slug":"mulki-prosesual-huququn-aktual-probleml%c9%99ri-movzusunda-t%c9%99l%c9%99b%c9%99-elmi-seminari-kecirilmisdir","status":"publish","type":"post","link":"https:\/\/legacy.dia.edu.az\/ru\/arxivl\u0259r\/12631","title":{"rendered":"&#8220;M\u00fclki prosesual h\u00fcququn aktual probleml\u0259ri&#8221; m\u00f6vzusunda t\u0259l\u0259b\u0259 elmi seminar\u0131 ke\u00e7irilmi\u015fdir"},"content":{"rendered":"<p><strong>&#8220;M\u00fclki prosesual h\u00fcququn aktual probleml\u0259ri&#8221; m\u00f6vzusunda t\u0259l\u0259b\u0259 elmi seminar\u0131 ke\u00e7irilmi\u015fdir<\/strong><br><em>May 04 , 2016 &#8211; 03:08<\/em><\/p>\n\n\n\n<p>04 may 2016-c\u0131 ild\u0259 Az\u0259rbaycan Respublikas\u0131n\u0131n Prezidenti yan\u0131nda D\u00f6vl\u0259t \u0130dar\u0259\u00e7ilik Akademiyas\u0131n\u0131n &#8220;H\u00fcquq&#8221; kafedras\u0131n\u0131n t\u0259\u015fkilat\u00e7\u0131l\u0131\u011f\u0131 il\u0259 &#8220;M\u00fclki prosesual h\u00fcququn aktual probleml\u0259ri&#8221; m\u00f6vzusunda t\u0259l\u0259b\u0259 elmi seminar\u0131 ke\u00e7irilmi\u015fdir.<\/p>\n\n\n\n<p>Seminar\u0131n \u0259sas m\u0259qs\u0259di, h\u00fcquq\u015f\u00fcnasl\u0131q ixtisas\u0131 \u00fczr\u0259 t\u0259hsil alan t\u0259l\u0259b\u0259l\u0259rd\u0259 elmi yarad\u0131c\u0131l\u0131q v\u0259rdi\u015fl\u0259rini a\u015f\u0131lamaq, praktik v\u0259rdi\u015fl\u0259ri yaratmaqdan ibar\u0259tdir. Seminarda &#8220;M\u00fclki prosesual h\u00fcquqda v\u0259killik institutunun yeri v\u0259 rolu&#8221;, \u201c\u018fmr icraat\u0131n\u0131n anlay\u0131\u015f\u0131 v\u0259 onun m\u00fclki m\u00fchakim\u0259 icraat\u0131nda s\u0259ciyy\u0259vi x\u00fcsusiyy\u0259tl\u0259ri&#8221;, &#8220;M\u00fclki prosesd\u0259 s\u00fcbutetm\u0259&#8221; v\u0259 dig\u0259r aktual olan m\u00f6vzular\u0131nda t\u0259l\u0259b\u0259l\u0259rin m\u0259ruz\u0259l\u0259ri dinl\u0259nilmi\u015fdir. Daha sonra m\u0259ruz\u0259l\u0259r \u0259traf\u0131nda f\u0131kir m\u00fcbadil\u0259si apar\u0131lm\u0131\u015fd\u0131r.<\/p>\n\n\n\n<p>Seminarda D\u0130A-n\u0131n I t\u0259dris i\u015fl\u0259ri \u00fczr\u0259 prorektoru professor \u018flikram Abdullayev, Elmi t\u0259\u015fkilat \u015f\u00f6b\u0259sinin m\u00fcdiri dosent R\u0259c\u0259b R\u0259himli, TEC-nin s\u0259dri dosent Sevil M\u0259mm\u0259dova, &#8220;Siyasi idar\u0259etm\u0259&#8221; fak\u00fclt\u0259sinin dekan\u0131 professor Zaur Ba\u011f\u0131rov, &#8220;H\u00fcquq&#8221; kafedras\u0131n\u0131n m\u00fcdiri dosent F\u0259xr\u0259ddin Na\u011f\u0131yev v\u0259 kafedran\u0131n dig\u0259r professor-m\u00fc\u0259llim hey\u0259ti i\u015ftirak etmi\u015fl\u0259r.<\/p>\n\n\n\n<p><\/p>\n\n\n\n<figure class=\"wp-container-2 wp-block-gallery-1 wp-block-gallery columns-3 is-cropped\"><ul class=\"blocks-gallery-grid\"><li class=\"blocks-gallery-item\"><figure><img width=\"640\" height=\"352\" src=\"https:\/\/dia.edu.az\/wp-content\/uploads\/2021\/03\/A_10.jpg\" alt=\"\" data-id=\"12632\" data-full-url=\"https:\/\/dia.edu.az\/wp-content\/uploads\/2021\/03\/A_10.jpg\" data-link=\"https:\/\/dia.edu.az\/?attachment_id=12632\" class=\"wp-image-12632\" srcset=\"https:\/\/legacy.dia.edu.az\/wp-content\/uploads\/2021\/03\/A_10.jpg 640w, https:\/\/legacy.dia.edu.az\/wp-content\/uploads\/2021\/03\/A_10-300x165.jpg 300w, https:\/\/legacy.dia.edu.az\/wp-content\/uploads\/2021\/03\/A_10-16x9.jpg 16w, https:\/\/legacy.dia.edu.az\/wp-content\/uploads\/2021\/03\/A_10-300x165@2x.jpg 600w\" sizes=\"(max-width: 640px) 100vw, 640px\" \/><\/figure><\/li><li class=\"blocks-gallery-item\"><figure><img width=\"640\" height=\"424\" src=\"https:\/\/dia.edu.az\/wp-content\/uploads\/2021\/03\/fak.jpg\" alt=\"\" data-id=\"12633\" data-full-url=\"https:\/\/dia.edu.az\/wp-content\/uploads\/2021\/03\/fak.jpg\" data-link=\"https:\/\/dia.edu.az\/?attachment_id=12633\" class=\"wp-image-12633\" srcset=\"https:\/\/legacy.dia.edu.az\/wp-content\/uploads\/2021\/03\/fak.jpg 640w, https:\/\/legacy.dia.edu.az\/wp-content\/uploads\/2021\/03\/fak-300x199.jpg 300w, https:\/\/legacy.dia.edu.az\/wp-content\/uploads\/2021\/03\/fak-16x12.jpg 16w, https:\/\/legacy.dia.edu.az\/wp-content\/uploads\/2021\/03\/fak-150x100.jpg 150w, https:\/\/legacy.dia.edu.az\/wp-content\/uploads\/2021\/03\/fak-300x199@2x.jpg 600w\" sizes=\"(max-width: 640px) 100vw, 640px\" \/><\/figure><\/li><li class=\"blocks-gallery-item\"><figure><img width=\"640\" height=\"424\" src=\"https:\/\/dia.edu.az\/wp-content\/uploads\/2021\/03\/fak1.jpg\" alt=\"\" data-id=\"12634\" data-full-url=\"https:\/\/dia.edu.az\/wp-content\/uploads\/2021\/03\/fak1.jpg\" data-link=\"https:\/\/dia.edu.az\/?attachment_id=12634\" class=\"wp-image-12634\" srcset=\"https:\/\/legacy.dia.edu.az\/wp-content\/uploads\/2021\/03\/fak1.jpg 640w, https:\/\/legacy.dia.edu.az\/wp-content\/uploads\/2021\/03\/fak1-300x199.jpg 300w, https:\/\/legacy.dia.edu.az\/wp-content\/uploads\/2021\/03\/fak1-16x12.jpg 16w, https:\/\/legacy.dia.edu.az\/wp-content\/uploads\/2021\/03\/fak1-150x100.jpg 150w, https:\/\/legacy.dia.edu.az\/wp-content\/uploads\/2021\/03\/fak1-300x199@2x.jpg 600w\" sizes=\"(max-width: 640px) 100vw, 640px\" \/><\/figure><\/li><\/ul><\/figure>","protected":false},"excerpt":{"rendered":"<p>&#8220;M\u00fclki prosesual h\u00fcququn aktual probleml\u0259ri&#8221; m\u00f6vzusunda t\u0259l\u0259b\u0259 elmi seminar\u0131 ke\u00e7irilmi\u015fdirMay 04 , 2016 &#8211; 03:08 04 may 2016-c\u0131 ild\u0259 Az\u0259rbaycan Respublikas\u0131n\u0131n Prezidenti yan\u0131nda D\u00f6vl\u0259t \u0130dar\u0259\u00e7ilik Akademiyas\u0131n\u0131n &#8220;H\u00fcquq&#8221; kafedras\u0131n\u0131n t\u0259\u015fkilat\u00e7\u0131l\u0131\u011f\u0131 il\u0259 &#8220;M\u00fclki prosesual h\u00fcququn aktual probleml\u0259ri&#8221; m\u00f6vzusunda t\u0259l\u0259b\u0259 elmi seminar\u0131 ke\u00e7irilmi\u015fdir. Seminar\u0131n \u0259sas m\u0259qs\u0259di, h\u00fcquq\u015f\u00fcnasl\u0131q ixtisas\u0131 \u00fczr\u0259 t\u0259hsil alan t\u0259l\u0259b\u0259l\u0259rd\u0259 elmi yarad\u0131c\u0131l\u0131q v\u0259rdi\u015fl\u0259rini a\u015f\u0131lamaq, praktik v\u0259rdi\u015fl\u0259ri [&hellip;]<\/p>","protected":false},"author":2,"featured_media":12634,"comment_status":"closed","ping_status":"closed","sticky":false,"template":"","format":"standard","meta":[],"categories":[137],"tags":[],"_links":{"self":[{"href":"https:\/\/legacy.dia.edu.az\/ru\/wp-json\/wp\/v2\/posts\/12631"}],"collection":[{"href":"https:\/\/legacy.dia.edu.az\/ru\/wp-json\/wp\/v2\/posts"}],"about":[{"href":"https:\/\/legacy.dia.edu.az\/ru\/wp-json\/wp\/v2\/types\/post"}],"author":[{"embeddable":true,"href":"https:\/\/legacy.dia.edu.az\/ru\/wp-json\/wp\/v2\/users\/2"}],"replies":[{"embeddable":true,"href":"https:\/\/legacy.dia.edu.az\/ru\/wp-json\/wp\/v2\/comments?post=12631"}],"version-history":[{"count":0,"href":"https:\/\/legacy.dia.edu.az\/ru\/wp-json\/wp\/v2\/posts\/12631\/revisions"}],"wp:featuredmedia":[{"embeddable":true,"href":"https:\/\/legacy.dia.edu.az\/ru\/wp-json\/wp\/v2\/media\/12634"}],"wp:attachment":[{"href":"https:\/\/legacy.dia.edu.az\/ru\/wp-json\/wp\/v2\/media?parent=12631"}],"wp:term":[{"taxonomy":"category","embeddable":true,"href":"https:\/\/legacy.dia.edu.az\/ru\/wp-json\/wp\/v2\/categories?post=12631"},{"taxonomy":"post_tag","embeddable":true,"href":"https:\/\/legacy.dia.edu.az\/ru\/wp-json\/wp\/v2\/tags?post=12631"}],"curies":[{"name":"wp","href":"https:\/\/api.w.org\/{rel}","templated":true}]}}