{"id":12625,"date":"2016-05-04T17:48:00","date_gmt":"2016-05-04T14:48:00","guid":{"rendered":"https:\/\/dia.edu.az\/?p=12625"},"modified":"2021-03-16T17:49:39","modified_gmt":"2021-03-16T14:49:39","slug":"dovl%c9%99t-idar%c9%99cilik-akademiyasinda-az%c9%99rbaycan-multikulturalizmi-v%c9%99-milli-inkisaf-modeli-movzusunda-elmi-konfrans-kecirilmisdir","status":"publish","type":"post","link":"https:\/\/legacy.dia.edu.az\/ru\/arxivl\u0259r\/12625","title":{"rendered":"D\u00f6vl\u0259t \u0130dar\u0259\u00e7ilik Akademiyas\u0131nda \u201cAz\u0259rbaycan multikulturalizmi v\u0259 milli inki\u015faf modeli\u201d m\u00f6vzusunda elmi konfrans ke\u00e7irilmi\u015fdir"},"content":{"rendered":"<p><strong>D\u00f6vl\u0259t \u0130dar\u0259\u00e7ilik Akademiyas\u0131nda \u201cAz\u0259rbaycan multikulturalizmi v\u0259 milli inki\u015faf modeli\u201d m\u00f6vzusunda elmi konfrans ke\u00e7irilmi\u015fdir<\/strong><br><em>May 04 , 2016 &#8211; 12:16<\/em><\/p>\n\n\n\n<p>Az\u0259rbaycan Respublikas\u0131n\u0131n Prezidenti \u0130lham \u018fliyevin 11 mart 2016-c\u0131 il tarixli S\u0259r\u0259ncam\u0131 il\u0259 \u201c2016-c\u0131 ilin Az\u0259rbaycan Respublikas\u0131nda \u201cMultikulturalizm ili\u201d elan edilm\u0259sin\u0259 dair T\u0259dbirl\u0259r Plan\u0131\u201d t\u0259sdiq edilmi\u015fdir. Az\u0259rbaycan multikulturalizmi modelinin elmi c\u0259h\u0259td\u0259n \u00f6yr\u0259nilm\u0259si v\u0259 geni\u015f t\u0259bli\u011f olunmas\u0131 \u201cT\u0259dbirl\u0259r Plan\u0131\u201dnda qar\u015f\u0131da qoyulan \u0259sas m\u0259s\u0259l\u0259l\u0259rd\u0259n biridir. Bu m\u0259qs\u0259d\u0259 nail olmaq \u00fc\u00e7\u00fcn elmi konfranslar\u0131n, d\u0259yirmi masalar\u0131n ke\u00e7irilm\u0259si m\u00fch\u00fcm \u0259h\u0259miyy\u0259t k\u0259sb edir.<\/p>\n\n\n\n<p>Az\u0259rbaycan Respublikas\u0131n\u0131n Prezidenti yan\u0131nda D\u00f6vl\u0259t \u0130dar\u0259\u00e7ilik Akademiyas\u0131n\u0131n F\u0259ls\u0259f\u0259 v\u0259 Sosial Psixologiya kafedras\u0131n\u0131n t\u0259\u015f\u0259bb\u00fcs\u00fc il\u0259 \u201cAz\u0259rbaycan multikulturalizmi v\u0259 milli inki\u015faf modeli\u201d m\u00f6vzusunda elmi konfrans ke\u00e7irilmi\u015fdir. Konfrans i\u015ftirak\u00e7\u0131lar\u0131n\u0131 salamlad\u0131qdan sonra D\u0130A-n\u0131n rektoru, akademik Urxan \u018fl\u0259kb\u0259rov giri\u015f s\u00f6z\u00fc il\u0259 konfrans\u0131 a\u00e7\u0131q elan etdi.<\/p>\n\n\n\n<p>Elmi konfransda Az\u0259rbaycan Respublikas\u0131n\u0131n Mill\u0259tl\u0259raras\u0131, multikulturalizm v\u0259 dini m\u0259s\u0259l\u0259l\u0259r \u00fczr\u0259 D\u00f6vl\u0259t M\u00fc\u015faviri Xidm\u0259tinin ba\u015f m\u0259sl\u0259h\u0259t\u00e7isi, D\u0130A-n\u0131n F\u0259ls\u0259f\u0259 v\u0259 Sosial Psixologiya kafedras\u0131n\u0131n m\u00fcdiri prof. Etibar N\u0259c\u0259fov \u201cMultikulturalizm Az\u0259rbaycan Respublikas\u0131n\u0131n u\u011furlu xarici siyas\u0259t f\u0259aliyy\u0259tinin bir amili kimi\u201d adl\u0131 m\u0259ruz\u0259 il\u0259 \u00e7\u0131x\u0131\u015f etdi. Konfransa qat\u0131lan qonaqlardan\u00a0 Az\u0259rbaycan Respublikas\u0131n\u0131n Prezidenti yan\u0131nda \u201cBilik Fondunun\u201d icra\u00e7\u0131 direktoru dos. Oktay S\u0259m\u0259dov \u201cAz\u0259rbaycan\u0131n milli m\u0259n\u0259vi d\u0259y\u0259rl\u0259rinin t\u0259bli\u011fi v\u0259 qorunmas\u0131nda Bilik Fondunun rolu\u201d, Bak\u0131 Beyn\u0259lxalq Multikulturalizm M\u0259rk\u0259zinin Analitika \u015f\u00f6b\u0259sinin ba\u015f m\u0259sl\u0259h\u0259t\u00e7isi f\u0259ls\u0259f\u0259 \u00fczr\u0259 f\u0259ls\u0259f\u0259 doktoru R\u0259\u015fad \u0130lyasov \u201cLiberal multikulturalizm v\u0259 multikultural v\u0259t\u0259nda\u015fl\u0131q konsepsiyalar\u0131 kontekstind\u0259 Az\u0259rbaycan multikulturalizmi\u201d, Milli Tarix Muzeyinin elmi i\u015f\u00e7isi tarix \u00fczr\u0259 f\u0259ls\u0259f\u0259 doktoru \u018fli F\u0259rhadov \u201cXIX \u0259srin sonu XX \u0259srin \u0259v\u0259ll\u0259rind\u0259 Az\u0259rbaycan m\u0259tbuat\u0131nda dini maarif\u00e7ilik v\u0259 tolerantl\u0131q\u201d, h\u0259m\u00e7inin D\u0130A-n\u0131n professor-m\u00fc\u0259llim hey\u0259tind\u0259n prof. Fuad M\u0259mm\u0259dov \u201cAz\u0259rbaycan\u0131n sosial-iqtisadi inki\u015faf\u0131nda multikulturalizm siyas\u0259tinin \u0259h\u0259miyy\u0259ti\u201d, dos. Bayram Haqverdiyev \u201cAz\u0259rbaycan multikulturalizmi \u00f6lk\u0259nin beyn\u0259lxalq al\u0259m\u0259 inteqrasiya vasit\u0259si kimi\u201d, dos. \u015e\u0259fa\u0259t Abdullayeva \u201cTolerantl\u0131\u011f\u0131n psixoloji aspektl\u0259ri\u201d v\u0259 siyasi elml\u0259r \u00fczr\u0259 f\u0259ls\u0259f\u0259 doktoru Cahangir Cahangirli \u201cAz\u0259rbaycanda multikulturalizm f\u0259ls\u0259fi konsepsiya v\u0259 m\u0259d\u0259ni siyas\u0259t kimi\u201d adl\u0131 m\u0259ruz\u0259 il\u0259 \u00e7\u0131x\u0131\u015f etdil\u0259r.<\/p>\n\n\n\n<p><\/p>\n\n\n\n<figure class=\"wp-container-2 wp-block-gallery-1 wp-block-gallery columns-3 is-cropped\"><ul class=\"blocks-gallery-grid\"><li class=\"blocks-gallery-item\"><figure><img width=\"640\" height=\"424\" src=\"https:\/\/dia.edu.az\/wp-content\/uploads\/2021\/03\/cah2.jpg\" alt=\"\" data-id=\"12626\" data-full-url=\"https:\/\/dia.edu.az\/wp-content\/uploads\/2021\/03\/cah2.jpg\" data-link=\"https:\/\/dia.edu.az\/?attachment_id=12626\" class=\"wp-image-12626\" srcset=\"https:\/\/legacy.dia.edu.az\/wp-content\/uploads\/2021\/03\/cah2.jpg 640w, https:\/\/legacy.dia.edu.az\/wp-content\/uploads\/2021\/03\/cah2-300x199.jpg 300w, https:\/\/legacy.dia.edu.az\/wp-content\/uploads\/2021\/03\/cah2-16x12.jpg 16w, https:\/\/legacy.dia.edu.az\/wp-content\/uploads\/2021\/03\/cah2-150x100.jpg 150w, https:\/\/legacy.dia.edu.az\/wp-content\/uploads\/2021\/03\/cah2-300x199@2x.jpg 600w\" sizes=\"(max-width: 640px) 100vw, 640px\" \/><\/figure><\/li><li class=\"blocks-gallery-item\"><figure><img width=\"640\" height=\"424\" src=\"https:\/\/dia.edu.az\/wp-content\/uploads\/2021\/03\/cah3.jpg\" alt=\"\" data-id=\"12627\" data-full-url=\"https:\/\/dia.edu.az\/wp-content\/uploads\/2021\/03\/cah3.jpg\" data-link=\"https:\/\/dia.edu.az\/?attachment_id=12627\" class=\"wp-image-12627\" srcset=\"https:\/\/legacy.dia.edu.az\/wp-content\/uploads\/2021\/03\/cah3.jpg 640w, https:\/\/legacy.dia.edu.az\/wp-content\/uploads\/2021\/03\/cah3-300x199.jpg 300w, https:\/\/legacy.dia.edu.az\/wp-content\/uploads\/2021\/03\/cah3-16x12.jpg 16w, https:\/\/legacy.dia.edu.az\/wp-content\/uploads\/2021\/03\/cah3-150x100.jpg 150w, https:\/\/legacy.dia.edu.az\/wp-content\/uploads\/2021\/03\/cah3-300x199@2x.jpg 600w\" sizes=\"(max-width: 640px) 100vw, 640px\" \/><\/figure><\/li><li class=\"blocks-gallery-item\"><figure><img width=\"1024\" height=\"678\" src=\"https:\/\/dia.edu.az\/wp-content\/uploads\/2021\/03\/cah4-1024x678.jpg\" alt=\"\" data-id=\"12628\" data-full-url=\"https:\/\/dia.edu.az\/wp-content\/uploads\/2021\/03\/cah4-scaled.jpg\" data-link=\"https:\/\/dia.edu.az\/?attachment_id=12628\" class=\"wp-image-12628\" srcset=\"https:\/\/legacy.dia.edu.az\/wp-content\/uploads\/2021\/03\/cah4-1024x678.jpg 1024w, https:\/\/legacy.dia.edu.az\/wp-content\/uploads\/2021\/03\/cah4-300x199.jpg 300w, https:\/\/legacy.dia.edu.az\/wp-content\/uploads\/2021\/03\/cah4-1536x1017.jpg 1536w, https:\/\/legacy.dia.edu.az\/wp-content\/uploads\/2021\/03\/cah4-2048x1356.jpg 2048w, https:\/\/legacy.dia.edu.az\/wp-content\/uploads\/2021\/03\/cah4-16x12.jpg 16w, https:\/\/legacy.dia.edu.az\/wp-content\/uploads\/2021\/03\/cah4-150x100.jpg 150w, https:\/\/legacy.dia.edu.az\/wp-content\/uploads\/2021\/03\/cah4-300x199@2x.jpg 600w\" sizes=\"(max-width: 1024px) 100vw, 1024px\" \/><\/figure><\/li><li class=\"blocks-gallery-item\"><figure><img width=\"640\" height=\"424\" src=\"https:\/\/dia.edu.az\/wp-content\/uploads\/2021\/03\/cah5.jpg\" alt=\"\" data-id=\"12629\" data-full-url=\"https:\/\/dia.edu.az\/wp-content\/uploads\/2021\/03\/cah5.jpg\" data-link=\"https:\/\/dia.edu.az\/?attachment_id=12629\" class=\"wp-image-12629\" srcset=\"https:\/\/legacy.dia.edu.az\/wp-content\/uploads\/2021\/03\/cah5.jpg 640w, https:\/\/legacy.dia.edu.az\/wp-content\/uploads\/2021\/03\/cah5-300x199.jpg 300w, https:\/\/legacy.dia.edu.az\/wp-content\/uploads\/2021\/03\/cah5-16x12.jpg 16w, https:\/\/legacy.dia.edu.az\/wp-content\/uploads\/2021\/03\/cah5-150x100.jpg 150w, https:\/\/legacy.dia.edu.az\/wp-content\/uploads\/2021\/03\/cah5-300x199@2x.jpg 600w\" sizes=\"(max-width: 640px) 100vw, 640px\" \/><\/figure><\/li><\/ul><\/figure>","protected":false},"excerpt":{"rendered":"<p>D\u00f6vl\u0259t \u0130dar\u0259\u00e7ilik Akademiyas\u0131nda \u201cAz\u0259rbaycan multikulturalizmi v\u0259 milli inki\u015faf modeli\u201d m\u00f6vzusunda elmi konfrans ke\u00e7irilmi\u015fdirMay 04 , 2016 &#8211; 12:16 Az\u0259rbaycan Respublikas\u0131n\u0131n Prezidenti \u0130lham \u018fliyevin 11 mart 2016-c\u0131 il tarixli S\u0259r\u0259ncam\u0131 il\u0259 \u201c2016-c\u0131 ilin Az\u0259rbaycan Respublikas\u0131nda \u201cMultikulturalizm ili\u201d elan edilm\u0259sin\u0259 dair T\u0259dbirl\u0259r Plan\u0131\u201d t\u0259sdiq edilmi\u015fdir. Az\u0259rbaycan multikulturalizmi modelinin elmi c\u0259h\u0259td\u0259n \u00f6yr\u0259nilm\u0259si v\u0259 geni\u015f t\u0259bli\u011f olunmas\u0131 \u201cT\u0259dbirl\u0259r Plan\u0131\u201dnda [&hellip;]<\/p>","protected":false},"author":2,"featured_media":12627,"comment_status":"closed","ping_status":"closed","sticky":false,"template":"","format":"standard","meta":[],"categories":[137],"tags":[],"_links":{"self":[{"href":"https:\/\/legacy.dia.edu.az\/ru\/wp-json\/wp\/v2\/posts\/12625"}],"collection":[{"href":"https:\/\/legacy.dia.edu.az\/ru\/wp-json\/wp\/v2\/posts"}],"about":[{"href":"https:\/\/legacy.dia.edu.az\/ru\/wp-json\/wp\/v2\/types\/post"}],"author":[{"embeddable":true,"href":"https:\/\/legacy.dia.edu.az\/ru\/wp-json\/wp\/v2\/users\/2"}],"replies":[{"embeddable":true,"href":"https:\/\/legacy.dia.edu.az\/ru\/wp-json\/wp\/v2\/comments?post=12625"}],"version-history":[{"count":0,"href":"https:\/\/legacy.dia.edu.az\/ru\/wp-json\/wp\/v2\/posts\/12625\/revisions"}],"wp:featuredmedia":[{"embeddable":true,"href":"https:\/\/legacy.dia.edu.az\/ru\/wp-json\/wp\/v2\/media\/12627"}],"wp:attachment":[{"href":"https:\/\/legacy.dia.edu.az\/ru\/wp-json\/wp\/v2\/media?parent=12625"}],"wp:term":[{"taxonomy":"category","embeddable":true,"href":"https:\/\/legacy.dia.edu.az\/ru\/wp-json\/wp\/v2\/categories?post=12625"},{"taxonomy":"post_tag","embeddable":true,"href":"https:\/\/legacy.dia.edu.az\/ru\/wp-json\/wp\/v2\/tags?post=12625"}],"curies":[{"name":"wp","href":"https:\/\/api.w.org\/{rel}","templated":true}]}}