{"id":12621,"date":"2016-05-04T17:46:00","date_gmt":"2016-05-04T14:46:00","guid":{"rendered":"https:\/\/dia.edu.az\/?p=12621"},"modified":"2021-03-16T17:47:27","modified_gmt":"2021-03-16T14:47:27","slug":"beyn%c9%99lxalq-yer-gunun%c9%99-h%c9%99sr-olunmus-muhazir%c9%99-dinl%c9%99nilmisdir","status":"publish","type":"post","link":"https:\/\/legacy.dia.edu.az\/ru\/arxivl\u0259r\/12621","title":{"rendered":"Beyn\u0259lxalq Yer G\u00fcn\u00fcn\u0259 h\u0259sr olunmu\u015f m\u00fchazir\u0259 dinl\u0259nilmi\u015fdir"},"content":{"rendered":"<p><\/p>\n\n\n\n<p><strong>Beyn\u0259lxalq Yer G\u00fcn\u00fcn\u0259 h\u0259sr olunmu\u015f m\u00fchazir\u0259 dinl\u0259nilmi\u015fdir<\/strong><br><em>May 04 , 2016 &#8211; 11:34<\/em><\/p>\n\n\n\n<p>Aprel 29-da Bak\u0131 \u015f\u0259h\u0259ri Yasamal rayon 60 sayl\u0131 orta m\u0259kt\u0259bin kollektivi v\u0259 yuxar\u0131 sinif \u015fagirdl\u0259rin\u0259 &nbsp;Beyn\u0259lxalq \u201cYer G\u00fcn\u00fc\u201dn\u0259 h\u0259sr olunmu\u015f m\u00fchazir\u0259 t\u0259\u015fkil olunmu\u015fdur.<\/p>\n\n\n\n<p>M\u0259kt\u0259blil\u0259rin qar\u015f\u0131s\u0131nda Az\u0259rbaycan Respublikas\u0131n\u0131n Prezidenti yan\u0131nda D\u00f6vl\u0259t \u0130dar\u0259\u00e7ilik Akademiyas\u0131n\u0131n \u201c\u0130nzibati \u0130dar\u0259etm\u0259\u201d fak\u00fclt\u0259sinin dekan\u0131 professor \u00c7ingiz \u0130smay\u0131lov v\u0259 g\u0259nc m\u00fct\u0259x\u0259ssis Nicat \u018fhm\u0259dov \u0259traf m\u00fchitin m\u00fchafiz\u0259sin\u0259 dair m\u00fchazir\u0259, slaydlar v\u0259 video g\u00f6r\u00fcnt\u00fc il\u0259 \u00e7\u0131x\u0131\u015f etmi\u015fdirl\u0259r.<\/p>\n\n\n\n<p>T\u0259qdim olunan materiallarda &#8220;Beyn\u0259lxalq Yer g\u00fcn\u00fc&#8221;n\u00fcn d\u00fcnyada qeyd olunmas\u0131 v\u0259 yaranma tarixi haqq\u0131nda \u015fagirdl\u0259r m\u0259lumatland\u0131r\u0131lm\u0131\u015fd\u0131r.<\/p>\n\n\n\n<p>\u00c7\u0131x\u0131\u015flarda son ill\u0259rd\u0259 \u00a0Respublikam\u0131zda bu istiqam\u0259td\u0259 aparlan t\u0259dbirl\u0259r haqq\u0131nda dan\u0131\u015faraq h\u0259r bir g\u0259ncin \u0259traf m\u00fchitin m\u00fchafiz\u0259sind\u0259 f\u0259al i\u015ftirak\u0131n\u0131n vacib oldu\u011funu bildirmi\u015f, t\u0259qdim edil\u0259n slaydlar \u015f\u0259hr edil\u0259r\u0259k d\u00fcnyada t\u0259bii s\u0259rv\u0259tl\u0259rin istifad\u0259si v\u0259 m\u00fchafiz\u0259sin\u0259 aid \u0259n vacib m\u0259s\u0259l\u0259l\u0259r haqq\u0131nda qeyd edilmi\u015f, \u00f6lk\u0259mizin davaml\u0131 ink\u0131\u015faf\u0131nda g\u0259l\u0259c\u0259k n\u0259slin t\u0259bii s\u0259rv\u0259tl\u0259rd\u0259n s\u0259m\u0259r\u0259li istifad\u0259si v\u0259 m\u00fchaf\u0259z\u0259si sah\u0259sind\u0259 rolunun artmas\u0131na diqq\u0259t \u00e7\u0259kilmi\u015fdir. G\u00f6r\u00fc\u015f\u00fcn sonunda \u015fagirdl\u0259r t\u0259r\u0259find\u0259n veiril\u0259n suallar cavabland\u0131r\u0131lm\u0131\u015fd\u0131r.<\/p>\n\n\n\n<p><\/p>\n\n\n\n<figure class=\"wp-container-2 wp-block-gallery-1 wp-block-gallery columns-2 is-cropped\"><ul class=\"blocks-gallery-grid\"><li class=\"blocks-gallery-item\"><figure><img width=\"640\" height=\"480\" src=\"https:\/\/dia.edu.az\/wp-content\/uploads\/2021\/03\/1B.jpg\" alt=\"\" data-id=\"12622\" data-full-url=\"https:\/\/dia.edu.az\/wp-content\/uploads\/2021\/03\/1B.jpg\" data-link=\"https:\/\/dia.edu.az\/?attachment_id=12622\" class=\"wp-image-12622\" srcset=\"https:\/\/legacy.dia.edu.az\/wp-content\/uploads\/2021\/03\/1B.jpg 640w, https:\/\/legacy.dia.edu.az\/wp-content\/uploads\/2021\/03\/1B-300x225.jpg 300w, https:\/\/legacy.dia.edu.az\/wp-content\/uploads\/2021\/03\/1B-16x12.jpg 16w, https:\/\/legacy.dia.edu.az\/wp-content\/uploads\/2021\/03\/1B-300x225@2x.jpg 600w\" sizes=\"(max-width: 640px) 100vw, 640px\" \/><\/figure><\/li><li class=\"blocks-gallery-item\"><figure><img width=\"640\" height=\"480\" src=\"https:\/\/dia.edu.az\/wp-content\/uploads\/2021\/03\/2B.jpg\" alt=\"\" data-id=\"12623\" data-full-url=\"https:\/\/dia.edu.az\/wp-content\/uploads\/2021\/03\/2B.jpg\" data-link=\"https:\/\/dia.edu.az\/?attachment_id=12623\" class=\"wp-image-12623\" srcset=\"https:\/\/legacy.dia.edu.az\/wp-content\/uploads\/2021\/03\/2B.jpg 640w, https:\/\/legacy.dia.edu.az\/wp-content\/uploads\/2021\/03\/2B-300x225.jpg 300w, https:\/\/legacy.dia.edu.az\/wp-content\/uploads\/2021\/03\/2B-16x12.jpg 16w, https:\/\/legacy.dia.edu.az\/wp-content\/uploads\/2021\/03\/2B-300x225@2x.jpg 600w\" sizes=\"(max-width: 640px) 100vw, 640px\" \/><\/figure><\/li><\/ul><\/figure>","protected":false},"excerpt":{"rendered":"<p>Beyn\u0259lxalq Yer G\u00fcn\u00fcn\u0259 h\u0259sr olunmu\u015f m\u00fchazir\u0259 dinl\u0259nilmi\u015fdirMay 04 , 2016 &#8211; 11:34 Aprel 29-da Bak\u0131 \u015f\u0259h\u0259ri Yasamal rayon 60 sayl\u0131 orta m\u0259kt\u0259bin kollektivi v\u0259 yuxar\u0131 sinif \u015fagirdl\u0259rin\u0259 &nbsp;Beyn\u0259lxalq \u201cYer G\u00fcn\u00fc\u201dn\u0259 h\u0259sr olunmu\u015f m\u00fchazir\u0259 t\u0259\u015fkil olunmu\u015fdur. M\u0259kt\u0259blil\u0259rin qar\u015f\u0131s\u0131nda Az\u0259rbaycan Respublikas\u0131n\u0131n Prezidenti yan\u0131nda D\u00f6vl\u0259t \u0130dar\u0259\u00e7ilik Akademiyas\u0131n\u0131n \u201c\u0130nzibati \u0130dar\u0259etm\u0259\u201d fak\u00fclt\u0259sinin dekan\u0131 professor \u00c7ingiz \u0130smay\u0131lov v\u0259 g\u0259nc m\u00fct\u0259x\u0259ssis Nicat [&hellip;]<\/p>","protected":false},"author":2,"featured_media":12623,"comment_status":"closed","ping_status":"closed","sticky":false,"template":"","format":"standard","meta":[],"categories":[137],"tags":[],"_links":{"self":[{"href":"https:\/\/legacy.dia.edu.az\/ru\/wp-json\/wp\/v2\/posts\/12621"}],"collection":[{"href":"https:\/\/legacy.dia.edu.az\/ru\/wp-json\/wp\/v2\/posts"}],"about":[{"href":"https:\/\/legacy.dia.edu.az\/ru\/wp-json\/wp\/v2\/types\/post"}],"author":[{"embeddable":true,"href":"https:\/\/legacy.dia.edu.az\/ru\/wp-json\/wp\/v2\/users\/2"}],"replies":[{"embeddable":true,"href":"https:\/\/legacy.dia.edu.az\/ru\/wp-json\/wp\/v2\/comments?post=12621"}],"version-history":[{"count":0,"href":"https:\/\/legacy.dia.edu.az\/ru\/wp-json\/wp\/v2\/posts\/12621\/revisions"}],"wp:featuredmedia":[{"embeddable":true,"href":"https:\/\/legacy.dia.edu.az\/ru\/wp-json\/wp\/v2\/media\/12623"}],"wp:attachment":[{"href":"https:\/\/legacy.dia.edu.az\/ru\/wp-json\/wp\/v2\/media?parent=12621"}],"wp:term":[{"taxonomy":"category","embeddable":true,"href":"https:\/\/legacy.dia.edu.az\/ru\/wp-json\/wp\/v2\/categories?post=12621"},{"taxonomy":"post_tag","embeddable":true,"href":"https:\/\/legacy.dia.edu.az\/ru\/wp-json\/wp\/v2\/tags?post=12621"}],"curies":[{"name":"wp","href":"https:\/\/api.w.org\/{rel}","templated":true}]}}