{"id":12612,"date":"2016-05-11T17:41:00","date_gmt":"2016-05-11T14:41:00","guid":{"rendered":"https:\/\/dia.edu.az\/?p=12612"},"modified":"2021-03-16T17:43:03","modified_gmt":"2021-03-16T14:43:03","slug":"dovl%c9%99t-idar%c9%99cilik-akademiyasinda-turkiy%c9%99nin-yuks%c9%99k-v%c9%99zif%c9%99li-dovl%c9%99t-qulluqculari-ucun-t%c9%99lim-seminarlar-kecirilir","status":"publish","type":"post","link":"https:\/\/legacy.dia.edu.az\/ru\/arxivl\u0259r\/12612","title":{"rendered":"D\u00f6vl\u0259t \u0130dar\u0259\u00e7ilik Akademiyas\u0131nda Turkiy\u0259nin y\u00fcks\u0259k v\u0259zif\u0259li d\u00f6vl\u0259t qulluq\u00e7ular\u0131 \u00fc\u00e7\u00fcn t\u0259lim-seminarlar ke\u00e7irilir"},"content":{"rendered":"<p><\/p>\n\n\n\n<p><strong>D\u00f6vl\u0259t \u0130dar\u0259\u00e7ilik Akademiyas\u0131nda Turkiy\u0259nin y\u00fcks\u0259k v\u0259zif\u0259li d\u00f6vl\u0259t qulluq\u00e7ular\u0131 \u00fc\u00e7\u00fcn t\u0259lim-seminarlar ke\u00e7irilir<\/strong><br><em>May 11 , 2016 &#8211; 10:32<\/em><\/p>\n\n\n\n<p>May\u0131n 10-dan Az\u0259rbaycan Respublikas\u0131n\u0131n Prezidenti yan\u0131nda D\u00f6vl\u0259t \u0130dar\u0259\u00e7ilik Akademiyas\u0131 (D\u0130A) il\u0259 T\u00fcrkiy\u0259 v\u0259 Orta \u015e\u0259rq D\u00f6vl\u0259t \u0130dar\u0259etm\u0259 \u0130nstitutu (TODA\u0130E) aras\u0131nda imzalanm\u0131\u015f Anla\u015fma Protokolu \u00e7\u0259r\u00e7iv\u0259sind\u0259 birg\u0259 yarad\u0131lan \u201cQafqaz D\u00f6vl\u0259t \u0130dar\u0259\u00e7iliyi Ara\u015fd\u0131rma v\u0259 T\u0259dris M\u0259rk\u0259zi\u201dnd\u0259 Turkiy\u0259nin y\u00fcks\u0259k v\u0259zif\u0259li d\u00f6vl\u0259t qulluq\u00e7ular\u0131 \u00fc\u00e7\u00fcn t\u0259lim-seminarlar ke\u00e7irilir.<\/p>\n\n\n\n<p>T\u0259lim-seminarlarda T\u00fcrkiy\u0259nin T\u0259hsil, \u018fdliyy\u0259, Daxili \u0130\u015fl\u0259r, Maliyy\u0259, S\u0259hiyy\u0259, M\u00fcdafi\u0259, N\u0259qliyyat D\u0259niz\u00e7ilik v\u0259 \u0130nformasiya, Sosial M\u00fcdafi\u0259, K\u0259nd T\u0259s\u0259rr\u00fcfat\u0131 nazirlikl\u0259rinin, M\u0259rk\u0259z Bank\u0131, \u018ftraf M\u00fchit v\u0259 \u015e\u0259h\u0259rsalma, Radio v\u0259 Televiziya \u00dcst Qurumu v\u0259 dig\u0259r m\u0259rk\u0259zi qurumlar\u0131n y\u00fcks\u0259k v\u0259zif\u0259li d\u00f6vl\u0259t qulluq\u00e7ular\u0131ndan ibar\u0259t hey\u0259t i\u015ftirak edirl\u0259r.<\/p>\n\n\n\n<p>Az\u0259rbaycan Respublikas\u0131n\u0131n Prezidenti yan\u0131nda D\u00f6vl\u0259t \u0130dar\u0259\u00e7ilik Akademiyas\u0131n\u0131n rektoru, akademik Urxan \u018fl\u0259kb\u0259rov t\u0259dbiri a\u00e7araq T\u00fcrkiy\u0259nin Az\u0259rbaycandak\u0131 F\u00f6vq\u0259lad\u0259 v\u0259 S\u0259lahiyy\u0259tli S\u0259firi Alper Co\u015fqunu v\u0259 dig\u0259r qonaqlar\u0131 salamlam\u0131\u015f, seminar\u0131n i\u015fin\u0259 u\u011furlar arzulam\u0131\u015fd\u0131r. Daha sonra rektor Az\u0259rbaycan xalq\u0131n\u0131n \u00fcmummilli lider Heyd\u0259r \u018fliyevin d\u00f6vl\u0259t idar\u0259\u00e7iliyi irsind\u0259n, bu sah\u0259d\u0259 u\u011furlu f\u0259aliyy\u0259tind\u0259n, bu g\u00fcn Az\u0259rbaycan Respublikas\u0131n\u0131n Prezidenti \u0130lham \u018fliyev t\u0259r\u0259find\u0259n u\u011furla ger\u00e7\u0259kl\u0259\u015fdiril\u0259n elm\u0259 \u0259saslanan innovativ d\u00f6vl\u0259t idar\u0259\u00e7iliyi strategiyas\u0131ndan dan\u0131\u015f\u0131b.<\/p>\n\n\n\n<p>Sonra T\u00fcrkiy\u0259 v\u0259 Orta \u015e\u0259rq D\u00f6vl\u0259t \u0130dar\u0259etm\u0259 \u0130nstitutunun (TODA\u0130E) professoru Seriye Sezen \u00e7\u0131x\u0131\u015f ed\u0259r\u0259k Az\u0259rbaycan v\u0259 T\u00fcrkiy\u0259nin regionun g\u00fcc m\u0259rk\u0259zl\u0259ri olmaqla yana\u015f\u0131 eyni zamanda elm, bilik m\u0259rk\u0259zi kimi formala\u015fmas\u0131 bax\u0131m\u0131\u0131ndan \u0259h\u0259miyy\u0259tini qeyd etdi, h\u0259r iki \u00f6lk\u0259nin d\u00f6vl\u0259t qulluq\u00e7ular\u0131n\u0131n t\u0259cr\u00fcb\u0259 m\u00fcbadil\u0259sinin olmas\u0131n\u0131, kadr potensial\u0131n\u0131n t\u0259kmill\u0259\u015fdirilm\u0259si sah\u0259sind\u0259 h\u0259yata ke\u00e7iril\u0259n t\u0259\u015f\u0259bb\u00fcsl\u0259rin \u0259h\u0259miyy\u0259tini diqq\u0259t\u0259 \u00e7atd\u0131rd\u0131.<\/p>\n\n\n\n<p>Daha sonra T\u00fcrkiy\u0259nin Az\u0259rbaycandak\u0131 F\u00f6vq\u0259lad\u0259 v\u0259 S\u0259lahiyy\u0259tli S\u0259firi Alper Co\u015fqun \u201cAz\u0259rbaycan-T\u00fcrkiy\u0259 m\u00fcnasib\u0259tl\u0259ri\u201d m\u00f6vzusunda m\u0259ruz\u0259 ed\u0259r\u0259k iki \u00f6lk\u0259 aras\u0131nda olan strateji \u0259m\u0259kda\u015fl\u0131\u011f\u0131n g\u00fccl\u0259ndirilm\u0259sin\u0259 veril\u0259n t\u00f6hf\u0259l\u0259r, bu \u0259m\u0259kda\u015fl\u0131q perspektivl\u0259r\u0131 v\u0259.dig\u0259r m\u0259s\u0259l\u0259l\u0259r bar\u0259d\u0259 fikirl\u0259rini b\u00f6l\u00fc\u015fd\u00fc. S\u0259fir qeyd etdi ki, T\u00fcrkiy\u0259 v\u0259 Az\u0259rbaycan \u0259laq\u0259l\u0259ri h\u0259qiq\u0259t\u0259n m\u00fck\u0259mm\u0259l s\u0259viyy\u0259d\u0259dir. Az\u0259rbaycan v\u0259 T\u00fcrkiy\u0259nin qoydu\u011fu b\u00f6y\u00fck h\u0259d\u0259fl\u0259r\u0259 \u00e7atmalar\u0131 \u00fc\u00e7\u00fcn daha \u00e7ox i\u015f g\u00f6r\u00fclm\u0259lidir v\u0259 bel\u0259 bir imkan da m\u00f6vcuddur. Az\u0259rbaycan\u0131n beyn\u0259lxalq al\u0259md\u0259 y\u00fcks\u0259l\u0259n, inki\u015faf ed\u0259n, vacib enerji resurslar\u0131n\u0131n oldu\u011fu, iddial\u0131, g\u0259l\u0259c\u0259yi parlaq bir \u00f6lk\u0259 oldu\u011funu diqq\u0259t\u0259 \u00e7atd\u0131r\u0131b. Daha sonra t\u0259lim-seminar i\u015ftirak\u00e7\u0131lar\u0131n\u0131n suallar\u0131 cavabland\u0131r\u0131l\u0131b.\u00a0<\/p>\n\n\n\n<p><\/p>\n\n\n\n<figure class=\"wp-container-2 wp-block-gallery-1 wp-block-gallery columns-1 is-cropped\"><ul class=\"blocks-gallery-grid\"><li class=\"blocks-gallery-item\"><figure><img width=\"640\" height=\"424\" src=\"https:\/\/dia.edu.az\/wp-content\/uploads\/2021\/03\/todae.jpg\" alt=\"\" data-id=\"12613\" data-full-url=\"https:\/\/dia.edu.az\/wp-content\/uploads\/2021\/03\/todae.jpg\" data-link=\"https:\/\/dia.edu.az\/?attachment_id=12613\" class=\"wp-image-12613\" srcset=\"https:\/\/legacy.dia.edu.az\/wp-content\/uploads\/2021\/03\/todae.jpg 640w, https:\/\/legacy.dia.edu.az\/wp-content\/uploads\/2021\/03\/todae-300x199.jpg 300w, https:\/\/legacy.dia.edu.az\/wp-content\/uploads\/2021\/03\/todae-16x12.jpg 16w, https:\/\/legacy.dia.edu.az\/wp-content\/uploads\/2021\/03\/todae-150x100.jpg 150w, https:\/\/legacy.dia.edu.az\/wp-content\/uploads\/2021\/03\/todae-300x199@2x.jpg 600w\" sizes=\"(max-width: 640px) 100vw, 640px\" \/><\/figure><\/li><\/ul><\/figure>","protected":false},"excerpt":{"rendered":"<p>D\u00f6vl\u0259t \u0130dar\u0259\u00e7ilik Akademiyas\u0131nda Turkiy\u0259nin y\u00fcks\u0259k v\u0259zif\u0259li d\u00f6vl\u0259t qulluq\u00e7ular\u0131 \u00fc\u00e7\u00fcn t\u0259lim-seminarlar ke\u00e7irilirMay 11 , 2016 &#8211; 10:32 May\u0131n 10-dan Az\u0259rbaycan Respublikas\u0131n\u0131n Prezidenti yan\u0131nda D\u00f6vl\u0259t \u0130dar\u0259\u00e7ilik Akademiyas\u0131 (D\u0130A) il\u0259 T\u00fcrkiy\u0259 v\u0259 Orta \u015e\u0259rq D\u00f6vl\u0259t \u0130dar\u0259etm\u0259 \u0130nstitutu (TODA\u0130E) aras\u0131nda imzalanm\u0131\u015f Anla\u015fma Protokolu \u00e7\u0259r\u00e7iv\u0259sind\u0259 birg\u0259 yarad\u0131lan \u201cQafqaz D\u00f6vl\u0259t \u0130dar\u0259\u00e7iliyi Ara\u015fd\u0131rma v\u0259 T\u0259dris M\u0259rk\u0259zi\u201dnd\u0259 Turkiy\u0259nin y\u00fcks\u0259k v\u0259zif\u0259li d\u00f6vl\u0259t qulluq\u00e7ular\u0131 \u00fc\u00e7\u00fcn [&hellip;]<\/p>","protected":false},"author":2,"featured_media":12613,"comment_status":"closed","ping_status":"closed","sticky":false,"template":"","format":"standard","meta":[],"categories":[137],"tags":[],"_links":{"self":[{"href":"https:\/\/legacy.dia.edu.az\/ru\/wp-json\/wp\/v2\/posts\/12612"}],"collection":[{"href":"https:\/\/legacy.dia.edu.az\/ru\/wp-json\/wp\/v2\/posts"}],"about":[{"href":"https:\/\/legacy.dia.edu.az\/ru\/wp-json\/wp\/v2\/types\/post"}],"author":[{"embeddable":true,"href":"https:\/\/legacy.dia.edu.az\/ru\/wp-json\/wp\/v2\/users\/2"}],"replies":[{"embeddable":true,"href":"https:\/\/legacy.dia.edu.az\/ru\/wp-json\/wp\/v2\/comments?post=12612"}],"version-history":[{"count":0,"href":"https:\/\/legacy.dia.edu.az\/ru\/wp-json\/wp\/v2\/posts\/12612\/revisions"}],"wp:featuredmedia":[{"embeddable":true,"href":"https:\/\/legacy.dia.edu.az\/ru\/wp-json\/wp\/v2\/media\/12613"}],"wp:attachment":[{"href":"https:\/\/legacy.dia.edu.az\/ru\/wp-json\/wp\/v2\/media?parent=12612"}],"wp:term":[{"taxonomy":"category","embeddable":true,"href":"https:\/\/legacy.dia.edu.az\/ru\/wp-json\/wp\/v2\/categories?post=12612"},{"taxonomy":"post_tag","embeddable":true,"href":"https:\/\/legacy.dia.edu.az\/ru\/wp-json\/wp\/v2\/tags?post=12612"}],"curies":[{"name":"wp","href":"https:\/\/api.w.org\/{rel}","templated":true}]}}