{"id":12584,"date":"2016-06-14T17:25:00","date_gmt":"2016-06-14T14:25:00","guid":{"rendered":"https:\/\/dia.edu.az\/?p=12584"},"modified":"2021-03-16T17:27:02","modified_gmt":"2021-03-16T14:27:02","slug":"dovl%c9%99t-idar%c9%99cilik-akademiyasinda-15-iyun-milli-qurtulus-gunu-qeyd-edilmisdir-3","status":"publish","type":"post","link":"https:\/\/legacy.dia.edu.az\/ru\/arxivl\u0259r\/12584","title":{"rendered":"D\u00f6vl\u0259t \u0130dar\u0259\u00e7ilik Akademiyas\u0131nda 15 iyun Milli Qurtulu\u015f G\u00fcn\u00fc qeyd edilmi\u015fdir"},"content":{"rendered":"<p><\/p>\n\n\n\n<p><strong>D\u00f6vl\u0259t \u0130dar\u0259\u00e7ilik Akademiyas\u0131nda 15 iyun Milli Qurtulu\u015f G\u00fcn\u00fc qeyd edilmi\u015fdir<\/strong><br><em>\u0130yn 14 , 2016 &#8211; 03:24<\/em><\/p>\n\n\n\n<p>\u0130yunun 14-d\u0259 Az\u0259rbaycan Respublikas\u0131n\u0131n Prezidenti yan\u0131nda D\u00f6vl\u0259t \u0130dar\u0259\u00e7ilik Akademiyas\u0131nda Heyd\u0259r \u018fliyev M\u0259rk\u0259zinin d\u0259st\u0259yi il\u0259 yarad\u0131lan \u201cHeyd\u0259r \u018fliyev D\u00f6vl\u0259t \u0130dar\u0259\u00e7iliyi M\u0259kt\u0259bi\u201dnd\u0259&nbsp;&nbsp;<strong>15 iyun-Milli Qurtulu\u015f g\u00fcn\u00fcn\u0259<\/strong>&nbsp;h\u0259sr olunmu\u015f elmi-praktik konfrans ke\u00e7irilmi\u015fdir.<\/p>\n\n\n\n<p>&nbsp;&nbsp;&nbsp;&nbsp;&nbsp;&nbsp;&nbsp;&nbsp;&nbsp;&nbsp;&nbsp; Elmi-praktik konfrans\u0131 Akademiyan\u0131n rektoru, akademik U<strong>rxan \u018fl\u0259kb\u0259rov&nbsp;<\/strong>a\u00e7araq m\u00fcst\u0259qil Az\u0259rbaycan\u0131n memar\u0131 v\u0259 qurucusu, \u00dcmummilli lider Heyd\u0259r \u018fliyevin siyasi hakimiyy\u0259t\u0259 qay\u0131d\u0131\u015f\u0131n\u0131 m\u00fcst\u0259qillik tarixin\u0259 \u201cMilli Qurtulu\u015f G\u00fcn\u00fc\u201d kimi daxil olmas\u0131ndan, \u00dcmummilli Lider Heyd\u0259r \u018fliyevin b\u00f6y\u00fck \u00e7\u0259tinlikl\u0259r\u0259 baxmayaraq m\u00fcst\u0259qilliyimizin qorunmas\u0131 istiqam\u0259tind\u0259 apard\u0131\u011f\u0131 m\u00fcdrik siyas\u0259td\u0259n, h\u0259m\u00e7inin bug\u00fcnk\u00fc y\u00fcks\u0259k davaml\u0131 inki\u015fafa nail olma\u011f\u0131m\u0131z\u0131n \u0259saslar\u0131n\u0131 qeyd etmi\u015f, \u00f6lk\u0259 Prezidenti c\u0259nab \u0130lham \u018fliyevin \u00f6lk\u0259nin t\u0259r\u0259qqisi, xalq\u0131n rifah\u0131 namin\u0259 g\u00f6rd\u00fcy\u00fc i\u015fl\u0259rin \u0259h\u0259miyy\u0259tind\u0259n s\u00f6z a\u00e7m\u0131\u015fd\u0131r.<\/p>\n\n\n\n<p>Rektor, xalq\u0131n \u00f6z xilaskar\u0131 kimi Heyd\u0259r \u018fliyev\u0259 \u00fcz tutmas\u0131n\u0131n d\u00fczg\u00fcn tarixi se\u00e7im oldu\u011funu qeyd etmi\u015f, Ulu \u00d6nd\u0259rin ideyalar\u0131n\u0131 u\u011furla v\u0259 yarad\u0131c\u0131l\u0131qla h\u0259yata ke\u00e7ir\u0259n \u00f6lk\u0259 prezidenti c\u0259nab \u0130lham \u018fliyevin respublikam\u0131z\u0131n davaml\u0131 inki\u015faf\u0131 namin\u0259 g\u00f6rd\u00fcy\u00fc i\u015fl\u0259rd\u0259n dan\u0131\u015fm\u0131\u015f, bu ill\u0259r \u0259rzind\u0259 \u0259ld\u0259 etdiyimiz u\u011furlar\u0131n qazan\u0131lmas\u0131 istiqam\u0259tind\u0259 onun apard\u0131\u011f\u0131 m\u00fcdrik siyas\u0259t n\u0259tic\u0259sind\u0259 \u00f6lk\u0259mizin potensial\u0131n\u0131n v\u0259 n\u00fcfuzunun g\u00fcnb\u0259g\u00fcn artd\u0131\u011f\u0131n\u0131 qeyd etmi\u015fdir.<\/p>\n\n\n\n<p>Elmi-praktik konfransda \u00e7\u0131x\u0131\u015f ed\u0259n Milli M\u0259clisin deputat\u0131, D\u0130A-n\u0131n \u201cSiyasi ara\u015fd\u0131rmalar institutu\u201dnun m\u00fcdiri, siyasi elml\u0259r doktoru, professor Elman N\u0259sirov, Milli M\u0259clisin deputat\u0131, D\u00f6vl\u0259t \u0130dar\u0259\u00e7ilik Akademiyas\u0131 \u201cD\u00f6vl\u0259t qullu\u011fu v\u0259 kadr siyas\u0259t kafedaras\u0131\u201dn\u0131n dosenti, siyasi elml\u0259r naziz\u0259di Ayd\u0131n Mirz\u0259zad\u0259 v\u0259 dig\u0259r \u00e7\u0131x\u0131\u015f ed\u0259n m\u0259ruz\u0259\u00e7il\u0259r Heyd\u0259r \u018fliyevin xilaskarl\u0131q missiyas\u0131n\u0131n tariximiz\u0259 Milli Qurtulu\u015f G\u00fcn\u00fc kimi daxil olmas\u0131 bar\u0259d\u0259 fikirl\u0259rini, Ulu \u00d6nd\u0259rin hakimiyy\u0259ti d\u00f6vr\u00fcnd\u0259 Az\u0259rbaycan\u0131n b\u00f6y\u00fck u\u011furlara imza atd\u0131\u011f\u0131n\u0131, bu g\u00fcn h\u0259min siyas\u0259tin Prezident \u0130lham \u018fliyev t\u0259r\u0259find\u0259n ard\u0131c\u0131l v\u0259 m\u0259qs\u0259dy\u00f6nl\u00fc \u015f\u0259kild\u0259 davam etdirildiyi vur\u011fulan\u0131b.<\/p>\n\n\n\n<p><\/p>\n\n\n\n<figure class=\"wp-container-2 wp-block-gallery-1 wp-block-gallery columns-1 is-cropped\"><ul class=\"blocks-gallery-grid\"><li class=\"blocks-gallery-item\"><figure><img width=\"640\" height=\"424\" src=\"https:\/\/dia.edu.az\/wp-content\/uploads\/2021\/03\/151465903819.jpg\" alt=\"\" data-id=\"12585\" data-full-url=\"https:\/\/dia.edu.az\/wp-content\/uploads\/2021\/03\/151465903819.jpg\" data-link=\"https:\/\/dia.edu.az\/?attachment_id=12585\" class=\"wp-image-12585\" srcset=\"https:\/\/legacy.dia.edu.az\/wp-content\/uploads\/2021\/03\/151465903819.jpg 640w, https:\/\/legacy.dia.edu.az\/wp-content\/uploads\/2021\/03\/151465903819-300x199.jpg 300w, https:\/\/legacy.dia.edu.az\/wp-content\/uploads\/2021\/03\/151465903819-16x12.jpg 16w, https:\/\/legacy.dia.edu.az\/wp-content\/uploads\/2021\/03\/151465903819-150x100.jpg 150w, https:\/\/legacy.dia.edu.az\/wp-content\/uploads\/2021\/03\/151465903819-300x199@2x.jpg 600w\" sizes=\"(max-width: 640px) 100vw, 640px\" \/><\/figure><\/li><\/ul><\/figure>","protected":false},"excerpt":{"rendered":"<p>D\u00f6vl\u0259t \u0130dar\u0259\u00e7ilik Akademiyas\u0131nda 15 iyun Milli Qurtulu\u015f G\u00fcn\u00fc qeyd edilmi\u015fdir\u0130yn 14 , 2016 &#8211; 03:24 \u0130yunun 14-d\u0259 Az\u0259rbaycan Respublikas\u0131n\u0131n Prezidenti yan\u0131nda D\u00f6vl\u0259t \u0130dar\u0259\u00e7ilik Akademiyas\u0131nda Heyd\u0259r \u018fliyev M\u0259rk\u0259zinin d\u0259st\u0259yi il\u0259 yarad\u0131lan \u201cHeyd\u0259r \u018fliyev D\u00f6vl\u0259t \u0130dar\u0259\u00e7iliyi M\u0259kt\u0259bi\u201dnd\u0259&nbsp;&nbsp;15 iyun-Milli Qurtulu\u015f g\u00fcn\u00fcn\u0259&nbsp;h\u0259sr olunmu\u015f elmi-praktik konfrans ke\u00e7irilmi\u015fdir. &nbsp;&nbsp;&nbsp;&nbsp;&nbsp;&nbsp;&nbsp;&nbsp;&nbsp;&nbsp;&nbsp; Elmi-praktik konfrans\u0131 Akademiyan\u0131n rektoru, akademik Urxan \u018fl\u0259kb\u0259rov&nbsp;a\u00e7araq m\u00fcst\u0259qil Az\u0259rbaycan\u0131n memar\u0131 v\u0259 qurucusu, [&hellip;]<\/p>","protected":false},"author":2,"featured_media":12585,"comment_status":"closed","ping_status":"closed","sticky":false,"template":"","format":"standard","meta":[],"categories":[137],"tags":[],"_links":{"self":[{"href":"https:\/\/legacy.dia.edu.az\/ru\/wp-json\/wp\/v2\/posts\/12584"}],"collection":[{"href":"https:\/\/legacy.dia.edu.az\/ru\/wp-json\/wp\/v2\/posts"}],"about":[{"href":"https:\/\/legacy.dia.edu.az\/ru\/wp-json\/wp\/v2\/types\/post"}],"author":[{"embeddable":true,"href":"https:\/\/legacy.dia.edu.az\/ru\/wp-json\/wp\/v2\/users\/2"}],"replies":[{"embeddable":true,"href":"https:\/\/legacy.dia.edu.az\/ru\/wp-json\/wp\/v2\/comments?post=12584"}],"version-history":[{"count":0,"href":"https:\/\/legacy.dia.edu.az\/ru\/wp-json\/wp\/v2\/posts\/12584\/revisions"}],"wp:featuredmedia":[{"embeddable":true,"href":"https:\/\/legacy.dia.edu.az\/ru\/wp-json\/wp\/v2\/media\/12585"}],"wp:attachment":[{"href":"https:\/\/legacy.dia.edu.az\/ru\/wp-json\/wp\/v2\/media?parent=12584"}],"wp:term":[{"taxonomy":"category","embeddable":true,"href":"https:\/\/legacy.dia.edu.az\/ru\/wp-json\/wp\/v2\/categories?post=12584"},{"taxonomy":"post_tag","embeddable":true,"href":"https:\/\/legacy.dia.edu.az\/ru\/wp-json\/wp\/v2\/tags?post=12584"}],"curies":[{"name":"wp","href":"https:\/\/api.w.org\/{rel}","templated":true}]}}