{"id":12572,"date":"2016-09-15T17:21:00","date_gmt":"2016-09-15T14:21:00","guid":{"rendered":"https:\/\/dia.edu.az\/?p=12572"},"modified":"2021-03-16T17:22:49","modified_gmt":"2021-03-16T14:22:49","slug":"15-sentyabr-bilik-gunu","status":"publish","type":"post","link":"https:\/\/legacy.dia.edu.az\/ru\/arxivl\u0259r\/12572","title":{"rendered":"15 SENTYABR &#8220;B\u0130L\u0130K G\u00dcN\u00dc&#8221;"},"content":{"rendered":"<p><\/p>\n\n\n\n<p><strong>15 SENTYABR &#8220;B\u0130L\u0130K G\u00dcN\u00dc&#8221;<\/strong><br><em>Sen 15 , 2016 &#8211; 12:47<\/em><\/p>\n\n\n\n<p><strong>D\u00f6vl\u0259t \u0130dar\u0259\u00e7ilik Akademiyas\u0131 idar\u0259\u00e7i kadrlar\u0131n&nbsp;haz\u0131rlanmas\u0131nda \u00f6n\u0259mli yer tutur<\/strong><\/p>\n\n\n\n<p>Sentyabr\u0131n 15-d\u0259 Az\u0259rbaycan Respublikas\u0131n\u0131n Prezidenti yan\u0131nda D\u00f6vl\u0259t \u0130dar\u0259\u00e7ilik Akademiyas\u0131nda (D\u0130A) \u201cBilik g\u00fcn\u00fc\u201d il\u0259 \u0259laq\u0259dar t\u0259dbir ke\u00e7irilib.<\/p>\n\n\n\n<p>T\u0259dbird\u0259 D\u0130A-n\u0131n rektoru, akademik Urxan \u018fl\u0259kb\u0259rov m\u00fc\u0259lliml\u0259ri, t\u0259l\u0259b\u0259 v\u0259 magistrantlar\u0131 yeni d\u0259rs ili m\u00fcnasib\u0259til\u0259 t\u0259brik edib. O, dahi \u015f\u0259xsiyy\u0259t, \u00fcmummilli lider Heyd\u0259r \u018fliyevin elm v\u0259 t\u0259hsilin inki\u015faf\u0131na daim b\u00f6y\u00fck \u00f6n\u0259m verdiyini diqq\u0259t\u0259 \u00e7atd\u0131r\u0131b. Bildirilib ki, Ulu \u00d6nd\u0259rin siyas\u0259tini u\u011furla davam etdir\u0259n Prezident \u0130lham \u018fliyevin elm v\u0259 t\u0259hsill\u0259 ba\u011fl\u0131 imzalad\u0131\u011f\u0131 bir \u00e7ox s\u0259n\u0259dl\u0259r \u00f6lk\u0259mizd\u0259 m\u00fcvafiq istiqam\u0259td\u0259 d\u00f6vl\u0259t t\u0259r\u0259find\u0259n g\u00f6st\u0259ril\u0259n diqq\u0259t v\u0259 qay\u011f\u0131n\u0131n g\u00f6st\u0259ricisidir.<\/p>\n\n\n\n<p>Rektor vur\u011fulay\u0131b ki, Az\u0259rbaycanda g\u0259nc n\u0259slin t\u0259lim-t\u0259rbiy\u0259sind\u0259, t\u0259hsilind\u0259, idar\u0259\u00e7i kadrlar\u0131n haz\u0131rlanmas\u0131nda \u00f6n\u0259mli yer tutan D\u0130A-ya cari ild\u0259 q\u0259bul olunanlar\u0131n \u0259ks\u0259riyy\u0259ti q\u0259bul imtahanlar\u0131nda y\u00fcks\u0259k bal toplayaraq bu ali t\u0259hsil oca\u011f\u0131n\u0131n t\u0259l\u0259b\u0259si ad\u0131n\u0131 qazan\u0131blar.<\/p>\n\n\n\n<p>D\u0130A-n\u0131n siyasi idar\u0259etm\u0259 fak\u00fclt\u0259sinin dekan\u0131, professor Zaur Ba\u011f\u0131rov, inzibati idar\u0259etm\u0259 fak\u00fclt\u0259sinin dekan\u0131, professor \u00c7ingiz \u0130smay\u0131lov \u00f6lk\u0259mizd\u0259 t\u0259hsil\u0259 g\u00f6st\u0259ril\u0259n d\u00f6vl\u0259t qay\u011f\u0131s\u0131ndan dan\u0131\u015f\u0131blar. Diqq\u0259t\u0259 \u00e7atd\u0131r\u0131l\u0131b ki, bu ali t\u0259hsil oca\u011f\u0131n\u0131 bitir\u0259n g\u0259ncl\u0259r g\u0259l\u0259c\u0259kd\u0259 bacar\u0131ql\u0131, pe\u015f\u0259kar m\u00fct\u0259x\u0259ssisl\u0259r kimi u\u011furla f\u0259aliyy\u0259t g\u00f6st\u0259r\u0259c\u0259kl\u0259r.<\/p>\n\n\n\n<p>Dig\u0259r \u00e7\u0131x\u0131\u015f ed\u0259nl\u0259r d\u0259 D\u0130A-n\u0131n \u00f6lk\u0259mizin qabaqc\u0131l ali t\u0259hsil ocaqlar\u0131ndan biri oldu\u011funu s\u00f6yl\u0259yib, t\u0259l\u0259b\u0259l\u0259r\u0259 u\u011furlar arzulay\u0131blar.<\/p>\n\n\n\n<p><\/p>\n\n\n\n<figure class=\"wp-container-2 wp-block-gallery-1 wp-block-gallery columns-2 is-cropped\"><ul class=\"blocks-gallery-grid\"><li class=\"blocks-gallery-item\"><figure><img width=\"640\" height=\"424\" src=\"https:\/\/dia.edu.az\/wp-content\/uploads\/2021\/03\/bilik2016.jpg\" alt=\"\" data-id=\"12573\" data-full-url=\"https:\/\/dia.edu.az\/wp-content\/uploads\/2021\/03\/bilik2016.jpg\" data-link=\"https:\/\/dia.edu.az\/?attachment_id=12573\" class=\"wp-image-12573\" srcset=\"https:\/\/legacy.dia.edu.az\/wp-content\/uploads\/2021\/03\/bilik2016.jpg 640w, https:\/\/legacy.dia.edu.az\/wp-content\/uploads\/2021\/03\/bilik2016-300x199.jpg 300w, https:\/\/legacy.dia.edu.az\/wp-content\/uploads\/2021\/03\/bilik2016-16x12.jpg 16w, https:\/\/legacy.dia.edu.az\/wp-content\/uploads\/2021\/03\/bilik2016-150x100.jpg 150w, https:\/\/legacy.dia.edu.az\/wp-content\/uploads\/2021\/03\/bilik2016-300x199@2x.jpg 600w\" sizes=\"(max-width: 640px) 100vw, 640px\" \/><\/figure><\/li><li class=\"blocks-gallery-item\"><figure><img width=\"640\" height=\"457\" src=\"https:\/\/dia.edu.az\/wp-content\/uploads\/2021\/03\/bilik2016a.jpg\" alt=\"\" data-id=\"12574\" data-full-url=\"https:\/\/dia.edu.az\/wp-content\/uploads\/2021\/03\/bilik2016a.jpg\" data-link=\"https:\/\/dia.edu.az\/?attachment_id=12574\" class=\"wp-image-12574\" srcset=\"https:\/\/legacy.dia.edu.az\/wp-content\/uploads\/2021\/03\/bilik2016a.jpg 640w, https:\/\/legacy.dia.edu.az\/wp-content\/uploads\/2021\/03\/bilik2016a-300x214.jpg 300w, https:\/\/legacy.dia.edu.az\/wp-content\/uploads\/2021\/03\/bilik2016a-16x12.jpg 16w, https:\/\/legacy.dia.edu.az\/wp-content\/uploads\/2021\/03\/bilik2016a-300x214@2x.jpg 600w\" sizes=\"(max-width: 640px) 100vw, 640px\" \/><\/figure><\/li><\/ul><\/figure>","protected":false},"excerpt":{"rendered":"<p>15 SENTYABR &#8220;B\u0130L\u0130K G\u00dcN\u00dc&#8221;Sen 15 , 2016 &#8211; 12:47 D\u00f6vl\u0259t \u0130dar\u0259\u00e7ilik Akademiyas\u0131 idar\u0259\u00e7i kadrlar\u0131n&nbsp;haz\u0131rlanmas\u0131nda \u00f6n\u0259mli yer tutur Sentyabr\u0131n 15-d\u0259 Az\u0259rbaycan Respublikas\u0131n\u0131n Prezidenti yan\u0131nda D\u00f6vl\u0259t \u0130dar\u0259\u00e7ilik Akademiyas\u0131nda (D\u0130A) \u201cBilik g\u00fcn\u00fc\u201d il\u0259 \u0259laq\u0259dar t\u0259dbir ke\u00e7irilib. T\u0259dbird\u0259 D\u0130A-n\u0131n rektoru, akademik Urxan \u018fl\u0259kb\u0259rov m\u00fc\u0259lliml\u0259ri, t\u0259l\u0259b\u0259 v\u0259 magistrantlar\u0131 yeni d\u0259rs ili m\u00fcnasib\u0259til\u0259 t\u0259brik edib. O, dahi \u015f\u0259xsiyy\u0259t, \u00fcmummilli lider Heyd\u0259r [&hellip;]<\/p>","protected":false},"author":2,"featured_media":12573,"comment_status":"closed","ping_status":"closed","sticky":false,"template":"","format":"standard","meta":[],"categories":[137],"tags":[],"_links":{"self":[{"href":"https:\/\/legacy.dia.edu.az\/ru\/wp-json\/wp\/v2\/posts\/12572"}],"collection":[{"href":"https:\/\/legacy.dia.edu.az\/ru\/wp-json\/wp\/v2\/posts"}],"about":[{"href":"https:\/\/legacy.dia.edu.az\/ru\/wp-json\/wp\/v2\/types\/post"}],"author":[{"embeddable":true,"href":"https:\/\/legacy.dia.edu.az\/ru\/wp-json\/wp\/v2\/users\/2"}],"replies":[{"embeddable":true,"href":"https:\/\/legacy.dia.edu.az\/ru\/wp-json\/wp\/v2\/comments?post=12572"}],"version-history":[{"count":0,"href":"https:\/\/legacy.dia.edu.az\/ru\/wp-json\/wp\/v2\/posts\/12572\/revisions"}],"wp:featuredmedia":[{"embeddable":true,"href":"https:\/\/legacy.dia.edu.az\/ru\/wp-json\/wp\/v2\/media\/12573"}],"wp:attachment":[{"href":"https:\/\/legacy.dia.edu.az\/ru\/wp-json\/wp\/v2\/media?parent=12572"}],"wp:term":[{"taxonomy":"category","embeddable":true,"href":"https:\/\/legacy.dia.edu.az\/ru\/wp-json\/wp\/v2\/categories?post=12572"},{"taxonomy":"post_tag","embeddable":true,"href":"https:\/\/legacy.dia.edu.az\/ru\/wp-json\/wp\/v2\/tags?post=12572"}],"curies":[{"name":"wp","href":"https:\/\/api.w.org\/{rel}","templated":true}]}}