{"id":12555,"date":"2016-09-27T13:31:00","date_gmt":"2016-09-27T10:31:00","guid":{"rendered":"https:\/\/dia.edu.az\/?p=12555"},"modified":"2021-03-16T13:32:48","modified_gmt":"2021-03-16T10:32:48","slug":"az%c9%99rbaycan-respublikasinin-prezidenti-yaninda-dovl%c9%99t-idar%c9%99cilik-akademiyasinda-konstitusiya-islahati-gunun-t%c9%99l%c9%99bidir-movzusunda-elmi-praktiki-konfrans-kecirilib","status":"publish","type":"post","link":"https:\/\/legacy.dia.edu.az\/ru\/arxivl\u0259r\/12555","title":{"rendered":"Az\u0259rbaycan Respublikas\u0131n\u0131n Prezidenti yan\u0131nda D\u00f6vl\u0259t \u0130dar\u0259\u00e7ilik Akademiyas\u0131nda &#8220;Konstitusiya islahat\u0131 g\u00fcn\u00fcn t\u0259l\u0259bidir&#8221; m\u00f6vzusunda elmi-praktiki konfrans ke\u00e7irilib"},"content":{"rendered":"<p><strong>Az\u0259rbaycan Respublikas\u0131n\u0131n Prezidenti yan\u0131nda D\u00f6vl\u0259t \u0130dar\u0259\u00e7ilik Akademiyas\u0131nda &#8220;Konstitusiya islahat\u0131 g\u00fcn\u00fcn t\u0259l\u0259bidir&#8221; m\u00f6vzusunda elmi-praktiki konfrans ke\u00e7irilib<\/strong><br><em>Sen 27 , 2016 &#8211; 12:49<\/em><\/p>\n\n\n\n<p><strong>Az\u0259rbaycan Respublikas\u0131n\u0131n Prezidenti yan\u0131nda D\u00f6vl\u0259t \u0130dar\u0259\u00e7ilik Akademiyas\u0131 v\u0259 Az\u0259rbaycan Respublikas\u0131n\u0131n Prezidenti yan\u0131nda Bilik Fondunun birg\u0259 t\u0259\u015fkilat\u00e7\u0131l\u0131\u011f\u0131 il\u0259 26 sentyabr 2016-c\u0131 il tarixind\u0259 Az\u0259rbaycan Respublikas\u0131n\u0131n Konstitusiyas\u0131nda d\u0259yi\u015fiklikl\u0259r edilm\u0259si il\u0259 ba\u011fl\u0131 \u00dcmumxalq s\u0259sverm\u0259sind\u0259 (Referendumda) ilk d\u0259f\u0259 i\u015ftirak ed\u0259c\u0259k g\u0259ncl\u0259rin maarifl\u0259nm\u0259sin\u0259 h\u0259sr olunmu\u015f &#8220;Konstitusiya islahat\u0131 g\u00fcn\u00fcn t\u0259l\u0259bidir&#8221; m\u00f6vzusunda elmi-praktiki konfrans olub.<\/strong><\/p>\n\n\n\n<p>Sentyabr\u0131n 22-i Az\u0259rbaycan Respublikas\u0131n\u0131n Prezidenti yan\u0131nda D\u00f6vl\u0259t \u0130dar\u0259\u00e7ilik Akademiyas\u0131nda ke\u00e7iril\u0259n konfransda giri\u015f s\u00f6z\u00fc il\u0259 \u00e7\u0131x\u0131\u015f ed\u0259n Akademiyan\u0131n rektoru, Bilik Fondu Himay\u0259\u00e7ilik \u015euras\u0131n\u0131n \u00fczv\u00fc, akademik Urxan \u018fl\u0259kb\u0259rov Konstitusiyaya t\u0259klif olunan d\u0259yi\u015fiklikl\u0259rin s\u0259b\u0259bl\u0259rind\u0259n dan\u0131\u015f\u0131b. Rektor \u00f6lk\u0259nin 25 illik m\u00fcst\u0259qillik tarixind\u0259 b\u00f6y\u00fck inki\u015faf yolu ke\u00e7diyini xat\u0131rladaraq, bildirib ki, d\u00fcnyan\u0131n \u0259n inki\u015faf etmi\u015f \u00f6lk\u0259l\u0259ri s\u0131ras\u0131nda Az\u0259rbaycan b\u00fct\u00fcn sah\u0259l\u0259r \u00fczr\u0259 s\u00fcr\u0259tl\u0259 inki\u015faf ed\u0259n v\u0259 bu istiqam\u0259td\u0259 ad\u0131ndan s\u00f6z etdir\u0259n d\u00f6vl\u0259tdir: &#8220;Az\u0259rbaycan orta g\u00f6st\u0259ricil\u0259rin\u0259 g\u00f6r\u0259 C-7 \u00f6lk\u0259l\u0259rini arxada qoyub. Bel\u0259 inki\u015faf\u0131n n\u0259tic\u0259sind\u0259 t\u0259bii ki, qanunvericilikd\u0259 d\u0259yi\u015fiklikl\u0259r\u0259 b\u00f6y\u00fck z\u0259rur\u0259t yaran\u0131r. Konstitusiyaya d\u0259yi\u015fiklikl\u0259r edilm\u0259si ideyas\u0131 m\u0259hz bu m\u0259ntiqin davam\u0131d\u0131r&#8221;.<\/p>\n\n\n\n<p>Akademik Urxan \u018fkb\u0259rov v\u0259t\u0259nda\u015flar\u0131n se\u00e7kid\u0259 daha aktiv i\u015ftirak\u0131n\u0131 t\u0259min etm\u0259k m\u0259qs\u0259di il\u0259 Bilik Fondunun apard\u0131\u011f\u0131 t\u0259bli\u011fat-t\u0259\u015fviqat i\u015fl\u0259rind\u0259n dan\u0131\u015f\u0131b, ilk d\u0259f\u0259 s\u0259s ver\u0259nl\u0259ri bu proses\u0259 k\u00fctl\u0259vi olaraq qo\u015fulma\u011fa \u00e7a\u011f\u0131r\u0131b. Rektor bildirib ki, se\u00e7kid\u0259 i\u015ftirak ed\u0259r\u0259k s\u0259s verm\u0259kl\u0259 v\u0259t\u0259nda\u015flara yarad\u0131lan demokratik \u015f\u0259raitd\u0259n yararlanmaq, \u00f6lk\u0259nin ictimai-siyasi h\u0259yat\u0131nda rol almaq ist\u0259y\u0259n h\u0259r bir insan\u0131n arzusu olmal\u0131, x\u00fcsus\u0259n, g\u0259ncl\u0259r bu arzunun ard\u0131nca m\u0259tin add\u0131mlarla ir\u0259lil\u0259m\u0259lidirl\u0259r.<\/p>\n\n\n\n<p>Bilik Fondunun icra\u00e7\u0131 direktoru Oktay S\u0259m\u0259dov \u00e7\u0131x\u0131\u015f\u0131na ilk d\u0259f\u0259 t\u0259l\u0259b\u0259 ad\u0131 qazananlar\u0131 t\u0259brik etm\u0259kl\u0259 ba\u015flay\u0131b, y\u00fcks\u0259k bal toplayanlara ali m\u0259kt\u0259b ill\u0259rind\u0259 d\u0259 bu s\u0259viyy\u0259ni qoruyub saxlama\u011f\u0131 t\u00f6vsiy\u0259 edib. 26 sentyabrda ke\u00e7iril\u0259c\u0259k Referendumla \u0259laq\u0259dar t\u0259\u015fviqat-t\u0259bli\u011fat i\u015fl\u0259rind\u0259 r\u0259hb\u0259rlik etdiyi qurumun f\u0259aliyy\u0259tin\u0259 diqq\u0259t \u00e7\u0259k\u0259n icra\u00e7\u0131 direktor Yeni Az\u0259rbaycan Partiyas\u0131 v\u0259 Bilik Fondunun \u201cAz\u0259rbaycan Respublikas\u0131n\u0131n Konstitusiyas\u0131nda d\u0259yi\u015fiklikl\u0259r edilm\u0259si haqq\u0131nda\u201d Referendum Akt\u0131 layih\u0259sinin q\u0131sa \u015f\u0259rhi\u201d adl\u0131 toplu haz\u0131rlad\u0131qlar\u0131n\u0131, art\u0131q kitab\u00e7an\u0131n n\u0259\u015fr olunaraq \u0259haliy\u0259 paylanmas\u0131 i\u015fin\u0259 ba\u015flan\u0131ld\u0131\u011f\u0131n\u0131 xat\u0131rlad\u0131b. O.S\u0259m\u0259dov da \u00f6z n\u00f6vb\u0259sind\u0259 h\u0259r bir Az\u0259rbaycan v\u0259t\u0259nda\u015f\u0131n\u0131 Referendumda i\u015ftiraka s\u0259sl\u0259yib v\u0259 Konstitusiyaya t\u0259klif olunacaq d\u0259yi\u015fiklikl\u0259rin mahiyy\u0259tini d\u0259rind\u0259n \u00f6yr\u0259nm\u0259yin vacibliyini vur\u011fulay\u0131b.<\/p>\n\n\n\n<p>T\u0259dbird\u0259 \u00e7\u0131x\u0131\u015f ed\u0259n m\u00fct\u0259x\u0259ssisl\u0259r ilk d\u0259f\u0259 s\u0259s ver\u0259c\u0259k g\u0259ncl\u0259r\u0259 se\u00e7ki prosesi il\u0259 ba\u011fl\u0131 geni\u015f m\u0259lumat veribl\u0259r. D\u00f6vl\u0259t \u0130dar\u0259\u00e7ilik Akademiyas\u0131 H\u00fcquq kafedras\u0131n\u0131n m\u00fcdiri, dosent F\u0259xr\u0259ddin Na\u011f\u0131yevin &#8220;Konstitusiyaya edil\u0259n d\u0259yi\u015fiklikl\u0259r c\u0259miyy\u0259tin sosial sifari\u015fidir&#8221; m\u00f6vzusunda fikirl\u0259rini s\u0259sl\u0259ndir\u0259rk\u0259n bildirib ki, Konstitusiyaya d\u0259yi\u015fiklikl\u0259rin tarixi xronologiyas\u0131na n\u0259z\u0259r sald\u0131qda 7 r\u0259q\u0259mi x\u00fcsusi diqq\u0259t c\u0259lb edir. Onun s\u00f6zl\u0259rin\u0259 g\u00f6r\u0259, 1995, 2002, 2016-c\u0131 ill\u0259r aras\u0131ndak\u0131 f\u0259rq ard\u0131c\u0131ll\u0131\u011f\u0131 onu dem\u0259y\u0259 \u0259sas verir ki, Az\u0259rbaycan stabil inki\u015faf edir: &#8220;17-ci, 18-ci \u0259srl\u0259rd\u0259 siyasi t\u0259hlil\u00e7il\u0259r Konstitusiyan\u0131 at, c\u0259miyy\u0259ti araba adland\u0131r\u0131d\u0131. M\u00fcasir d\u00f6vrd\u0259 bu misal\u0131 bir q\u0259d\u0259r yenil\u0259\u015fdir\u0259r\u0259k bel\u0259 dey\u0259 bil\u0259rik: Konstitusiya lokomotivdir, c\u0259miyy\u0259t a\u011f\u0131r tonnajl\u0131 qatar. Bu qatar dayana bilm\u0259z v\u0259 ill\u0259r \u00f6td\u00fckc\u0259 mexanizml\u0259ri t\u0259z\u0259l\u0259nm\u0259lidir ki, qar\u015f\u0131dak\u0131 h\u0259d\u0259f\u0259 rahat v\u0259 itkisiz \u00e7ata bilsin&#8221;. &nbsp;<\/p>\n\n\n\n<p>Akademiyan\u0131n kafedra m\u00fcdiri se\u00e7icil\u0259rin, x\u00fcsus\u0259n d\u0259 ilk d\u0259f\u0259 s\u0259s ver\u0259nl\u0259rin bu amili n\u0259z\u0259r\u0259 ald\u0131qlar\u0131n\u0131, d\u0259yi\u015fiklikl\u0259rin n\u0259 q\u0259d\u0259r m\u00fct\u0259r\u0259qqi xarakter da\u015f\u0131d\u0131\u011f\u0131n\u0131 n\u0259z\u0259r\u0259 al\u0131b s\u0259sverm\u0259d\u0259 aktiv i\u015ftirak ed\u0259c\u0259kl\u0259rin\u0259 inand\u0131\u011f\u0131n\u0131 deyib.<\/p>\n\n\n\n<p>Bilik Fondunun aparat r\u0259hb\u0259ri, professor \u0130saxan V\u0259liyevin &#8220;H\u00fcquq v\u0259 azadl\u0131qlar\u0131n t\u0259minat\u0131 yeni m\u00fcst\u0259vid\u0259&#8221; m\u00f6vzusundak\u0131 \u00e7\u0131x\u0131\u015f\u0131 Konstitusiyaya t\u0259klif olunan d\u0259yi\u015fiklikl\u0259rin madd\u0259-madd\u0259 \u0259trafl\u0131 izah\u0131 \u00fcz\u0259rind\u0259 qurulub. Aparat r\u0259hb\u0259ri 29 madd\u0259y\u0259 t\u0259klif olunan \u0259lav\u0259 v\u0259 d\u0259yi\u015fiklikl\u0259ri haz\u0131rda q\u00fcvv\u0259d\u0259 olan adekvat madd\u0259l\u0259rl\u0259 m\u00fcqayis\u0259 ed\u0259r\u0259k, yeni t\u0259klifl\u0259rin \u00fcst\u00fcnl\u00fckl\u0259ri bar\u0259d\u0259 h\u00fcquqi aspektd\u0259n \u00e7\u0131x\u0131\u015f ed\u0259r\u0259k m\u0259lumat verib: &#8220;C\u0259nab Prezident \u0130lham \u018fliyevin ba\u015f\u00e7\u0131l\u0131\u011f\u0131 il\u0259 \u00f6lk\u0259d\u0259 iqtisadi, siyasi, m\u0259n\u0259vi, bir s\u00f6zl\u0259 b\u00fct\u00fcn istiqam\u0259tl\u0259rd\u0259 b\u00f6y\u00fck inki\u015faf\u0131n \u015fahidiyik. Bununla yana\u015f\u0131, inki\u015faf m\u0259hz h\u0259yat\u0131m\u0131za t\u0259sir edir. Bel\u0259d\u0259 qanunlarda, x\u00fcsus\u0259n d\u0259 \u00f6lk\u0259 Konstitusiyas\u0131nda d\u0259yi\u015fiklik edilm\u0259si, madd\u0259l\u0259rin zaman\u0131n t\u0259l\u0259bin\u0259 uy\u011funla\u015fd\u0131r\u0131lmas\u0131 vacib v\u0259 qa\u00e7\u0131lmaz\u0131dr&#8221;.<\/p>\n\n\n\n<p>Konfransda s\u0259sl\u0259ndiril\u0259n fikirl\u0259r i\u015ftirak\u00e7\u0131lar\u0131n mara\u011f\u0131na, se\u00e7ki maarif\u00e7iliyi il\u0259 ba\u011fl\u0131 bilgil\u0259rinin artmas\u0131na s\u0259b\u0259b olub v\u0259 g\u0259ncl\u0259r ad\u0131ndan \u00e7\u0131x\u0131\u015f ed\u0259n Akademiyan\u0131n siyasi idar\u0259etm\u0259 fak\u00fclt\u0259sinin I kurs t\u0259l\u0259b\u0259si, ali m\u0259kt\u0259b\u0259 700 balla daxil olan T\u0259briz Qas\u0131mov m\u0259hz bu amill\u0259r\u0259 toxunub. Referendumun ke\u00e7iril\u0259c\u0259yi g\u00fcn\u00fc s\u0259birsizlikl\u0259 g\u00f6zl\u0259dikl\u0259rini dey\u0259n t\u0259l\u0259b\u0259v\u0259 se\u00e7kid\u0259 aktiv \u015f\u0259kild\u0259 i\u015ftirak etm\u0259y\u0259 haz\u0131r olduqlar\u0131n\u0131 bildirib. &nbsp;<\/p>\n\n\n\n<p>Konfrans\u0131n sonunda Az\u0259rbaycan Respublikas\u0131 M\u0259rk\u0259zi Se\u00e7ki Komissiyas\u0131 t\u0259r\u0259find\u0259n haz\u0131rlanm\u0131\u015f v\u0259 s\u0259sverm\u0259 qaydalar\u0131na h\u0259sr olunmu\u015f video-\u00e7arx n\u00fcmayi\u015f olunub.<\/p>\n\n\n\n<p><\/p>\n\n\n\n<figure class=\"wp-container-2 wp-block-gallery-1 wp-block-gallery columns-3 is-cropped\"><ul class=\"blocks-gallery-grid\"><li class=\"blocks-gallery-item\"><figure><img src=\"https:\/\/dia.edu.az\/wp-content\/uploads\/2021\/03\/FF1.jpg\" alt=\"\" data-id=\"12556\" data-full-url=\"https:\/\/dia.edu.az\/wp-content\/uploads\/2021\/03\/FF1.jpg\" data-link=\"https:\/\/dia.edu.az\/?attachment_id=12556\" class=\"wp-image-12556\"\/><\/figure><\/li><li class=\"blocks-gallery-item\"><figure><img width=\"640\" height=\"480\" src=\"https:\/\/dia.edu.az\/wp-content\/uploads\/2021\/03\/FF2.jpg\" alt=\"\" data-id=\"12557\" data-full-url=\"https:\/\/dia.edu.az\/wp-content\/uploads\/2021\/03\/FF2.jpg\" data-link=\"https:\/\/dia.edu.az\/?attachment_id=12557\" class=\"wp-image-12557\" srcset=\"https:\/\/legacy.dia.edu.az\/wp-content\/uploads\/2021\/03\/FF2.jpg 640w, https:\/\/legacy.dia.edu.az\/wp-content\/uploads\/2021\/03\/FF2-300x225.jpg 300w, https:\/\/legacy.dia.edu.az\/wp-content\/uploads\/2021\/03\/FF2-16x12.jpg 16w, https:\/\/legacy.dia.edu.az\/wp-content\/uploads\/2021\/03\/FF2-300x225@2x.jpg 600w\" sizes=\"(max-width: 640px) 100vw, 640px\" \/><\/figure><\/li><li class=\"blocks-gallery-item\"><figure><img width=\"640\" height=\"480\" src=\"https:\/\/dia.edu.az\/wp-content\/uploads\/2021\/03\/FF3.jpg\" alt=\"\" data-id=\"12558\" data-full-url=\"https:\/\/dia.edu.az\/wp-content\/uploads\/2021\/03\/FF3.jpg\" data-link=\"https:\/\/dia.edu.az\/?attachment_id=12558\" class=\"wp-image-12558\" srcset=\"https:\/\/legacy.dia.edu.az\/wp-content\/uploads\/2021\/03\/FF3.jpg 640w, https:\/\/legacy.dia.edu.az\/wp-content\/uploads\/2021\/03\/FF3-300x225.jpg 300w, https:\/\/legacy.dia.edu.az\/wp-content\/uploads\/2021\/03\/FF3-16x12.jpg 16w, https:\/\/legacy.dia.edu.az\/wp-content\/uploads\/2021\/03\/FF3-300x225@2x.jpg 600w\" sizes=\"(max-width: 640px) 100vw, 640px\" \/><\/figure><\/li><li class=\"blocks-gallery-item\"><figure><img width=\"640\" height=\"426\" src=\"https:\/\/dia.edu.az\/wp-content\/uploads\/2021\/03\/FF4.jpg\" alt=\"\" data-id=\"12559\" data-full-url=\"https:\/\/dia.edu.az\/wp-content\/uploads\/2021\/03\/FF4.jpg\" data-link=\"https:\/\/dia.edu.az\/?attachment_id=12559\" class=\"wp-image-12559\" srcset=\"https:\/\/legacy.dia.edu.az\/wp-content\/uploads\/2021\/03\/FF4.jpg 640w, https:\/\/legacy.dia.edu.az\/wp-content\/uploads\/2021\/03\/FF4-300x200.jpg 300w, https:\/\/legacy.dia.edu.az\/wp-content\/uploads\/2021\/03\/FF4-16x12.jpg 16w, https:\/\/legacy.dia.edu.az\/wp-content\/uploads\/2021\/03\/FF4-150x100.jpg 150w, https:\/\/legacy.dia.edu.az\/wp-content\/uploads\/2021\/03\/FF4-300x200@2x.jpg 600w\" sizes=\"(max-width: 640px) 100vw, 640px\" \/><\/figure><\/li><li class=\"blocks-gallery-item\"><figure><img width=\"640\" height=\"426\" src=\"https:\/\/dia.edu.az\/wp-content\/uploads\/2021\/03\/FF5.jpg\" alt=\"\" data-id=\"12560\" data-full-url=\"https:\/\/dia.edu.az\/wp-content\/uploads\/2021\/03\/FF5.jpg\" data-link=\"https:\/\/dia.edu.az\/?attachment_id=12560\" class=\"wp-image-12560\" srcset=\"https:\/\/legacy.dia.edu.az\/wp-content\/uploads\/2021\/03\/FF5.jpg 640w, https:\/\/legacy.dia.edu.az\/wp-content\/uploads\/2021\/03\/FF5-300x200.jpg 300w, https:\/\/legacy.dia.edu.az\/wp-content\/uploads\/2021\/03\/FF5-16x12.jpg 16w, https:\/\/legacy.dia.edu.az\/wp-content\/uploads\/2021\/03\/FF5-150x100.jpg 150w, https:\/\/legacy.dia.edu.az\/wp-content\/uploads\/2021\/03\/FF5-300x200@2x.jpg 600w\" sizes=\"(max-width: 640px) 100vw, 640px\" \/><\/figure><\/li><\/ul><\/figure>\n\n\n\n<p><\/p>","protected":false},"excerpt":{"rendered":"<p>Az\u0259rbaycan Respublikas\u0131n\u0131n Prezidenti yan\u0131nda D\u00f6vl\u0259t \u0130dar\u0259\u00e7ilik Akademiyas\u0131nda &#8220;Konstitusiya islahat\u0131 g\u00fcn\u00fcn t\u0259l\u0259bidir&#8221; m\u00f6vzusunda elmi-praktiki konfrans ke\u00e7irilibSen 27 , 2016 &#8211; 12:49 Az\u0259rbaycan Respublikas\u0131n\u0131n Prezidenti yan\u0131nda D\u00f6vl\u0259t \u0130dar\u0259\u00e7ilik Akademiyas\u0131 v\u0259 Az\u0259rbaycan Respublikas\u0131n\u0131n Prezidenti yan\u0131nda Bilik Fondunun birg\u0259 t\u0259\u015fkilat\u00e7\u0131l\u0131\u011f\u0131 il\u0259 26 sentyabr 2016-c\u0131 il tarixind\u0259 Az\u0259rbaycan Respublikas\u0131n\u0131n Konstitusiyas\u0131nda d\u0259yi\u015fiklikl\u0259r edilm\u0259si il\u0259 ba\u011fl\u0131 \u00dcmumxalq s\u0259sverm\u0259sind\u0259 (Referendumda) ilk d\u0259f\u0259 i\u015ftirak [&hellip;]<\/p>","protected":false},"author":2,"featured_media":0,"comment_status":"closed","ping_status":"closed","sticky":false,"template":"","format":"standard","meta":[],"categories":[137],"tags":[],"_links":{"self":[{"href":"https:\/\/legacy.dia.edu.az\/ru\/wp-json\/wp\/v2\/posts\/12555"}],"collection":[{"href":"https:\/\/legacy.dia.edu.az\/ru\/wp-json\/wp\/v2\/posts"}],"about":[{"href":"https:\/\/legacy.dia.edu.az\/ru\/wp-json\/wp\/v2\/types\/post"}],"author":[{"embeddable":true,"href":"https:\/\/legacy.dia.edu.az\/ru\/wp-json\/wp\/v2\/users\/2"}],"replies":[{"embeddable":true,"href":"https:\/\/legacy.dia.edu.az\/ru\/wp-json\/wp\/v2\/comments?post=12555"}],"version-history":[{"count":0,"href":"https:\/\/legacy.dia.edu.az\/ru\/wp-json\/wp\/v2\/posts\/12555\/revisions"}],"wp:attachment":[{"href":"https:\/\/legacy.dia.edu.az\/ru\/wp-json\/wp\/v2\/media?parent=12555"}],"wp:term":[{"taxonomy":"category","embeddable":true,"href":"https:\/\/legacy.dia.edu.az\/ru\/wp-json\/wp\/v2\/categories?post=12555"},{"taxonomy":"post_tag","embeddable":true,"href":"https:\/\/legacy.dia.edu.az\/ru\/wp-json\/wp\/v2\/tags?post=12555"}],"curies":[{"name":"wp","href":"https:\/\/api.w.org\/{rel}","templated":true}]}}