{"id":12549,"date":"2016-09-28T13:28:00","date_gmt":"2016-09-28T10:28:00","guid":{"rendered":"https:\/\/dia.edu.az\/?p=12549"},"modified":"2021-03-16T13:30:24","modified_gmt":"2021-03-16T10:30:24","slug":"huquq-klubunun-novb%c9%99ti-t%c9%99dbiri-kecirilmisdir","status":"publish","type":"post","link":"https:\/\/legacy.dia.edu.az\/ru\/arxivl\u0259r\/12549","title":{"rendered":"H\u00fcquq klubunun n\u00f6vb\u0259ti t\u0259dbiri ke\u00e7irilmi\u015fdir"},"content":{"rendered":"<p><strong>H\u00fcquq klubunun n\u00f6vb\u0259ti t\u0259dbiri ke\u00e7irilmi\u015fdir<\/strong><br><em>Sen 28 , 2016 &#8211; 04:23<\/em><\/p>\n\n\n\n<p>28 sentyabr 2016-c\u0131 ild\u0259 Az\u0259rbaycan Respublikas\u0131n\u0131n Prezidenti yan\u0131nda D\u00f6vl\u0259t \u0130dar\u0259\u00e7ilik Akademiyas\u0131n\u0131n &#8220;H\u00fcquq&#8221; kafedras\u0131n\u0131n t\u0259\u015fkilat\u00e7\u0131l\u0131\u011f\u0131 il\u0259 Fransadan g\u0259lmi\u015f pe\u015f\u0259kar v\u0259kil, h\u00fcquq elml\u0259ri doktoru, yaz\u0131\u00e7\u0131 v\u0259 ictimai xadim Dilbadi Qas\u0131movla D\u0130A H\u00fcquq klubunun \u00fczvl\u0259rinin g\u00f6r\u00fc\u015f\u00fc ke\u00e7irilmi\u015fdir. Qona\u011f\u0131 salamlayan &#8220;H\u00fcquq&#8221; kafedras\u0131n\u0131n m\u00fcdiri, dosent F\u0259xr\u0259ddin Na\u011f\u0131yev \u00e7\u0131x\u0131\u015f ed\u0259r\u0259k D\u0130A-dak\u0131 t\u0259hsil prosesinin q\u0131sa m\u0259zmununu t\u0259dbir i\u015ftirak\u00e7\u0131lar\u0131n\u0131n diqq\u0259tin\u0259 \u00e7atd\u0131rd\u0131. H\u0259m\u00e7inin g\u00f6r\u00fc\u015f\u00fcn \u0259sas m\u0259qs\u0259dinin h\u00fcquq\u015f\u00fcnasl\u0131q ixtisas\u0131 \u00fczr\u0259 t\u0259hsil alan t\u0259l\u0259b\u0259l\u0259rd\u0259 praktik v\u0259rdi\u015fl\u0259r yaratmaqdan ibar\u0259t olmas\u0131n\u0131 qeyd etdi. Daha sonra g\u00f6r\u00fc\u015fd\u0259 pe\u015f\u0259kar v\u0259kil, h\u00fcquq elml\u0259ri doktoru, yaz\u0131\u00e7\u0131 v\u0259 ictimai xadim Dilbadi Qas\u0131movun Fransada v\u0259killik institutu il\u0259 ba\u011fl\u0131 m\u0259ruz\u0259si dinl\u0259nilmi\u015f, t\u0259l\u0259b\u0259l\u0259rin \u00e7oxsayl\u0131 suallar\u0131 cavabland\u0131r\u0131lm\u0131\u015fd\u0131r. G\u00f6r\u00fc\u015f\u00fcn sonunda Az\u0259rbaycan Respublikas\u0131n\u0131n Prezidenti yan\u0131nda D\u00f6vl\u0259t \u0130dar\u0259\u00e7ilik Akademiyas\u0131n\u0131n humanitar v\u0259 sosial m\u0259s\u0259l\u0259l\u0259r \u00fczr\u0259 prorektoru, dosent Mehdi Abdullayev qona\u011fa minn\u0259tdarl\u0131\u011f\u0131n\u0131 bildirmi\u015f v\u0259 Da\u011fl\u0131q Qaraba\u011f h\u0259qiq\u0259tl\u0259ri haqq\u0131nda diskl\u0259ri v\u0259 h\u0259diyy\u0259l\u0259ri t\u0259qdim etmi\u015fdir.<\/p>\n\n\n\n<p><\/p>\n\n\n\n<figure class=\"wp-container-2 wp-block-gallery-1 wp-block-gallery columns-3 is-cropped\"><ul class=\"blocks-gallery-grid\"><li class=\"blocks-gallery-item\"><figure><img width=\"640\" height=\"424\" src=\"https:\/\/dia.edu.az\/wp-content\/uploads\/2021\/03\/28.09.16.jpg\" alt=\"\" data-id=\"12550\" data-full-url=\"https:\/\/dia.edu.az\/wp-content\/uploads\/2021\/03\/28.09.16.jpg\" data-link=\"https:\/\/dia.edu.az\/?attachment_id=12550\" class=\"wp-image-12550\" srcset=\"https:\/\/legacy.dia.edu.az\/wp-content\/uploads\/2021\/03\/28.09.16.jpg 640w, https:\/\/legacy.dia.edu.az\/wp-content\/uploads\/2021\/03\/28.09.16-300x199.jpg 300w, https:\/\/legacy.dia.edu.az\/wp-content\/uploads\/2021\/03\/28.09.16-16x12.jpg 16w, https:\/\/legacy.dia.edu.az\/wp-content\/uploads\/2021\/03\/28.09.16-150x100.jpg 150w, https:\/\/legacy.dia.edu.az\/wp-content\/uploads\/2021\/03\/28.09.16-300x199@2x.jpg 600w\" sizes=\"(max-width: 640px) 100vw, 640px\" \/><\/figure><\/li><li class=\"blocks-gallery-item\"><figure><img width=\"640\" height=\"424\" src=\"https:\/\/dia.edu.az\/wp-content\/uploads\/2021\/03\/28.09.206.jpg\" alt=\"\" data-id=\"12551\" data-full-url=\"https:\/\/dia.edu.az\/wp-content\/uploads\/2021\/03\/28.09.206.jpg\" data-link=\"https:\/\/dia.edu.az\/?attachment_id=12551\" class=\"wp-image-12551\" srcset=\"https:\/\/legacy.dia.edu.az\/wp-content\/uploads\/2021\/03\/28.09.206.jpg 640w, https:\/\/legacy.dia.edu.az\/wp-content\/uploads\/2021\/03\/28.09.206-300x199.jpg 300w, https:\/\/legacy.dia.edu.az\/wp-content\/uploads\/2021\/03\/28.09.206-16x12.jpg 16w, https:\/\/legacy.dia.edu.az\/wp-content\/uploads\/2021\/03\/28.09.206-150x100.jpg 150w, https:\/\/legacy.dia.edu.az\/wp-content\/uploads\/2021\/03\/28.09.206-300x199@2x.jpg 600w\" sizes=\"(max-width: 640px) 100vw, 640px\" \/><\/figure><\/li><li class=\"blocks-gallery-item\"><figure><img width=\"640\" height=\"424\" src=\"https:\/\/dia.edu.az\/wp-content\/uploads\/2021\/03\/28.09.216.jpg\" alt=\"\" data-id=\"12552\" data-full-url=\"https:\/\/dia.edu.az\/wp-content\/uploads\/2021\/03\/28.09.216.jpg\" data-link=\"https:\/\/dia.edu.az\/?attachment_id=12552\" class=\"wp-image-12552\" srcset=\"https:\/\/legacy.dia.edu.az\/wp-content\/uploads\/2021\/03\/28.09.216.jpg 640w, https:\/\/legacy.dia.edu.az\/wp-content\/uploads\/2021\/03\/28.09.216-300x199.jpg 300w, https:\/\/legacy.dia.edu.az\/wp-content\/uploads\/2021\/03\/28.09.216-16x12.jpg 16w, https:\/\/legacy.dia.edu.az\/wp-content\/uploads\/2021\/03\/28.09.216-150x100.jpg 150w, https:\/\/legacy.dia.edu.az\/wp-content\/uploads\/2021\/03\/28.09.216-300x199@2x.jpg 600w\" sizes=\"(max-width: 640px) 100vw, 640px\" \/><\/figure><\/li><li class=\"blocks-gallery-item\"><figure><img width=\"640\" height=\"424\" src=\"https:\/\/dia.edu.az\/wp-content\/uploads\/2021\/03\/28.09.2016.jpg\" alt=\"\" data-id=\"12553\" data-full-url=\"https:\/\/dia.edu.az\/wp-content\/uploads\/2021\/03\/28.09.2016.jpg\" data-link=\"https:\/\/dia.edu.az\/?attachment_id=12553\" class=\"wp-image-12553\" srcset=\"https:\/\/legacy.dia.edu.az\/wp-content\/uploads\/2021\/03\/28.09.2016.jpg 640w, https:\/\/legacy.dia.edu.az\/wp-content\/uploads\/2021\/03\/28.09.2016-300x199.jpg 300w, https:\/\/legacy.dia.edu.az\/wp-content\/uploads\/2021\/03\/28.09.2016-16x12.jpg 16w, https:\/\/legacy.dia.edu.az\/wp-content\/uploads\/2021\/03\/28.09.2016-150x100.jpg 150w, https:\/\/legacy.dia.edu.az\/wp-content\/uploads\/2021\/03\/28.09.2016-300x199@2x.jpg 600w\" sizes=\"(max-width: 640px) 100vw, 640px\" \/><\/figure><\/li><\/ul><\/figure>","protected":false},"excerpt":{"rendered":"<p>H\u00fcquq klubunun n\u00f6vb\u0259ti t\u0259dbiri ke\u00e7irilmi\u015fdirSen 28 , 2016 &#8211; 04:23 28 sentyabr 2016-c\u0131 ild\u0259 Az\u0259rbaycan Respublikas\u0131n\u0131n Prezidenti yan\u0131nda D\u00f6vl\u0259t \u0130dar\u0259\u00e7ilik Akademiyas\u0131n\u0131n &#8220;H\u00fcquq&#8221; kafedras\u0131n\u0131n t\u0259\u015fkilat\u00e7\u0131l\u0131\u011f\u0131 il\u0259 Fransadan g\u0259lmi\u015f pe\u015f\u0259kar v\u0259kil, h\u00fcquq elml\u0259ri doktoru, yaz\u0131\u00e7\u0131 v\u0259 ictimai xadim Dilbadi Qas\u0131movla D\u0130A H\u00fcquq klubunun \u00fczvl\u0259rinin g\u00f6r\u00fc\u015f\u00fc ke\u00e7irilmi\u015fdir. Qona\u011f\u0131 salamlayan &#8220;H\u00fcquq&#8221; kafedras\u0131n\u0131n m\u00fcdiri, dosent F\u0259xr\u0259ddin Na\u011f\u0131yev \u00e7\u0131x\u0131\u015f ed\u0259r\u0259k D\u0130A-dak\u0131 [&hellip;]<\/p>","protected":false},"author":2,"featured_media":12552,"comment_status":"closed","ping_status":"closed","sticky":false,"template":"","format":"standard","meta":[],"categories":[137],"tags":[],"_links":{"self":[{"href":"https:\/\/legacy.dia.edu.az\/ru\/wp-json\/wp\/v2\/posts\/12549"}],"collection":[{"href":"https:\/\/legacy.dia.edu.az\/ru\/wp-json\/wp\/v2\/posts"}],"about":[{"href":"https:\/\/legacy.dia.edu.az\/ru\/wp-json\/wp\/v2\/types\/post"}],"author":[{"embeddable":true,"href":"https:\/\/legacy.dia.edu.az\/ru\/wp-json\/wp\/v2\/users\/2"}],"replies":[{"embeddable":true,"href":"https:\/\/legacy.dia.edu.az\/ru\/wp-json\/wp\/v2\/comments?post=12549"}],"version-history":[{"count":0,"href":"https:\/\/legacy.dia.edu.az\/ru\/wp-json\/wp\/v2\/posts\/12549\/revisions"}],"wp:featuredmedia":[{"embeddable":true,"href":"https:\/\/legacy.dia.edu.az\/ru\/wp-json\/wp\/v2\/media\/12552"}],"wp:attachment":[{"href":"https:\/\/legacy.dia.edu.az\/ru\/wp-json\/wp\/v2\/media?parent=12549"}],"wp:term":[{"taxonomy":"category","embeddable":true,"href":"https:\/\/legacy.dia.edu.az\/ru\/wp-json\/wp\/v2\/categories?post=12549"},{"taxonomy":"post_tag","embeddable":true,"href":"https:\/\/legacy.dia.edu.az\/ru\/wp-json\/wp\/v2\/tags?post=12549"}],"curies":[{"name":"wp","href":"https:\/\/api.w.org\/{rel}","templated":true}]}}