{"id":12544,"date":"2016-10-01T13:26:00","date_gmt":"2016-10-01T10:26:00","guid":{"rendered":"https:\/\/dia.edu.az\/?p=12544"},"modified":"2021-03-16T13:28:21","modified_gmt":"2021-03-16T10:28:21","slug":"multikulturalizm-az%c9%99rbaycan-respublikasinin-dovl%c9%99t-siyas%c9%99ti-kimi-istiqam%c9%99ti-uzr%c9%99-qisamudd%c9%99tli-ixtisasartirma-kursu-kecirilmisdir","status":"publish","type":"post","link":"https:\/\/legacy.dia.edu.az\/ru\/arxivl\u0259r\/12544","title":{"rendered":"\u201cMultikulturalizm-Az\u0259rbaycan Respublikas\u0131n\u0131n D\u00f6vl\u0259t siyas\u0259ti kimi\u201d istiqam\u0259ti \u00fczr\u0259 q\u0131sam\u00fcdd\u0259tli ixtisasart\u0131rma kursu ke\u00e7irilmi\u015fdir"},"content":{"rendered":"<p><\/p>\n\n\n\n<p><\/p>\n\n\n\n<p><strong>\u201cMultikulturalizm-Az\u0259rbaycan Respublikas\u0131n\u0131n D\u00f6vl\u0259t siyas\u0259ti kimi\u201d istiqam\u0259ti \u00fczr\u0259 q\u0131sam\u00fcdd\u0259tli ixtisasart\u0131rma kursu ke\u00e7irilmi\u015fdir<\/strong><br><em>Okt 01 , 2016 &#8211; 10:16<\/em><\/p>\n\n\n\n<p>&nbsp;28 oktyabr 2016-c\u0131 il tarixl\u0259rind\u0259 Az\u0259rbaycan Respublikas\u0131n\u0131n Prezidenti yan\u0131nda D\u00f6vl\u0259t \u0130dar\u0259\u00e7ilik Akademiyas\u0131nda \u201cMultikulturalizm-Az\u0259rbaycan Respublikas\u0131n\u0131n D\u00f6vl\u0259t siyas\u0259ti kimi\u201d istiqam\u0259ti \u00fczr\u0259q\u0131sam\u00fcdd\u0259tli&nbsp; ixtisasart\u0131rma kursu ke\u00e7irilmi\u015fdir. Kurslara d\u00f6vl\u0259t orqanlar\u0131nda \u00e7al\u0131\u015fan m\u00fcvafiq d\u00f6vl\u0259t qulluq\u00e7ular\u0131 c\u0259lb olunmu\u015flar.<\/p>\n\n\n\n<p>&nbsp; &nbsp;Bu istiqam\u0259td\u0259 kursun \u0259sas m\u0259qs\u0259di Umummilli lider Heyd\u0259r \u018fliyev-Az\u0259rbaycan multikulturalizminin siyasi banisi kimi, Davaml\u0131 insan inki\u015faf\u0131 v\u0259 multikulturalizm, Multikulturalizmin sosial-f\u0259ls\u0259fi t\u0259hlili, M\u00fcasir d\u00f6vrd\u0259 Az\u0259rbaycan Respublikas\u0131nda h\u0259yata ke\u00e7iril\u0259n mill\u0259tl\u0259raras\u0131 siyas\u0259tin \u0259sas istiqam\u0259tl\u0259ri v\u0259 s. probleml\u0259rl\u0259&nbsp; ba\u011fl\u0131 bilikl\u0259rin dinl\u0259yicil\u0259r\u0259 \u00e7atd\u0131r\u0131lmas\u0131 v\u0259 onlar il\u0259 fikir m\u00fcbadil\u0259sinin apar\u0131lmas\u0131 idi.<\/p>\n\n\n\n<p>&nbsp; &nbsp;Kurs \u0259rzind\u0259 \u201cMultikulturalizm-Az\u0259rbaycan Respublikas\u0131n\u0131n D\u00f6vl\u0259t siyas\u0259ti kimi\u201d istiqam\u0259ti \u00fczr\u0259 &#8211; AR Prezidenti Administrasiyas\u0131n\u0131n Mill\u0259tl\u0259raras\u0131, multikulturalizm v\u0259 dini m\u0259s\u0259l\u0259l\u0259r \u00fczr\u0259 D\u00f6vl\u0259t M\u00fc\u015faviri, akademik Kamal Abdullayev v\u0259 h\u0259min xidm\u0259tin \u0259m\u0259kda\u015flar\u0131 H\u0259c\u0259r Verdiyeva, Ceyhun M\u0259mm\u0259dov, M\u00fcz\u0259ff\u0259r Tal\u0131bl\u0131, Az\u0259rbaycan Respublikas\u0131 Dini Qurumlarla \u0130\u015f \u00fczr\u0259 D\u00f6vl\u0259t Komit\u0259sinin s\u0259dri M\u00fcbariz Qurbanl\u0131, Bak\u0131 Beyn\u0259lxalq Multikulturalizm m\u0259rk\u0259zinin icra\u00e7\u0131 direktoru, professor Azad M\u0259mm\u0259dov v\u0259 h\u0259min m\u0259rk\u0259zin Analitika \u015f\u00f6b\u0259sinin m\u00fcdiri R\u0259\u015fad \u0130lyasov, Az\u0259rbaycan Respublikas\u0131n\u0131n Prezidenti yan\u0131nda Bilik fondunun icra\u00e7\u0131 direktoru Oktay S\u0259m\u0259dov, AMEA F\u0259ls\u0259f\u0259 H\u00fcquq institutunun direktoru \u0130lham M\u0259mm\u0259dzad\u0259, h\u0259m\u00e7inin Akademiyan\u0131n professor m\u00fc\u0259llim hey\u0259ti- tarix kafedras\u0131n\u0131n m\u00fcdiri, dosent Firdovsiyy\u0259 \u018fhm\u0259dova, professor Fuad M\u0259mm\u0259dov, Cahangir Cahangirli &nbsp;m\u00fcxt\u0259lif m\u00f6vzularda m\u00fchazir\u0259l\u0259rl\u0259 \u00e7\u0131x\u0131\u015f etmi\u015fl\u0259r.&nbsp;<\/p>\n\n\n\n<p>\u00a0 Kursun sonunda Akademiyan\u0131n rektoru, akademik Urxan \u018fl\u0259kb\u0259rov v\u0259 Akademiyan\u0131n I t\u0259dris i\u015fl\u0259ri \u00fczr\u0259 prorektoru, professor \u018flikram Abdullayev\u00a0 dinl\u0259yicil\u0259r qar\u015f\u0131s\u0131nda \u00e7\u0131x\u0131\u015f etmi\u015f v\u0259 onlara kursu m\u00fcv\u0259ff\u0259qiyy\u0259tl\u0259 bitirdikl\u0259rin\u0259 g\u00f6r\u0259 sertifikatlar t\u0259qdim ed\u0259r\u0259k g\u0259l\u0259c\u0259k i\u015fl\u0259rind\u0259 u\u011furlar arzu etmi\u015fl\u0259r.<\/p>\n\n\n\n<p><\/p>\n\n\n\n<figure class=\"wp-container-2 wp-block-gallery-1 wp-block-gallery columns-2 is-cropped\"><ul class=\"blocks-gallery-grid\"><li class=\"blocks-gallery-item\"><figure><img src=\"https:\/\/dia.edu.az\/wp-content\/uploads\/2021\/03\/KK.jpg\" alt=\"\" data-id=\"12546\" data-full-url=\"https:\/\/dia.edu.az\/wp-content\/uploads\/2021\/03\/KK.jpg\" data-link=\"https:\/\/dia.edu.az\/?attachment_id=12546\" class=\"wp-image-12546\"\/><\/figure><\/li><li class=\"blocks-gallery-item\"><figure><img width=\"640\" height=\"424\" src=\"https:\/\/dia.edu.az\/wp-content\/uploads\/2021\/03\/KK1.jpg\" alt=\"\" data-id=\"12547\" data-full-url=\"https:\/\/dia.edu.az\/wp-content\/uploads\/2021\/03\/KK1.jpg\" data-link=\"https:\/\/dia.edu.az\/?attachment_id=12547\" class=\"wp-image-12547\" srcset=\"https:\/\/legacy.dia.edu.az\/wp-content\/uploads\/2021\/03\/KK1.jpg 640w, https:\/\/legacy.dia.edu.az\/wp-content\/uploads\/2021\/03\/KK1-300x199.jpg 300w, https:\/\/legacy.dia.edu.az\/wp-content\/uploads\/2021\/03\/KK1-16x12.jpg 16w, https:\/\/legacy.dia.edu.az\/wp-content\/uploads\/2021\/03\/KK1-150x100.jpg 150w, https:\/\/legacy.dia.edu.az\/wp-content\/uploads\/2021\/03\/KK1-300x199@2x.jpg 600w\" sizes=\"(max-width: 640px) 100vw, 640px\" \/><\/figure><\/li><\/ul><\/figure>","protected":false},"excerpt":{"rendered":"<p>\u201cMultikulturalizm-Az\u0259rbaycan Respublikas\u0131n\u0131n D\u00f6vl\u0259t siyas\u0259ti kimi\u201d istiqam\u0259ti \u00fczr\u0259 q\u0131sam\u00fcdd\u0259tli ixtisasart\u0131rma kursu ke\u00e7irilmi\u015fdirOkt 01 , 2016 &#8211; 10:16 &nbsp;28 oktyabr 2016-c\u0131 il tarixl\u0259rind\u0259 Az\u0259rbaycan Respublikas\u0131n\u0131n Prezidenti yan\u0131nda D\u00f6vl\u0259t \u0130dar\u0259\u00e7ilik Akademiyas\u0131nda \u201cMultikulturalizm-Az\u0259rbaycan Respublikas\u0131n\u0131n D\u00f6vl\u0259t siyas\u0259ti kimi\u201d istiqam\u0259ti \u00fczr\u0259q\u0131sam\u00fcdd\u0259tli&nbsp; ixtisasart\u0131rma kursu ke\u00e7irilmi\u015fdir. Kurslara d\u00f6vl\u0259t orqanlar\u0131nda \u00e7al\u0131\u015fan m\u00fcvafiq d\u00f6vl\u0259t qulluq\u00e7ular\u0131 c\u0259lb olunmu\u015flar. &nbsp; &nbsp;Bu istiqam\u0259td\u0259 kursun \u0259sas m\u0259qs\u0259di Umummilli lider [&hellip;]<\/p>","protected":false},"author":2,"featured_media":12547,"comment_status":"closed","ping_status":"closed","sticky":false,"template":"","format":"standard","meta":[],"categories":[137],"tags":[],"_links":{"self":[{"href":"https:\/\/legacy.dia.edu.az\/ru\/wp-json\/wp\/v2\/posts\/12544"}],"collection":[{"href":"https:\/\/legacy.dia.edu.az\/ru\/wp-json\/wp\/v2\/posts"}],"about":[{"href":"https:\/\/legacy.dia.edu.az\/ru\/wp-json\/wp\/v2\/types\/post"}],"author":[{"embeddable":true,"href":"https:\/\/legacy.dia.edu.az\/ru\/wp-json\/wp\/v2\/users\/2"}],"replies":[{"embeddable":true,"href":"https:\/\/legacy.dia.edu.az\/ru\/wp-json\/wp\/v2\/comments?post=12544"}],"version-history":[{"count":0,"href":"https:\/\/legacy.dia.edu.az\/ru\/wp-json\/wp\/v2\/posts\/12544\/revisions"}],"wp:featuredmedia":[{"embeddable":true,"href":"https:\/\/legacy.dia.edu.az\/ru\/wp-json\/wp\/v2\/media\/12547"}],"wp:attachment":[{"href":"https:\/\/legacy.dia.edu.az\/ru\/wp-json\/wp\/v2\/media?parent=12544"}],"wp:term":[{"taxonomy":"category","embeddable":true,"href":"https:\/\/legacy.dia.edu.az\/ru\/wp-json\/wp\/v2\/categories?post=12544"},{"taxonomy":"post_tag","embeddable":true,"href":"https:\/\/legacy.dia.edu.az\/ru\/wp-json\/wp\/v2\/tags?post=12544"}],"curies":[{"name":"wp","href":"https:\/\/api.w.org\/{rel}","templated":true}]}}