{"id":12536,"date":"2016-10-03T13:23:00","date_gmt":"2016-10-03T10:23:00","guid":{"rendered":"https:\/\/dia.edu.az\/?p=12536"},"modified":"2021-03-16T13:24:50","modified_gmt":"2021-03-16T10:24:50","slug":"davamli-inkisaf-v%c9%99-ekoloji-sivilizasiya-movzusunda-d%c9%99yirmi-masada-az%c9%99rbaycanin-bu-sah%c9%99d%c9%99ki-ugurlari-yuks%c9%99k-qiym%c9%99tl%c9%99ndirilib","status":"publish","type":"post","link":"https:\/\/legacy.dia.edu.az\/ru\/arxivl\u0259r\/12536","title":{"rendered":"\u201cDavaml\u0131 inki\u015faf v\u0259 ekoloji sivilizasiya\u201d m\u00f6vzusunda \u201cd\u0259yirmi masa\u201dda Az\u0259rbaycan\u0131n bu sah\u0259d\u0259ki u\u011furlar\u0131 y\u00fcks\u0259k qiym\u0259tl\u0259ndirilib"},"content":{"rendered":"<p><\/p>\n\n\n\n<p><strong>\u201cDavaml\u0131 inki\u015faf v\u0259 ekoloji sivilizasiya\u201d m\u00f6vzusunda \u201cd\u0259yirmi masa\u201dda Az\u0259rbaycan\u0131n bu sah\u0259d\u0259ki u\u011furlar\u0131 y\u00fcks\u0259k qiym\u0259tl\u0259ndirilib<\/strong><br><em>Okt 03 , 2016 &#8211; 10:57<\/em><\/p>\n\n\n\n<p>Sentyabr\u0131n 30-da V Bak\u0131 Beyn\u0259lxalq Humanitar Forumu \u00e7\u0259r\u00e7iv\u0259sind\u0259 \u201cDavaml\u0131 inki\u015faf v\u0259 ekoloji sivilizasiya\u201d m\u00f6vzusunda ke\u00e7iril\u0259n \u201cd\u0259yirmi masa\u201dda s\u0259m\u0259r\u0259li m\u00fczakir\u0259l\u0259r apar\u0131l\u0131b.<\/p>\n\n\n\n<p><a href=\"http:\/\/azertag.az\/\" target=\"_blank\" rel=\"noreferrer noopener\">AZ\u018fRTAC<\/a>&nbsp;x\u0259b\u0259r verir ki, Az\u0259rbaycan Respublikas\u0131n\u0131n Prezidenti yan\u0131nda D\u00f6vl\u0259t \u0130dar\u0259\u00e7ilik Akademiyas\u0131n\u0131n t\u0259\u015fkilat\u00e7\u0131l\u0131\u011f\u0131 il\u0259 ke\u00e7iril\u0259n \u201cd\u0259yirmi masa\u201dya rektor, akademik Urxan \u018fl\u0259kb\u0259rov, fizika \u00fczr\u0259 Nobel m\u00fckafat\u0131 laureat\u0131, Stanford Universitetinin professoru Robert Betts Laflin, iqtisadiyyat \u00fczr\u0259 Nobel m\u00fckafat\u0131 laureat\u0131, Arizona D\u00f6vl\u0259t Universitetinin (AB\u015e) \u0130qtisadi S\u0259m\u0259r\u0259lilik Sah\u0259si \u00fczr\u0259 Perspektiv T\u0259dqiqatlar M\u0259rk\u0259zinin professoru Edvard K.Preskot h\u0259ms\u0259drlik edib.<\/p>\n\n\n\n<p>T\u0259dbiri a\u00e7an akademik Urxan \u018fl\u0259kb\u0259rov \u201cd\u0259yirmi masa\u201dda 22 \u00f6lk\u0259d\u0259n 40-dan \u00e7ox n\u00fcmay\u0259nd\u0259nin i\u015ftirak etdiyini bildirib. \u201cDavaml\u0131 inki\u015faf v\u0259 ekoloji sivilizasiya\u201d m\u00f6vzusunun haz\u0131rda d\u00fcnyada aktual m\u0259s\u0259l\u0259 oldu\u011funu vur\u011fulayan rektor qonaqlara Az\u0259rbaycanda davaml\u0131 inki\u015fafa nail olunmas\u0131 v\u0259 \u0259traf m\u00fchitin qorunmas\u0131 istiqam\u0259tind\u0259 g\u00f6r\u00fcl\u0259n i\u015fl\u0259r haqq\u0131nda m\u0259lumat verib.<\/p>\n\n\n\n<p>\u201cD\u0259yirmi masa\u201dda m\u00fczakir\u0259 edil\u0259n birinci m\u00f6vzu \u201cDavaml\u0131 inki\u015faf\u0131n s\u0259m\u0259r\u0259li idar\u0259 edilm\u0259si modell\u0259rinin t\u0259hlili v\u0259 ekoloji sivilizasiyaya transformasiya (beyn\u0259lxalq t\u0259cr\u00fcb\u0259 v\u0259 Az\u0259rbaycan t\u0259cr\u00fcb\u0259si)\u201d olub. Bu m\u00f6vzu \u00fczr\u0259 \u0259sas m\u0259ruz\u0259\u00e7il\u0259rd\u0259n olan professor&nbsp;<strong>Robert Betts Laflin<\/strong>bildirib ki, davaml\u0131 inki\u015fafla ba\u011fl\u0131 m\u0259s\u0259l\u0259l\u0259r \u00e7oxdur v\u0259 onlar\u0131n h\u0259r birinin detallar\u0131 f\u0259rqlidir. Onlara misal kimi tullant\u0131lar\u0131n yenid\u0259n istifad\u0259 edilm\u0259si, su t\u0259minat\u0131 v\u0259 s. qeyd etm\u0259k olar. Qar\u015f\u0131ya \u00e7\u0131xan probleml\u0259rin aradan qald\u0131r\u0131lmas\u0131 \u00fc\u00e7\u00fcn iqtisadiyyat qanunlar\u0131na h\u00f6rm\u0259t b\u0259sl\u0259m\u0259k, bu i\u015f\u0259 g\u0259ncl\u0259ri c\u0259lb etm\u0259k, el\u0259c\u0259 d\u0259 ke\u00e7mi\u015fin u\u011furlar\u0131ndan yararlanmaq laz\u0131md\u0131r.<\/p>\n\n\n\n<p>\u0130sve\u00e7r\u0259-Az\u0259rbaycan Ticar\u0259t Palatas\u0131n\u0131n prezidenti&nbsp;<strong>Klod Eji<\/strong>&nbsp;qeyd edib ki, ekologiya, iqtisadi siyas\u0259t, iqtisadi inki\u015faf m\u0259s\u0259l\u0259l\u0259ri bir-birini tamamlamal\u0131d\u0131r. Az\u0259rbaycana d\u0259f\u0259l\u0259rl\u0259 g\u0259ldiyini dey\u0259n Klod Eji deyib ki, bu \u00f6lk\u0259d\u0259 k\u0259miyy\u0259t deyil, keyfiyy\u0259t m\u0259s\u0259l\u0259sin\u0259 b\u00f6y\u00fck diqq\u0259t yetirilir. Milanda ke\u00e7irilmi\u015f s\u0259rgid\u0259 Az\u0259rbaycan m\u00f6ht\u0259\u015f\u0259m pavilyonu il\u0259 n\u00fcmayi\u015f etdirib ki, h\u00f6kum\u0259t k\u0259nd t\u0259s\u0259rr\u00fcfat\u0131 istehsal\u0131n\u0131 art\u0131rmaq niyy\u0259tind\u0259dir. Bel\u0259likl\u0259, Az\u0259rbaycan t\u0259r\u0259fi \u00e7ox fundamental suala cavab tap\u0131b. Klod Eji vur\u011fulay\u0131b ki, V Bak\u0131 Beyn\u0259lxalq Humanitar Forumunda \u201cDavaml\u0131 inki\u015faf v\u0259 ekoloji sivilizasiya\u201d m\u00f6vzusunda ayr\u0131ca \u201cd\u0259yirmi masa\u201dn\u0131n ke\u00e7irilm\u0259si t\u0259qdir\u0259layiqdir. Haz\u0131rda Az\u0259rbaycanda yeni strategiya haz\u0131rlan\u0131r v\u0259 \u00f6lk\u0259 \u00e7ox d\u00fczg\u00fcn se\u00e7im edib. Buna g\u00f6r\u0259 d\u0259 biz Az\u0259rbaycan\u0131 d\u0259st\u0259kl\u0259m\u0259liyik.<\/p>\n\n\n\n<p>M\u00f6vzu \u00fczr\u0259 \u0259sas m\u0259ruz\u0259\u00e7il\u0259rd\u0259n olan akademik&nbsp;<strong>Urxan \u018fl\u0259kb\u0259rov<\/strong>&nbsp;\u00f6lk\u0259mizd\u0259 davaml\u0131 inki\u015faf sah\u0259sind\u0259 idar\u0259etm\u0259 texnologiyas\u0131n\u0131n t\u0259tbiqinin n\u0259tic\u0259l\u0259rind\u0259n dan\u0131\u015f\u0131b. Bildirib ki, davaml\u0131 inki\u015faf m\u00f6vzusu h\u0259l\u0259 2001-ci ild\u0259n orta m\u0259kt\u0259bl\u0259rd\u0259 kurrikuluma daxil edilib. Daha sonra is\u0259 ali m\u0259kt\u0259bl\u0259rin bakalavr v\u0259 magistratura pill\u0259l\u0259rind\u0259 t\u0259dris proqram\u0131na sal\u0131n\u0131b. Davaml\u0131 inki\u015faf indikatorlar\u0131 \u0259slind\u0259 sosial indikatorlard\u0131r. Az enerjid\u0259n istifad\u0259 edilm\u0259si iqtisadi n\u00f6qteyi-n\u0259z\u0259rd\u0259n s\u0259rf\u0259lidir. Ke\u00e7mi\u015f sovet \u00f6lk\u0259l\u0259ri, el\u0259c\u0259 d\u0259 Avropa \u0130ttifaq\u0131na \u00fczv olan ke\u00e7mi\u015f sovet respublikalar\u0131 aras\u0131nda \u0259n yax\u015f\u0131 g\u00f6st\u0259rici Az\u0259rbaycana m\u0259xsusdur. D\u00fcnya Bank\u0131n\u0131n \u0259n son m\u0259lumat\u0131nda da Az\u0259rbaycan\u0131n indeksi y\u00fcks\u0259kdir. Bunlara nail olunmas\u0131nda innovativ idar\u0259\u00e7ilik m\u00fch\u00fcm amildir. B\u00fct\u00fcn bunlar Az\u0259rbaycan Prezidenti \u0130lham \u018fliyevin s\u0259yi v\u0259 t\u0259\u015f\u0259bb\u00fcs\u00fc n\u0259tic\u0259sind\u0259 m\u00fcmk\u00fcn olub.<\/p>\n\n\n\n<p>M\u00f6vzu \u00fczr\u0259 \u0259sas m\u0259ruz\u0259\u00e7il\u0259rd\u0259n olan&nbsp;<strong>Edvard Preskot<\/strong>&nbsp;bildirib ki, \u015e\u0259rq il\u0259 Q\u0259rbin qovu\u015fu\u011funda yerl\u0259\u015f\u0259n Az\u0259rbaycan bu m\u00f6vqeyind\u0259n s\u0259m\u0259r\u0259li istifad\u0259 edir. Bu \u00f6lk\u0259 \u00e7ox y\u00fcks\u0259k art\u0131m templ\u0259ri il\u0259 inki\u015faf edir, Q\u0259rb \u00f6lk\u0259l\u0259ri il\u0259 ayaqla\u015f\u0131r. B\u00fct\u00fcn bunlar Az\u0259rbaycanda h\u0259yata ke\u00e7iril\u0259n iqtisadi siyas\u0259tl\u0259 ba\u011fl\u0131d\u0131r. T\u0259sad\u00fcfi deyil ki, 2002-2012-ci ill\u0259rd\u0259 maliyy\u0259 b\u00f6hran\u0131 Az\u0259rbaycandan yan ke\u00e7ib. Bu \u00f6lk\u0259d\u0259 insanlar\u0131n h\u0259yat t\u0259rzi \u00c7ind\u0259n v\u0259 Rusiyadan daha y\u00fcks\u0259kdir. Az\u0259rbaycanda 2002-ci ild\u0259n ba\u015flayaraq davaml\u0131 inki\u015faf\u0131n y\u00fcks\u0259l\u0259n x\u0259tt \u00fczr\u0259 t\u0259min edilib. Az\u0259rbaycan r\u0259qab\u0259t\u0259 davaml\u0131 v\u0259 dig\u0259r \u00f6lk\u0259l\u0259r \u00fc\u00e7\u00fcn \u00f6rn\u0259k ola bil\u0259r.<\/p>\n\n\n\n<p>\u018fsas m\u0259ruz\u0259\u00e7il\u0259rd\u0259n olan ekologiya v\u0259 t\u0259bii s\u0259rv\u0259tl\u0259r naziri&nbsp;<strong>H\u00fcseynqulu Ba\u011f\u0131rov<\/strong>&nbsp;\u00e7\u0131x\u0131\u015f\u0131nda davaml\u0131 inki\u015faf v\u0259 ekoloji sivilizasiya m\u0259s\u0259l\u0259l\u0259rin\u0259 dair \u00f6lk\u0259mizd\u0259 h\u0259yata ke\u00e7iril\u0259n i\u015fl\u0259r bar\u0259d\u0259 m\u0259lumat verib. Bildirib ki, bu m\u0259s\u0259l\u0259y\u0259 \u201cAz\u0259rbaycan 2020: g\u0259l\u0259c\u0259y\u0259 bax\u0131\u015f\u201d \u0130nki\u015faf Konsepsiyas\u0131nda b\u00f6y\u00fck yer ayr\u0131l\u0131b. \u00d6lk\u0259mizin Paris prosesin\u0259 qo\u015fuldu\u011funu diqq\u0259t\u0259 \u00e7atd\u0131ran nazir deyib ki, Az\u0259rbaycan z\u0259r\u0259rli qazlar\u0131n atmosfer\u0259 burax\u0131lmas\u0131na dair beyn\u0259lxalq s\u0259n\u0259di imzalay\u0131b. \u00d6hd\u0259liyimiz ondan ibar\u0259tdir ki, 2030-cu ild\u0259 karbon birl\u0259\u015fm\u0259l\u0259rinin at\u0131lmas\u0131n\u0131 35 faiz azaldaq. Bu, d\u00fcnyada \u0259n y\u00fcks\u0259k \u00f6hd\u0259lik s\u0259viyy\u0259sind\u0259dir. H\u0259tta AB\u015e kimi b\u00f6y\u00fck \u00f6lk\u0259nin \u00f6hd\u0259liyind\u0259n d\u0259 y\u00fcks\u0259kdir.<\/p>\n\n\n\n<p>Az\u0259rbaycanda alternativ enerji m\u0259nb\u0259l\u0259rind\u0259n istifad\u0259nin geni\u015fl\u0259ndiyini vur\u011fulayan H.Ba\u011f\u0131rov bildirib: \u201c\u00d6lk\u0259mizd\u0259 mazutdan istifad\u0259d\u0259n tam imtina edilib. Habel\u0259 me\u015f\u0259 \u0259razil\u0259rini art\u0131rmaq istiqam\u0259tind\u0259 b\u00f6y\u00fck i\u015fl\u0259r g\u00f6r\u00fcl\u00fcr. Az\u0259rbaycan ke\u00e7mi\u015f sovet \u00f6lk\u0259l\u0259ri il\u0259 m\u00fcqayis\u0259d\u0259 az me\u015f\u0259 \u00f6rt\u00fcy\u00fcn\u0259 (\u0259razisinin 10-12 faizi) sahib olsa da, bu me\u015f\u0259l\u0259r azalm\u0131r, s\u0259naye \u00fc\u00e7\u00fcn istifad\u0259 edilmir. N\u0259tic\u0259d\u0259 me\u015f\u0259l\u0259rin artmas\u0131 hiss olunur. Son 15 ild\u0259 \u00f6lk\u0259mizd\u0259 150-170 min hektarl\u0131q me\u015f\u0259l\u0259r sal\u0131n\u0131b. Onlar\u0131n 144 min hektar\u0131 art\u0131q \u00e7\u0259tiri birl\u0259\u015fmi\u015f me\u015f\u0259 hesab olunur v\u0259 standartlara uy\u011fundur. \u00d6lk\u0259mizd\u0259 g\u00fcn\u0259\u015f panell\u0259ri fabriki tikilib. G\u00fcn\u0259\u015f enerjisi il\u0259 t\u0259min edil\u0259n enerji sektoru geni\u015fl\u0259nir\u201d.<\/p>\n\n\n\n<p>Nazir, h\u0259m\u00e7inin \u201cAz\u0259rland\u015faft\u201d SC-nin f\u0259aliyy\u0259ti, su t\u0259minat\u0131, X\u0259z\u0259rin t\u0259miz saxlanmas\u0131, \u00f6lk\u0259mizd\u0259 m\u00fchafiz\u0259 edil\u0259n \u0259razil\u0259rin geni\u015fl\u0259ndirilm\u0259si, milli parklar\u0131n sal\u0131nmas\u0131 haqq\u0131nda da m\u0259lumat verib, milli monitorinq sisteminin t\u0259kmill\u0259\u015fdirildiyini diqq\u0259t\u0259 \u00e7atd\u0131r\u0131b.<\/p>\n\n\n\n<p>\u201cD\u0259yirmi masa\u201dda ikinci sessiya \u201cDavaml\u0131 inki\u015faf \u00fc\u00e7\u00fcn z\u0259ruri insan potensial\u0131n\u0131n formala\u015fd\u0131r\u0131lmas\u0131 probleml\u0259ri\u201d m\u00f6vzusuna h\u0259sr olunub. M\u00f6vzu \u00fczr\u0259 \u0259sas m\u0259ruz\u0259\u00e7il\u0259rd\u0259n biri &#8211; Az\u0259rbaycan Respublikas\u0131n\u0131n Prezidenti yan\u0131nda V\u0259t\u0259nda\u015flara Xidm\u0259t v\u0259 Sosial \u0130nnovasiyalar \u00fczr\u0259 D\u00f6vl\u0259t Agentliyinin s\u0259dri&nbsp;<strong>\u0130nam K\u0259rimov<\/strong>&nbsp;\u00e7\u0131x\u0131\u015f ed\u0259r\u0259k Forumun \u0259h\u0259miyy\u0259tini x\u00fcsusi vur\u011fulay\u0131b. Bildirib ki, davaml\u0131 inki\u015faf\u0131n m\u0259qs\u0259dl\u0259rin\u0259 nail olunmas\u0131nda insan kapital\u0131n\u0131n b\u00f6y\u00fck rolu var. \u00d6z\u0259l v\u0259 d\u00f6vl\u0259t sektorlar\u0131nda sanball\u0131 institutlar\u0131n yarad\u0131lmas\u0131, s\u0259m\u0259r\u0259li kadrlar\u0131n yeti\u015fdirilm\u0259si vacib m\u0259s\u0259l\u0259l\u0259rdir. \u201cAz\u0259rbaycan 2020: g\u0259l\u0259c\u0259y\u0259 bax\u0131\u015f\u201d \u0130nki\u015faf Konsepsiyas\u0131 b\u00fct\u00fcn sah\u0259l\u0259rd\u0259 davaml\u0131 inki\u015faf \u00fczr\u0259 \u00f6lk\u0259nin milli strategiyas\u0131 hesab olunur. Az\u0259rbaycanda insan kapital\u0131 \u0259n prioritet m\u0259s\u0259l\u0259l\u0259rd\u0259n biridir. Son ill\u0259r d\u00f6vl\u0259timizin ba\u015f\u00e7\u0131s\u0131n\u0131n r\u0259hb\u0259rliyi il\u0259 bu istiqam\u0259td\u0259 b\u00f6y\u00fck islahatlar h\u0259yata ke\u00e7irilir.<\/p>\n\n\n\n<p>\u201cASAN xidm\u0259t\u201d \u00fczr\u0259 330-dan \u00e7ox xidm\u0259t g\u00f6st\u0259rildiyini vur\u011fulayan \u0130.K\u0259rimov bildirib ki, indiy\u0259d\u0259k 12 milyon insan bu xidm\u0259tl\u0259rd\u0259n faydalan\u0131b. M\u0259rk\u0259z \u015f\u0259ffafl\u0131q, s\u0259m\u0259r\u0259lilik, sosial m\u0259suliyy\u0259t v\u0259 komfort prinsipin\u0259 \u0259sas\u0259n f\u0259aliyy\u0259t g\u00f6st\u0259rir. Eyni zamanda, s\u0259yyar avtobuslar vasit\u0259sil\u0259 xidm\u0259tl\u0259r v\u0259t\u0259nda\u015flara \u00e7atd\u0131r\u0131l\u0131r. V\u0259t\u0259nda\u015flar, h\u0259m\u00e7inin mobil xidm\u0259tl\u0259rd\u0259n d\u0259 istifad\u0259 ed\u0259 bil\u0259r, \u015f\u0259xsiyy\u0259t v\u0259siq\u0259sini, s\u00fcr\u00fcc\u00fcl\u00fck v\u0259siq\u0259sini binan\u0131n \u00f6z\u00fcn\u0259 g\u0259lm\u0259d\u0259n d\u0259 \u0259ld\u0259 edirl\u0259r. \u201cASAN xidm\u0259t\u201d m\u0259rk\u0259zl\u0259rind\u0259 m\u00fc\u0259yy\u0259n s\u0259n\u0259dl\u0259ri bir saat \u0259rzind\u0259 \u0259ld\u0259 etm\u0259k m\u00fcmk\u00fcnd\u00fcr. Bu bax\u0131mdan \u201cASAN xidm\u0259t\u201d n\u00fcmun\u0259vi modeldir. T\u0259sad\u00fcfi deyil ki, qurum ke\u00e7\u0259n il \u201cD\u00f6vl\u0259t xidm\u0259tl\u0259rinin g\u00f6st\u0259rilm\u0259sinin t\u0259kmill\u0259\u015fdirilm\u0259si\u201d kateqoriyas\u0131nda BMT-nin birinci m\u00fckafat\u0131na layiq g\u00f6r\u00fcl\u00fcb. \u201cASAN xidm\u0259t\u201d m\u0259rk\u0259zl\u0259rind\u0259 8 min k\u00f6n\u00fcll\u00fcn\u00fcn f\u0259aliyy\u0259t g\u00f6st\u0259rdiyini vur\u011fulayan Agentliyin s\u0259dri onlar\u0131n \u201cYa\u015f\u0131l ASAN\u201d aksiyalar\u0131 t\u0259\u015fkil etm\u0259kl\u0259 \u0259traf m\u00fchitin m\u00fchafiz\u0259sin\u0259 t\u00f6hf\u0259 verdikl\u0259rini bildirib.<\/p>\n\n\n\n<p>Rusiya Xalqlar Dostlu\u011fu Universitetinin prorektoru&nbsp;<strong>Aleksandr Qladu\u015f<\/strong>&nbsp;y\u00fcks\u0259k s\u0259viyy\u0259d\u0259 t\u0259\u015fkil edil\u0259n Bak\u0131 Forumunda aktual m\u0259s\u0259l\u0259l\u0259rin m\u00fczakir\u0259 olundu\u011funu vur\u011fulay\u0131b. Bildirib ki, israf\u00e7\u0131l\u0131q t\u0259bii ehtiyatlar\u0131n b\u0259rpa olunma qabiliyy\u0259tini m\u0259hdudla\u015fd\u0131r\u0131r. O, g\u0259l\u0259c\u0259k h\u0259yat\u0131n enerji m\u0259nb\u0259l\u0259rinin \u015fax\u0259l\u0259ndirilm\u0259sind\u0259n v\u0259 alternativ enerji vasit\u0259l\u0259rind\u0259n istifad\u0259d\u0259n as\u0131l\u0131 oldu\u011funu qeyd edib.<\/p>\n\n\n\n<p>\u0130qtisadi \u0130slahatlar\u0131n T\u0259hlili v\u0259 Kommunikasiya M\u0259rk\u0259zinin icra\u00e7\u0131 direktoru&nbsp;<strong>V\u00fcsal Qas\u0131ml\u0131<\/strong>r\u0259hb\u0259rlik etdiyi qurumun f\u0259aliyy\u0259ti haqq\u0131nda m\u0259lumat verib. Diqq\u0259t\u0259 \u00e7atd\u0131r\u0131b ki, d\u00fcnya bazar\u0131nda neftin qiym\u0259tinin d\u0259yi\u015fm\u0259sind\u0259n sonra Az\u0259rbaycanda yeni ciddi islahatlar start g\u00f6t\u00fcr\u00fcb. Haz\u0131rda d\u00f6vl\u0259t y\u00f6nl\u00fc investisiyadan \u00f6z\u0259l s\u0259rmay\u0259y\u0259 ke\u00e7ilm\u0259si istiqam\u0259tind\u0259 i\u015fl\u0259r g\u00f6r\u00fcl\u00fcr. Davaml\u0131 inki\u015faf\u0131 t\u0259min etm\u0259k \u00fc\u00e7\u00fcn \u00f6lk\u0259y\u0259 daha \u00e7ox \u00f6z\u0259l investisiya laz\u0131md\u0131r. Biz Az\u0259rbaycan\u0131n yeni strateji yol x\u0259rit\u0259sini haz\u0131rlay\u0131r, davaml\u0131 inki\u015faf m\u0259qs\u0259dl\u0259rini Az\u0259rbaycan reall\u0131qlar\u0131na uy\u011funla\u015fd\u0131raraq m\u00fc\u0259yy\u0259n sah\u0259l\u0259r \u00fczr\u0259 ixtisasla\u015fma\u011fa \u00e7al\u0131\u015f\u0131r\u0131q.<\/p>\n\n\n\n<p>\u0130taliyan\u0131n Bokkoni Universitetinin t\u0259dqiqat direktoru&nbsp;<strong>Edoardo Kro\u00e7i<\/strong>&nbsp;davaml\u0131 inki\u015faf v\u0259 ekoloji sivilizasiyada urbanizasiya amilind\u0259n dan\u0131\u015f\u0131b. 2005-ci ild\u0259n sonra \u0259hali art\u0131m\u0131 \u00fczr\u0259 \u0259sas g\u00f6st\u0259ricil\u0259ri diqq\u0259t\u0259 \u00e7atd\u0131ran E.Kro\u00e7i qeyd edib ki, b\u00f6y\u00fck \u015f\u0259h\u0259rl\u0259rd\u0259 tullant\u0131lar \u0259traf m\u00fchit\u0259 ciddi z\u0259r\u0259r vurur, havan\u0131 \u00e7irkl\u0259ndirir, iqlim d\u0259yi\u015fikliyin\u0259 s\u0259b\u0259b olur. Bunun qar\u015f\u0131s\u0131n\u0131n al\u0131nmas\u0131 \u00fc\u00e7\u00fcn m\u00fcvafiq infrastruktur formala\u015fd\u0131r\u0131lark\u0259n \u0259hali art\u0131m\u0131, davaml\u0131 iqtisadi inki\u015faf v\u0259 ekoloji sivilizasiya kompleks \u015f\u0259kild\u0259 n\u0259z\u0259rd\u0259n ke\u00e7irilm\u0259lidir.<\/p>\n\n\n\n<p>\u201cD\u0259yirmi masa\u201dn\u0131n \u201cDavaml\u0131 inki\u015faf konsepsiyas\u0131n\u0131n h\u0259yata ke\u00e7irilm\u0259sind\u0259 v\u0259t\u0259nda\u015f c\u0259miyy\u0259tinin v\u0259 k\u00fctl\u0259vi informasiya vasit\u0259l\u0259rinin rolu\u201d m\u00f6vzusundak\u0131 \u00fc\u00e7\u00fcnc\u00fc sessiyas\u0131n\u0131n \u0259sas m\u0259ruz\u0259\u00e7il\u0259rind\u0259n olan Kolumbiya Universitetinin (AB\u015e) beyn\u0259lxalq m\u00fcnasib\u0259tl\u0259r v\u0259 d\u00f6vl\u0259t i\u015fl\u0259ri fak\u00fclt\u0259sinin professoru&nbsp;<strong>Con Lourens<\/strong>&nbsp;bildirib ki, sivilizasiya konsepsiyas\u0131 yenid\u0259n i\u015fl\u0259nilm\u0259lidir. B\u0259\u015f\u0259riyy\u0259tin m\u00f6vcudlu\u011fu \u00fc\u00e7\u00fcn g\u0259l\u0259c\u0259kd\u0259 g\u00f6r\u00fcl\u0259c\u0259k i\u015fl\u0259ri g\u0259ncl\u0259r\u0259 \u00f6yr\u0259tm\u0259k laz\u0131md\u0131r. Bu bax\u0131mdan atd\u0131\u011f\u0131m\u0131z b\u00fct\u00fcn add\u0131mlarda g\u0259l\u0259c\u0259k n\u0259sill\u0259rin taleyi n\u0259z\u0259r\u0259 al\u0131nmal\u0131d\u0131r.<\/p>\n\n\n\n<p>Az\u0259rbaycan g\u0259ncl\u0259rinin ke\u00e7id d\u00f6vr\u00fcnd\u0259 kifay\u0259t q\u0259d\u0259r yax\u015f\u0131 t\u0259sir ba\u011f\u0131\u015flad\u0131qlar\u0131n\u0131 vur\u011fulayan C.Lourens onlar\u0131n t\u0259hsil\u0259 b\u00f6y\u00fck diqq\u0259t yetirdikl\u0259rini bildirib. Qeyd edib ki, Az\u0259rbaycan g\u0259ncl\u0259ri \u00f6z \u00f6lk\u0259l\u0259rin\u0259 ba\u011fl\u0131d\u0131rlar. Onlar xaricd\u0259 t\u0259hsil al\u0131b, V\u0259t\u0259n\u0259 qay\u0131d\u0131rlar. Bu, ba\u015fqa \u00f6lk\u0259l\u0259rl\u0259 m\u00fcqayis\u0259d\u0259 yax\u015f\u0131 g\u00f6st\u0259ricidir.<\/p>\n\n\n\n<p>\u201cYeni Az\u0259rbaycan\u201d q\u0259zetinin ba\u015f redaktoru, Milli M\u0259clisin deputat\u0131&nbsp;<strong>Hikm\u0259t M\u0259mm\u0259dov<\/strong>davaml\u0131 inki\u015faf\u0131n insan resurslar\u0131 v\u0259 informasiya t\u0259minat\u0131ndan dan\u0131\u015f\u0131b. Bildirib ki, m\u00fcvafiq prosesd\u0259 insanlar\u0131n bu konsepsiyaya yana\u015fmas\u0131 vacib m\u0259s\u0259l\u0259dir. Bu zaman median\u0131n rolu aktualla\u015f\u0131r. Haz\u0131rda median\u0131n \u0259linin \u00e7atmad\u0131\u011f\u0131 sah\u0259 yoxdur. Davaml\u0131 inki\u015faf konsepsiyas\u0131n\u0131n t\u0259bli\u011find\u0259, \u00f6yr\u0259nilm\u0259sind\u0259 median\u0131n \u0259v\u0259zsiz rolu var. Az\u0259rbaycanda s\u00f6z v\u0259 m\u0259tbuat azadl\u0131\u011f\u0131 m\u00f6vcuddur. Qlobal internet resurslar\u0131na \u00e7\u0131xmaq \u00fc\u00e7\u00fcn he\u00e7 bir m\u0259hdudiyy\u0259t yoxdur. \u00d6t\u0259n il orta m\u0259kt\u0259bl\u0259r \u00fc\u00e7\u00fcn davaml\u0131 inki\u015fafa dair d\u0259rs v\u0259saiti haz\u0131rlan\u0131b. Az\u0259rbaycan \u0259razisinin 20 faizi qon\u015fu Erm\u0259nistan t\u0259r\u0259find\u0259n i\u015f\u011fal edilib. Y\u0259ni, Az\u0259rbaycanda insan inki\u015faf\u0131na xidm\u0259t ed\u0259c\u0259k resurslar\u0131n m\u00fc\u0259yy\u0259n hiss\u0259si i\u015f\u011fal alt\u0131ndad\u0131r. Davaml\u0131 inki\u015fafa nail olmaq \u00fc\u00e7\u00fcn m\u00fcharib\u0259l\u0259r\u0259 son qoyulmal\u0131, onlar\u0131n f\u0259sadlar\u0131n\u0131n qar\u015f\u0131s\u0131 al\u0131nmal\u0131d\u0131r.<\/p>\n\n\n\n<p>Q\u0131r\u011f\u0131z\u0131stan\u0131n \u201cAK\u0130press\u201d \u0130nformasiya Agentliyinin ba\u015f direktorunun m\u00fcavini&nbsp;<strong>Venera Camankulova<\/strong>&nbsp;\u00f6lk\u0259sind\u0259 f\u0259al v\u0259t\u0259nda\u015f c\u0259miyy\u0259tinin m\u00f6vcud oldu\u011funu qeyd edib. Bildirib ki, h\u00f6kum\u0259t orqanlar\u0131 v\u0259 k\u00fctl\u0259vi informasiya vasit\u0259l\u0259ri s\u0131x \u0259m\u0259kda\u015fl\u0131q ed\u0259rs\u0259, ekoloji probleml\u0259rin qar\u015f\u0131s\u0131n\u0131 almaq daha asan olar.<\/p>\n\n\n\n<p>D\u00f6vl\u0259t \u0130dar\u0259\u00e7ilik Akademiyas\u0131n\u0131n &nbsp;Elmi-t\u0259\u015fkilat \u015f\u00f6b\u0259sinin m\u00fcdiri, dosent R\u0259c\u0259b R\u0259himli, Akademiyan\u0131n dosenti Ziyaf\u0259t H\u0259bibova forumda \u00e7\u0131x\u0131\u015f etmi\u015fl\u0259r.&nbsp;Sonra \u201cd\u0259yirmi masa\u201dda dinl\u0259nil\u0259n m\u0259ruz\u0259l\u0259r \u0259traf\u0131nda fikir m\u00fcbadil\u0259si apar\u0131l\u0131b.<\/p>\n\n\n\n<p>M\u00fczakir\u0259l\u0259rd\u0259n sonra V Bak\u0131 Beyn\u0259lxalq Humanitar Forumunun b\u0259yannam\u0259si m\u00fczakir\u0259 olunaraq q\u0259bul edilib.<\/p>\n\n\n\n<p><\/p>\n\n\n\n<figure class=\"wp-container-2 wp-block-gallery-1 wp-block-gallery columns-3 is-cropped\"><ul class=\"blocks-gallery-grid\"><li class=\"blocks-gallery-item\"><figure><img width=\"640\" height=\"422\" src=\"https:\/\/dia.edu.az\/wp-content\/uploads\/2021\/03\/03.10.161.jpg\" alt=\"\" data-id=\"12537\" data-full-url=\"https:\/\/dia.edu.az\/wp-content\/uploads\/2021\/03\/03.10.161.jpg\" data-link=\"https:\/\/dia.edu.az\/?attachment_id=12537\" class=\"wp-image-12537\" srcset=\"https:\/\/legacy.dia.edu.az\/wp-content\/uploads\/2021\/03\/03.10.161.jpg 640w, https:\/\/legacy.dia.edu.az\/wp-content\/uploads\/2021\/03\/03.10.161-300x198.jpg 300w, https:\/\/legacy.dia.edu.az\/wp-content\/uploads\/2021\/03\/03.10.161-16x12.jpg 16w, https:\/\/legacy.dia.edu.az\/wp-content\/uploads\/2021\/03\/03.10.161-150x100.jpg 150w, https:\/\/legacy.dia.edu.az\/wp-content\/uploads\/2021\/03\/03.10.161-300x198@2x.jpg 600w\" sizes=\"(max-width: 640px) 100vw, 640px\" \/><\/figure><\/li><li class=\"blocks-gallery-item\"><figure><img width=\"640\" height=\"422\" src=\"https:\/\/dia.edu.az\/wp-content\/uploads\/2021\/03\/03.10.2016.jpg\" alt=\"\" data-id=\"12538\" data-full-url=\"https:\/\/dia.edu.az\/wp-content\/uploads\/2021\/03\/03.10.2016.jpg\" data-link=\"https:\/\/dia.edu.az\/?attachment_id=12538\" class=\"wp-image-12538\" srcset=\"https:\/\/legacy.dia.edu.az\/wp-content\/uploads\/2021\/03\/03.10.2016.jpg 640w, https:\/\/legacy.dia.edu.az\/wp-content\/uploads\/2021\/03\/03.10.2016-300x198.jpg 300w, https:\/\/legacy.dia.edu.az\/wp-content\/uploads\/2021\/03\/03.10.2016-16x12.jpg 16w, https:\/\/legacy.dia.edu.az\/wp-content\/uploads\/2021\/03\/03.10.2016-150x100.jpg 150w, https:\/\/legacy.dia.edu.az\/wp-content\/uploads\/2021\/03\/03.10.2016-300x198@2x.jpg 600w\" sizes=\"(max-width: 640px) 100vw, 640px\" \/><\/figure><\/li><li class=\"blocks-gallery-item\"><figure><img width=\"640\" height=\"383\" src=\"https:\/\/dia.edu.az\/wp-content\/uploads\/2021\/03\/03.10.20161.jpg\" alt=\"\" data-id=\"12539\" data-full-url=\"https:\/\/dia.edu.az\/wp-content\/uploads\/2021\/03\/03.10.20161.jpg\" data-link=\"https:\/\/dia.edu.az\/?attachment_id=12539\" class=\"wp-image-12539\" srcset=\"https:\/\/legacy.dia.edu.az\/wp-content\/uploads\/2021\/03\/03.10.20161.jpg 640w, https:\/\/legacy.dia.edu.az\/wp-content\/uploads\/2021\/03\/03.10.20161-300x180.jpg 300w, https:\/\/legacy.dia.edu.az\/wp-content\/uploads\/2021\/03\/03.10.20161-16x10.jpg 16w, https:\/\/legacy.dia.edu.az\/wp-content\/uploads\/2021\/03\/03.10.20161-300x180@2x.jpg 600w\" sizes=\"(max-width: 640px) 100vw, 640px\" \/><\/figure><\/li><\/ul><\/figure>\n\n\n\n<p><\/p>","protected":false},"excerpt":{"rendered":"<p>\u201cDavaml\u0131 inki\u015faf v\u0259 ekoloji sivilizasiya\u201d m\u00f6vzusunda \u201cd\u0259yirmi masa\u201dda Az\u0259rbaycan\u0131n bu sah\u0259d\u0259ki u\u011furlar\u0131 y\u00fcks\u0259k qiym\u0259tl\u0259ndirilibOkt 03 , 2016 &#8211; 10:57 Sentyabr\u0131n 30-da V Bak\u0131 Beyn\u0259lxalq Humanitar Forumu \u00e7\u0259r\u00e7iv\u0259sind\u0259 \u201cDavaml\u0131 inki\u015faf v\u0259 ekoloji sivilizasiya\u201d m\u00f6vzusunda ke\u00e7iril\u0259n \u201cd\u0259yirmi masa\u201dda s\u0259m\u0259r\u0259li m\u00fczakir\u0259l\u0259r apar\u0131l\u0131b. AZ\u018fRTAC&nbsp;x\u0259b\u0259r verir ki, Az\u0259rbaycan Respublikas\u0131n\u0131n Prezidenti yan\u0131nda D\u00f6vl\u0259t \u0130dar\u0259\u00e7ilik Akademiyas\u0131n\u0131n t\u0259\u015fkilat\u00e7\u0131l\u0131\u011f\u0131 il\u0259 ke\u00e7iril\u0259n \u201cd\u0259yirmi masa\u201dya rektor, [&hellip;]<\/p>","protected":false},"author":2,"featured_media":12537,"comment_status":"closed","ping_status":"closed","sticky":false,"template":"","format":"standard","meta":[],"categories":[137],"tags":[],"_links":{"self":[{"href":"https:\/\/legacy.dia.edu.az\/ru\/wp-json\/wp\/v2\/posts\/12536"}],"collection":[{"href":"https:\/\/legacy.dia.edu.az\/ru\/wp-json\/wp\/v2\/posts"}],"about":[{"href":"https:\/\/legacy.dia.edu.az\/ru\/wp-json\/wp\/v2\/types\/post"}],"author":[{"embeddable":true,"href":"https:\/\/legacy.dia.edu.az\/ru\/wp-json\/wp\/v2\/users\/2"}],"replies":[{"embeddable":true,"href":"https:\/\/legacy.dia.edu.az\/ru\/wp-json\/wp\/v2\/comments?post=12536"}],"version-history":[{"count":0,"href":"https:\/\/legacy.dia.edu.az\/ru\/wp-json\/wp\/v2\/posts\/12536\/revisions"}],"wp:featuredmedia":[{"embeddable":true,"href":"https:\/\/legacy.dia.edu.az\/ru\/wp-json\/wp\/v2\/media\/12537"}],"wp:attachment":[{"href":"https:\/\/legacy.dia.edu.az\/ru\/wp-json\/wp\/v2\/media?parent=12536"}],"wp:term":[{"taxonomy":"category","embeddable":true,"href":"https:\/\/legacy.dia.edu.az\/ru\/wp-json\/wp\/v2\/categories?post=12536"},{"taxonomy":"post_tag","embeddable":true,"href":"https:\/\/legacy.dia.edu.az\/ru\/wp-json\/wp\/v2\/tags?post=12536"}],"curies":[{"name":"wp","href":"https:\/\/api.w.org\/{rel}","templated":true}]}}