{"id":12532,"date":"2016-10-17T13:21:00","date_gmt":"2016-10-17T10:21:00","guid":{"rendered":"https:\/\/dia.edu.az\/?p=12532"},"modified":"2021-03-16T13:22:55","modified_gmt":"2021-03-16T10:22:55","slug":"az%c9%99rbaycanin-must%c9%99qilliyinin-b%c9%99rpasinin-25-illiyi-dovl%c9%99t-idar%c9%99cilik-akademiyasinda-qeyd-olunub","status":"publish","type":"post","link":"https:\/\/legacy.dia.edu.az\/ru\/arxivl\u0259r\/12532","title":{"rendered":"Az\u0259rbaycan\u0131n m\u00fcst\u0259qilliyinin b\u0259rpas\u0131n\u0131n 25 illiyi D\u00f6vl\u0259t \u0130dar\u0259\u00e7ilik Akademiyas\u0131nda qeyd olunub"},"content":{"rendered":"<p><\/p>\n\n\n\n<p><\/p>\n\n\n\n<p><strong>Az\u0259rbaycan\u0131n m\u00fcst\u0259qilliyinin b\u0259rpas\u0131n\u0131n 25 illiyi D\u00f6vl\u0259t \u0130dar\u0259\u00e7ilik Akademiyas\u0131nda qeyd olunub<\/strong><br><em>Okt 17 , 2016 &#8211; 11:10<\/em><\/p>\n\n\n\n<p>Oktyabr\u0131n&nbsp;14-d\u0259&nbsp;Az\u0259rbaycanRespublikas\u0131n\u0131nPrezidentiyan\u0131ndaD\u00f6vl\u0259t&nbsp;\u0130dar\u0259\u00e7ilikAkademiyas\u0131n\u0131n&nbsp;(D\u0130A)&nbsp;v\u0259&nbsp;Heyd\u0259r&nbsp;\u018fliyevM\u0259rk\u0259zininbirg\u0259&nbsp;t\u0259\u015fkilat\u00e7\u0131l\u0131\u011f\u0131&nbsp;il\u0259&nbsp;Heyd\u0259r&nbsp;\u018fliyevD\u00f6vl\u0259t&nbsp;\u0130dar\u0259\u00e7iliyi&nbsp;M\u0259kt\u0259bind\u0259&nbsp;respublikam\u0131z\u0131n &nbsp;m\u00fcst\u0259qilliyinin &nbsp;b\u0259rpas\u0131n\u0131n&nbsp;iyirmi&nbsp;be\u015finci&nbsp;ild\u00f6n\u00fcm\u00fcn\u0259&nbsp;h\u0259sr&nbsp;olunan&nbsp;elmi&nbsp;konfrans&nbsp;ke\u00e7irilib.<\/p>\n\n\n\n<p>D\u0130A-n\u0131n rektoru, akademik Urxan \u018fl\u0259kb\u0259rov Prezident \u0130lham \u018fliyevin imzalad\u0131\u011f\u0131 \u201cAz\u0259rbaycan Respublikas\u0131n\u0131n d\u00f6vl\u0259t m\u00fcst\u0259qilliyinin b\u0259rpas\u0131n\u0131n iyirmi be\u015finci ild\u00f6n\u00fcm\u00fc haqq\u0131nda\u201d S\u0259r\u0259ncam\u0131n \u0259h\u0259miyy\u0259tini vur\u011fulay\u0131b. \u00d6t\u0259n 25 ild\u0259 Az\u0259rbaycanda \u0259ld\u0259 edil\u0259n nailiyy\u0259tl\u0259rl\u0259 haql\u0131 olaraq f\u0259xr etdiyini dey\u0259n rektor \u00f6lk\u0259mizin u\u011furlu daxili v\u0259 xarici siyas\u0259ti say\u0259sind\u0259 d\u00f6vl\u0259t\u00e7ilik \u0259n\u0259n\u0259l\u0259rimizin m\u00f6hk\u0259ml\u0259ndiyini, iqtisadiyyat\u0131m\u0131z\u0131n inki\u015faf etdiyini, m\u0259d\u0259niyy\u0259timizin z\u0259nginl\u0259\u015fdiyini diqq\u0259t\u0259 \u00e7atd\u0131r\u0131b. Qeyd edilib ki, m\u00fcst\u0259qil Az\u0259rbaycan Respublikas\u0131 bu g\u00fcn h\u0259r bir v\u0259t\u0259nda\u015f\u0131m\u0131z v\u0259 xaricd\u0259 ya\u015fayan soyda\u015f\u0131m\u0131z \u00fc\u00e7\u00fcn \u0259sl q\u00fcrur m\u0259nb\u0259yin\u0259 \u00e7evrilib.<\/p>\n\n\n\n<p>U.\u018fl\u0259kb\u0259rov vur\u011fulay\u0131b ki, m\u00fcst\u0259qilliyin ilk ill\u0259rind\u0259 Az\u0259rbaycan d\u0259rin siyasi, iqtisadi v\u0259 sosial b\u00f6hranla yana\u015f\u0131, Erm\u0259nistan\u0131n h\u0259rbi t\u0259cav\u00fcz\u00fc, xalq\u0131m\u0131za qar\u015f\u0131 h\u0259yata ke\u00e7iril\u0259n etnik t\u0259mizl\u0259m\u0259 siyas\u0259ti il\u0259 \u00fczl\u0259\u015fib. Xalq\u0131m\u0131z\u0131n t\u0259kidli t\u0259l\u0259bi il\u0259 ulu \u00f6nd\u0259r Heyd\u0259r \u018fliyevin 1993-c\u00fc ild\u0259 hakimiyy\u0259t\u0259 qay\u0131d\u0131\u015f\u0131 v\u0259 apard\u0131\u011f\u0131 m\u00fcdrik siyas\u0259t n\u0259tic\u0259sind\u0259 \u00f6lk\u0259miz m\u0259hvolma t\u0259hl\u00fck\u0259sind\u0259n, v\u0259t\u0259nda\u015f m\u00fcharib\u0259sind\u0259n xilas edildi. H\u0259m\u00e7inin ictimai-siyasi sabitlik b\u0259rq\u0259rar oldu v\u0259 b\u00fct\u00fcn sah\u0259l\u0259rd\u0259 u\u011furlu islahatlar\u0131n ba\u015flanmas\u0131na z\u0259min yarad\u0131ld\u0131. D\u00f6vl\u0259t m\u00fcst\u0259qilliyinin ilk ill\u0259rind\u0259 \u201cM\u00fcst\u0259qilliyimiz d\u00f6nm\u0259zdir, \u0259b\u0259didir\u201d dey\u0259n \u00dcmummilli Liderin Az\u0259rbaycan\u0131n q\u00fcdr\u0259tli \u00f6lk\u0259y\u0259 \u00e7evrilm\u0259sin\u0259 y\u00f6n\u0259lmi\u015f m\u00fcdrik siyas\u0259ti bu g\u00fcn Prezident \u0130lham \u018fliyev t\u0259r\u0259find\u0259n u\u011furla davam etdirilir.<\/p>\n\n\n\n<p>Konfransda \u00e7\u0131x\u0131\u015f ed\u0259n Milli M\u0259clisin deputat\u0131 Ayd\u0131n Mirz\u0259zad\u0259, D\u0130A-n\u0131n h\u00fcquq kafedras\u0131n\u0131n m\u00fcdiri, dosent F\u0259xr\u0259ddin Na\u011f\u0131yev, elmi t\u0259\u015fkilat \u015f\u00f6b\u0259sinin m\u00fcdiri, dosent R\u0259c\u0259b R\u0259himli, tarix kafedras\u0131n\u0131n professoru Musa Quliyev m\u0259ruz\u0259 il\u0259 \u00e7\u0131x\u0131\u015f ed\u0259r\u0259k 25 il \u0259vv\u0259l Az\u0259rbaycan\u0131n d\u00f6vl\u0259t m\u00fcst\u0259qilliyinin b\u0259rpa edilm\u0259sini xalq\u0131m\u0131z\u0131n tarixind\u0259 b\u00f6y\u00fck hadis\u0259 kimi qiym\u0259tl\u0259ndiribl\u0259r. Diqq\u0259t\u0259 \u00e7atd\u0131r\u0131l\u0131b ki, m\u00fcst\u0259qilliyin qazan\u0131lmas\u0131nda v\u0259 qorunub saxlan\u0131lmas\u0131nda, m\u00f6hk\u0259ml\u0259nm\u0259sind\u0259, \u00f6lk\u0259mizin m\u00fcst\u0259qil d\u00f6vl\u0259t kimi d\u00fcnyaya tan\u0131d\u0131lmas\u0131nda ulu \u00f6nd\u0259r Heyd\u0259r \u018fliyevin misilsiz xidm\u0259tl\u0259ri olub.<\/p>\n\n\n\n<p><\/p>\n\n\n\n<figure class=\"wp-container-2 wp-block-gallery-1 wp-block-gallery columns-2 is-cropped\"><ul class=\"blocks-gallery-grid\"><li class=\"blocks-gallery-item\"><figure><img width=\"640\" height=\"424\" src=\"https:\/\/dia.edu.az\/wp-content\/uploads\/2021\/03\/q12.jpg\" alt=\"\" data-id=\"12533\" data-full-url=\"https:\/\/dia.edu.az\/wp-content\/uploads\/2021\/03\/q12.jpg\" data-link=\"https:\/\/dia.edu.az\/?attachment_id=12533\" class=\"wp-image-12533\" srcset=\"https:\/\/legacy.dia.edu.az\/wp-content\/uploads\/2021\/03\/q12.jpg 640w, https:\/\/legacy.dia.edu.az\/wp-content\/uploads\/2021\/03\/q12-300x199.jpg 300w, https:\/\/legacy.dia.edu.az\/wp-content\/uploads\/2021\/03\/q12-16x12.jpg 16w, https:\/\/legacy.dia.edu.az\/wp-content\/uploads\/2021\/03\/q12-150x100.jpg 150w, https:\/\/legacy.dia.edu.az\/wp-content\/uploads\/2021\/03\/q12-300x199@2x.jpg 600w\" sizes=\"(max-width: 640px) 100vw, 640px\" \/><\/figure><\/li><li class=\"blocks-gallery-item\"><figure><img width=\"640\" height=\"424\" src=\"https:\/\/dia.edu.az\/wp-content\/uploads\/2021\/03\/qq11.jpg\" alt=\"\" data-id=\"12534\" data-full-url=\"https:\/\/dia.edu.az\/wp-content\/uploads\/2021\/03\/qq11.jpg\" data-link=\"https:\/\/dia.edu.az\/?attachment_id=12534\" class=\"wp-image-12534\" srcset=\"https:\/\/legacy.dia.edu.az\/wp-content\/uploads\/2021\/03\/qq11.jpg 640w, https:\/\/legacy.dia.edu.az\/wp-content\/uploads\/2021\/03\/qq11-300x199.jpg 300w, https:\/\/legacy.dia.edu.az\/wp-content\/uploads\/2021\/03\/qq11-16x12.jpg 16w, https:\/\/legacy.dia.edu.az\/wp-content\/uploads\/2021\/03\/qq11-150x100.jpg 150w, https:\/\/legacy.dia.edu.az\/wp-content\/uploads\/2021\/03\/qq11-300x199@2x.jpg 600w\" sizes=\"(max-width: 640px) 100vw, 640px\" \/><\/figure><\/li><\/ul><\/figure>","protected":false},"excerpt":{"rendered":"<p>Az\u0259rbaycan\u0131n m\u00fcst\u0259qilliyinin b\u0259rpas\u0131n\u0131n 25 illiyi D\u00f6vl\u0259t \u0130dar\u0259\u00e7ilik Akademiyas\u0131nda qeyd olunubOkt 17 , 2016 &#8211; 11:10 Oktyabr\u0131n&nbsp;14-d\u0259&nbsp;Az\u0259rbaycanRespublikas\u0131n\u0131nPrezidentiyan\u0131ndaD\u00f6vl\u0259t&nbsp;\u0130dar\u0259\u00e7ilikAkademiyas\u0131n\u0131n&nbsp;(D\u0130A)&nbsp;v\u0259&nbsp;Heyd\u0259r&nbsp;\u018fliyevM\u0259rk\u0259zininbirg\u0259&nbsp;t\u0259\u015fkilat\u00e7\u0131l\u0131\u011f\u0131&nbsp;il\u0259&nbsp;Heyd\u0259r&nbsp;\u018fliyevD\u00f6vl\u0259t&nbsp;\u0130dar\u0259\u00e7iliyi&nbsp;M\u0259kt\u0259bind\u0259&nbsp;respublikam\u0131z\u0131n &nbsp;m\u00fcst\u0259qilliyinin &nbsp;b\u0259rpas\u0131n\u0131n&nbsp;iyirmi&nbsp;be\u015finci&nbsp;ild\u00f6n\u00fcm\u00fcn\u0259&nbsp;h\u0259sr&nbsp;olunan&nbsp;elmi&nbsp;konfrans&nbsp;ke\u00e7irilib. D\u0130A-n\u0131n rektoru, akademik Urxan \u018fl\u0259kb\u0259rov Prezident \u0130lham \u018fliyevin imzalad\u0131\u011f\u0131 \u201cAz\u0259rbaycan Respublikas\u0131n\u0131n d\u00f6vl\u0259t m\u00fcst\u0259qilliyinin b\u0259rpas\u0131n\u0131n iyirmi be\u015finci ild\u00f6n\u00fcm\u00fc haqq\u0131nda\u201d S\u0259r\u0259ncam\u0131n \u0259h\u0259miyy\u0259tini vur\u011fulay\u0131b. \u00d6t\u0259n 25 ild\u0259 Az\u0259rbaycanda \u0259ld\u0259 edil\u0259n nailiyy\u0259tl\u0259rl\u0259 haql\u0131 olaraq f\u0259xr etdiyini dey\u0259n rektor \u00f6lk\u0259mizin u\u011furlu daxili [&hellip;]<\/p>","protected":false},"author":2,"featured_media":12533,"comment_status":"closed","ping_status":"closed","sticky":false,"template":"","format":"standard","meta":[],"categories":[137],"tags":[],"_links":{"self":[{"href":"https:\/\/legacy.dia.edu.az\/ru\/wp-json\/wp\/v2\/posts\/12532"}],"collection":[{"href":"https:\/\/legacy.dia.edu.az\/ru\/wp-json\/wp\/v2\/posts"}],"about":[{"href":"https:\/\/legacy.dia.edu.az\/ru\/wp-json\/wp\/v2\/types\/post"}],"author":[{"embeddable":true,"href":"https:\/\/legacy.dia.edu.az\/ru\/wp-json\/wp\/v2\/users\/2"}],"replies":[{"embeddable":true,"href":"https:\/\/legacy.dia.edu.az\/ru\/wp-json\/wp\/v2\/comments?post=12532"}],"version-history":[{"count":0,"href":"https:\/\/legacy.dia.edu.az\/ru\/wp-json\/wp\/v2\/posts\/12532\/revisions"}],"wp:featuredmedia":[{"embeddable":true,"href":"https:\/\/legacy.dia.edu.az\/ru\/wp-json\/wp\/v2\/media\/12533"}],"wp:attachment":[{"href":"https:\/\/legacy.dia.edu.az\/ru\/wp-json\/wp\/v2\/media?parent=12532"}],"wp:term":[{"taxonomy":"category","embeddable":true,"href":"https:\/\/legacy.dia.edu.az\/ru\/wp-json\/wp\/v2\/categories?post=12532"},{"taxonomy":"post_tag","embeddable":true,"href":"https:\/\/legacy.dia.edu.az\/ru\/wp-json\/wp\/v2\/tags?post=12532"}],"curies":[{"name":"wp","href":"https:\/\/api.w.org\/{rel}","templated":true}]}}