{"id":12527,"date":"2016-10-25T13:17:00","date_gmt":"2016-10-25T10:17:00","guid":{"rendered":"https:\/\/dia.edu.az\/?p=12527"},"modified":"2021-03-16T13:19:10","modified_gmt":"2021-03-16T10:19:10","slug":"kadr-potensiali-idar%c9%99etm%c9%99-sisteminin-%c9%99n-vacib-t%c9%99rkib-hiss%c9%99l%c9%99rind%c9%99n-biridir","status":"publish","type":"post","link":"https:\/\/legacy.dia.edu.az\/ru\/arxivl\u0259r\/12527","title":{"rendered":"Kadr potensial\u0131 idar\u0259etm\u0259 sisteminin \u0259n vacib t\u0259rkib hiss\u0259l\u0259rind\u0259n biridir"},"content":{"rendered":"<p><strong>Kadr potensial\u0131 idar\u0259etm\u0259 sisteminin \u0259n vacib t\u0259rkib hiss\u0259l\u0259rind\u0259n biridir<\/strong><br><em>Okt 25 , 2016 &#8211; 06:41<\/em><\/p>\n\n\n\n<p>Nax\u00e7\u0131van \u015e\u0259h\u0259r \u0130cra Hakimiyy\u0259tinin akt zal\u0131nda \u201cAz\u0259rbaycan\u0131n innovativ davaml\u0131 inki\u015faf modeli: s\u0259m\u0259r\u0259li idar\u0259etm\u0259 v\u0259 beyn\u0259lxalq qiym\u0259tl\u0259ndirm\u0259\u201d m\u00f6vzusunda elmi seminar ke\u00e7irilib.<\/p>\n\n\n\n<p>Nax\u00e7\u0131van Muxtar Respublikas\u0131n\u0131n nazirlik, komit\u0259 v\u0259 dig\u0259r d\u00f6vl\u0259t t\u0259\u015fkilatlar\u0131nda \u00e7al\u0131\u015fan d\u00f6vl\u0259t qulluq\u00e7ular\u0131 \u00fc\u00e7\u00fcn t\u0259\u015fkil edilmi\u015f seminar\u0131 Nax\u00e7\u0131van Muxtar Respublikas\u0131 Ali M\u0259clisi Aparat\u0131n\u0131n Humanitar siyas\u0259t m\u0259s\u0259l\u0259l\u0259ri v\u0259 ictimai t\u0259\u015fkilatlarla i\u015f \u015f\u00f6b\u0259sinin m\u00fcdiri R\u0259hman M\u0259mm\u0259dov a\u00e7\u0131b.<\/p>\n\n\n\n<p>Qeyd edilib ki, Nax\u00e7\u0131van Muxtar Respublikas\u0131n\u0131n Ali M\u0259clisi il\u0259 Az\u0259rbaycan Respublikas\u0131n\u0131n Prezidenti yan\u0131nda D\u00f6vl\u0259t \u0130dar\u0259\u00e7ilik Akademiyas\u0131 (D\u0130A) aras\u0131nda uzun ill\u0259rdir s\u0131x \u0259m\u0259kda\u015fl\u0131q m\u00f6vcuddur. Bu \u0259m\u0259kda\u015fl\u0131\u011f\u0131n n\u0259tic\u0259sidir ki, D\u0130A-n\u0131n t\u0259\u015fkil etdiyi kurslarda muxtar respublikan\u0131n da d\u00f6vl\u0259t qulluq\u00e7ular\u0131 i\u015ftirak edir. Bu g\u00fcn\u0259d\u0259k muxtar respublika \u00fczr\u0259 d\u00f6vl\u0259t qulluq\u00e7ular\u0131ndan 88-i D\u0130A-ya \u0259lav\u0259 t\u0259hsil\u0259 g\u00f6nd\u0259rilib, 201-i is\u0259 \u201cD\u00f6vl\u0259t qullu\u011funun t\u0259\u015fkilati \u0259saslar\u0131 v\u0259 d\u00f6vl\u0259tin kadr siyas\u0259ti\u201d, \u201cD\u00f6vl\u0259tin sosial siyas\u0259ti\u201d, \u201cAz\u0259rbaycan Respublikas\u0131nda ail\u0259, qad\u0131n v\u0259 u\u015faq siyas\u0259ti\u201d, \u201cAz\u0259rbaycan Respublikas\u0131n\u0131n g\u0259ncl\u0259r siyas\u0259ti\u201d, \u201cT\u0259bi\u0259td\u0259n istifad\u0259 v\u0259 \u0259traf m\u00fchitin m\u00fchafiz\u0259sinin d\u00f6vl\u0259t t\u0259nziml\u0259nm\u0259si\u201d kimi 19 m\u00fcxt\u0259lif m\u00f6vzulu kursda i\u015ftirak edib. N\u0259tic\u0259d\u0259 d\u00f6vl\u0259t qulluq\u00e7ular\u0131 bilik v\u0259 bacar\u0131qlar\u0131n\u0131 art\u0131r\u0131b, Az\u0259rbaycan\u0131n m\u00fcasir inki\u015faf konsepsiyas\u0131 haqq\u0131nda geni\u015f m\u0259lumata malik olub v\u0259 s\u0259m\u0259r\u0259li idar\u0259etm\u0259 metodlar\u0131na yiy\u0259l\u0259nibl\u0259r.<\/p>\n\n\n\n<p>R\u0259hman M\u0259mm\u0259dov elmi seminar\u0131n d\u00f6vl\u0259t qulluq\u00e7ular\u0131n\u0131n bilik v\u0259 bacar\u0131qlar\u0131n\u0131n t\u0259kmill\u0259\u015fdirilm\u0259sind\u0259 m\u00fch\u00fcm rolu olaca\u011f\u0131na \u0259minliyini bildirib, seminara i\u015find\u0259 u\u011furlar arzulay\u0131b.<\/p>\n\n\n\n<p>D\u0130A-n\u0131n rektoru, akademik Urxan \u018fl\u0259kb\u0259rov \u201cAz\u0259rbaycan\u0131n innovativ davaml\u0131 inki\u015faf modeli: u\u011furlar beyn\u0259lxalq t\u0259\u015fkilatlar\u0131n s\u0259n\u0259dl\u0259rind\u0259 (2015-2016)\u201d m\u00f6vzusunda m\u0259ruz\u0259 edib. Akademik ulu \u00f6nd\u0259r Heyd\u0259r \u018fliyevin Az\u0259rbaycan d\u00f6vl\u0259ti v\u0259 xalq\u0131 qar\u015f\u0131s\u0131ndak\u0131 m\u00fcst\u0259sna xidm\u0259tl\u0259rind\u0259n, \u00dcmummilli Liderin z\u0259ngin siyasi irsinin, idar\u0259\u00e7ilik t\u0259cr\u00fcb\u0259sinin \u0259h\u0259miyy\u0259tind\u0259n dan\u0131\u015faraq deyib ki, \u00f6lk\u0259nin q\u0131sa zaman k\u0259siyind\u0259 iqtisadi v\u0259 sosial sah\u0259d\u0259 qazand\u0131\u011f\u0131 y\u00fcks\u0259k nailiyy\u0259tl\u0259r, XXI \u0259srin \u00e7a\u011f\u0131r\u0131\u015flar\u0131n\u0131n h\u0259llin\u0259 y\u00f6n\u0259ldilmi\u015f d\u00fcnya \u0259h\u0259miyy\u0259tli t\u0259\u015f\u0259bb\u00fcsl\u0259ri, g\u00fcnd\u0259n-g\u00fcn\u0259 artan beyn\u0259lxalq n\u00fcfuzu Az\u0259rbaycan\u0131 bir \u00e7ox istiqam\u0259tl\u0259rd\u0259 regional v\u0259 qlobal lider\u0259 \u00e7evirib. \u018fld\u0259 edilmi\u015f nailiyy\u0259tl\u0259rin \u0259sas\u0131nda Prezident \u0130lham \u018fliyevin h\u0259yata ke\u00e7irdiyi d\u00fc\u015f\u00fcn\u00fclm\u00fc\u015f innovativ inki\u015faf strategiyas\u0131 dayan\u0131r. Bu strategiyan\u0131n realla\u015fd\u0131r\u0131lmas\u0131nda d\u00f6vl\u0259t qurumlar\u0131 il\u0259 yana\u015f\u0131, v\u0259t\u0259nda\u015f c\u0259miyy\u0259tinin, Heyd\u0259r \u018fliyev Fondunun rolu x\u00fcsusi qeyd edilm\u0259lidir.<\/p>\n\n\n\n<p>\u00d6lk\u0259nin davaml\u0131 inki\u015faf\u0131n\u0131n \u0259sas amilinin insan potensial\u0131 oldu\u011funu vur\u011fulayan Urxan \u018fl\u0259kb\u0259rov qeyd edib ki, davaml\u0131 inki\u015faf d\u00fcnyan\u0131n \u0259n b\u00f6y\u00fck prioriteti oldu\u011fu \u00fc\u00e7\u00fcn BMT-nin 2015-ci ild\u0259 ke\u00e7iril\u0259n yubiley sessiyas\u0131 v\u0259 dig\u0259r m\u00fch\u00fcm beyn\u0259lxalq sammitl\u0259r d\u0259 bu m\u00f6vzuya h\u0259sr olunub. 2015-2030-cu ill\u0259r \u00fc\u00e7\u00fcn q\u0259bul edilmi\u015f m\u0259qs\u0259dl\u0259r \u201cDavaml\u0131 inki\u015faf h\u0259d\u0259fl\u0259ri\u201d kimi tarix\u0259 d\u00fc\u015f\u00fcb. Az\u0259rbaycan h\u0259min t\u0259dbirl\u0259rd\u0259n \u00e7ox \u0259vv\u0259l davaml\u0131 inki\u015faf\u0131 d\u00f6vl\u0259t strategiyas\u0131n\u0131n prioritet istiqam\u0259ti kimi q\u0259bul edib.<\/p>\n\n\n\n<p>Respublikam\u0131z\u0131n \u201cB\u00f6y\u00fck yeddilik\u201d \u00f6lk\u0259l\u0259ri il\u0259 m\u00fcqayis\u0259d\u0259 n\u0259z\u0259r\u0259\u00e7arpan inki\u015faf g\u00f6st\u0259ricil\u0259rini diqq\u0259t\u0259 \u00e7atd\u0131ran akademik deyib ki, bu m\u00fch\u00fcm iqtisadi nailiyy\u0259tl\u0259r Erm\u0259nistanla m\u00fcnaqi\u015f\u0259 v\u0259 torpaqlar\u0131m\u0131z\u0131n 20 faizinin i\u015f\u011fal\u0131 fonunda qazan\u0131l\u0131b. \u00d6lk\u0259mizin bu probleml\u0259ri olmasayd\u0131, qazan\u0131lacaq u\u011furlar\u0131n miqyas\u0131 daha b\u00f6y\u00fck ola bil\u0259rdi.<\/p>\n\n\n\n<p>Urxan \u018fl\u0259kb\u0259rovun \u00f6lk\u0259mizin innovativ t\u0259r\u0259qqisi il\u0259 ba\u011fl\u0131 BMT v\u0259 dig\u0259r n\u00fcfuzlu beyn\u0259lxalq qurumlar\u0131n 2016-c\u0131 il \u00fc\u00e7\u00fcn qiym\u0259tl\u0259ndirm\u0259l\u0259rin\u0259 \u0259saslanan \u00e7\u0131x\u0131\u015f\u0131 zaman\u0131 Az\u0259rbaycan\u0131n davaml\u0131 inki\u015faf\u0131n\u0131 \u0259ks etdir\u0259n nailiyy\u0259tl\u0259r, m\u00fcxt\u0259lif sah\u0259l\u0259r \u00fczr\u0259 g\u00f6st\u0259ricil\u0259r monitorda n\u00fcmayi\u015f olunub.<\/p>\n\n\n\n<p>Seminarda \u201cAz\u0259rbaycan Respublikas\u0131 inki\u015faf\u0131n yeni m\u0259rh\u0259l\u0259sind\u0259: beyn\u0259lxalq aspektl\u0259r\u201d m\u00f6vzusunda \u00e7\u0131x\u0131\u015f ed\u0259n D\u0130A-n\u0131n Siyasi Ara\u015fd\u0131rmalar \u0130nstitutunun direktoru, siyasi elml\u0259r doktoru, professor Elman N\u0259sirov vur\u011fulay\u0131b ki, \u00f6t\u0259n \u0259srin 90-c\u0131 ill\u0259rinin ortalar\u0131ndan etibar\u0259n \u00f6lk\u0259miz ulu \u00f6nd\u0259r Heyd\u0259r \u018fliyevin r\u0259hb\u0259rliyi il\u0259 t\u0259dric\u0259n dir\u00e7\u0259lm\u0259y\u0259 v\u0259 taley\u00fckl\u00fc probleml\u0259rin h\u0259lli istiqam\u0259tind\u0259 inaml\u0131 add\u0131mlar atma\u011fa ba\u015flay\u0131b. Bu d\u00f6vrd\u0259 ilk n\u00f6vb\u0259d\u0259 b\u0259rpa olunmu\u015f d\u00f6vl\u0259t m\u00fcst\u0259qilliyimizin dayanaql\u0131\u011f\u0131 t\u0259min edilib, \u00f6lk\u0259 daxilind\u0259 siyasi sabitliy\u0259 nail olunub, Az\u0259rbaycan f\u0259lak\u0259td\u0259n xilas edilib. Ulu \u00d6nd\u0259rin formala\u015fd\u0131rd\u0131\u011f\u0131 siyas\u0259t bu g\u00fcn onun layiqli davam\u00e7\u0131s\u0131, Prezident \u0130lham \u018fliyev t\u0259r\u0259find\u0259n u\u011furla davam etdirilir.<\/p>\n\n\n\n<p>D\u0130A-n\u0131n Elmi t\u0259\u015fkilat \u015f\u00f6b\u0259sinin m\u00fcdiri, siyasi elml\u0259r \u00fczr\u0259 f\u0259ls\u0259f\u0259 doktoru, dosent R\u0259c\u0259b R\u0259himli \u201cAz\u0259rbaycan Respublikas\u0131n\u0131n innovativ inki\u015faf\u0131nda kadr potensial\u0131n\u0131n t\u0259kmill\u0259\u015fdirilm\u0259si\u201d m\u00f6vzusundak\u0131 m\u0259ruz\u0259sind\u0259 qeyd edib ki, \u00f6lk\u0259d\u0259 kadr potensial\u0131 idar\u0259etm\u0259 sisteminin \u0259n vacib t\u0259rkib hiss\u0259l\u0259rind\u0259ndir. D\u00f6vl\u0259t aparat\u0131n\u0131n t\u0259kc\u0259 indiki zamanda stabil f\u0259aliyy\u0259ti deyil, h\u0259m\u00e7inin s\u00fcr\u0259tl\u0259 d\u0259yi\u015f\u0259n m\u00fchitd\u0259 inki\u015faf imkanlar\u0131n\u0131n t\u0259min olunmas\u0131 da m\u0259hz d\u00fczg\u00fcn formala\u015fd\u0131r\u0131lm\u0131\u015f kadr potensial\u0131 il\u0259 ba\u011fl\u0131d\u0131r.<\/p>\n\n\n\n<p>R\u0259c\u0259b R\u0259himli \u00e7\u0131x\u0131\u015f\u0131nda d\u00f6vl\u0259t qullu\u011funda kadr ehtiyat\u0131n\u0131n normativ-h\u00fcquqi t\u0259nziml\u0259nm\u0259si, m\u00fcasir \u00e7a\u011f\u0131r\u0131\u015flara cavab ver\u0259n kreativ kadr potensial\u0131n\u0131n formala\u015fd\u0131r\u0131lmas\u0131 v\u0259 idar\u0259edilm\u0259si m\u0259s\u0259l\u0259l\u0259rin\u0259 diqq\u0259t \u00e7\u0259kib. O, d\u00f6vl\u0259t qullu\u011fu \u00fc\u00e7\u00fcn kadr potensial\u0131 il\u0259 i\u015fin yeni vasit\u0259l\u0259rind\u0259n &#8211; qiym\u0259tl\u0259ndirm\u0259, m\u00fct\u0259x\u0259ssis modelinin formala\u015fd\u0131r\u0131lmas\u0131, t\u0259dris proqramlar\u0131n\u0131n realla\u015fd\u0131r\u0131lmas\u0131 zaman\u0131 s\u0259ri\u015ft\u0259y\u0259 \u0259saslanan \u015f\u0259xsiyy\u0259ty\u00f6n\u00fcml\u00fc t\u0259hsil m\u0259zmununa \u00fcst\u00fcnl\u00fck verilm\u0259si il\u0259 ba\u011fl\u0131 fikirl\u0259rini bildirib.<\/p>\n\n\n\n<p>M\u0259ruz\u0259l\u0259rd\u0259n sonra seminar i\u015ftirak\u00e7\u0131lar\u0131n\u0131n maraqland\u0131ran suallar cavabland\u0131r\u0131l\u0131b.<\/p>\n\n\n\n<p>T\u0259dbir\u0259 Nax\u00e7\u0131van Muxtar Respublikas\u0131 Ali M\u0259clisi Aparat\u0131n\u0131n Humanitar siyas\u0259t m\u0259s\u0259l\u0259l\u0259ri v\u0259 ictimai t\u0259\u015fkilatlarla i\u015f \u015f\u00f6b\u0259sinin m\u00fcdiri R\u0259hman M\u0259mm\u0259dov yekun vurub.<\/p>\n\n\n\n<p><\/p>\n\n\n\n<figure class=\"wp-container-2 wp-block-gallery-1 wp-block-gallery columns-3 is-cropped\"><ul class=\"blocks-gallery-grid\"><li class=\"blocks-gallery-item\"><figure><img width=\"640\" height=\"426\" src=\"https:\/\/dia.edu.az\/wp-content\/uploads\/2021\/03\/nax11.jpg\" alt=\"\" data-id=\"12528\" data-full-url=\"https:\/\/dia.edu.az\/wp-content\/uploads\/2021\/03\/nax11.jpg\" data-link=\"https:\/\/dia.edu.az\/?attachment_id=12528\" class=\"wp-image-12528\" srcset=\"https:\/\/legacy.dia.edu.az\/wp-content\/uploads\/2021\/03\/nax11.jpg 640w, https:\/\/legacy.dia.edu.az\/wp-content\/uploads\/2021\/03\/nax11-300x200.jpg 300w, https:\/\/legacy.dia.edu.az\/wp-content\/uploads\/2021\/03\/nax11-16x12.jpg 16w, https:\/\/legacy.dia.edu.az\/wp-content\/uploads\/2021\/03\/nax11-150x100.jpg 150w, https:\/\/legacy.dia.edu.az\/wp-content\/uploads\/2021\/03\/nax11-300x200@2x.jpg 600w\" sizes=\"(max-width: 640px) 100vw, 640px\" \/><\/figure><\/li><li class=\"blocks-gallery-item\"><figure><img width=\"640\" height=\"426\" src=\"https:\/\/dia.edu.az\/wp-content\/uploads\/2021\/03\/nax12.jpg\" alt=\"\" data-id=\"12529\" data-full-url=\"https:\/\/dia.edu.az\/wp-content\/uploads\/2021\/03\/nax12.jpg\" data-link=\"https:\/\/dia.edu.az\/?attachment_id=12529\" class=\"wp-image-12529\" srcset=\"https:\/\/legacy.dia.edu.az\/wp-content\/uploads\/2021\/03\/nax12.jpg 640w, https:\/\/legacy.dia.edu.az\/wp-content\/uploads\/2021\/03\/nax12-300x200.jpg 300w, https:\/\/legacy.dia.edu.az\/wp-content\/uploads\/2021\/03\/nax12-16x12.jpg 16w, https:\/\/legacy.dia.edu.az\/wp-content\/uploads\/2021\/03\/nax12-150x100.jpg 150w, https:\/\/legacy.dia.edu.az\/wp-content\/uploads\/2021\/03\/nax12-300x200@2x.jpg 600w\" sizes=\"(max-width: 640px) 100vw, 640px\" \/><\/figure><\/li><li class=\"blocks-gallery-item\"><figure><img width=\"640\" height=\"464\" src=\"https:\/\/dia.edu.az\/wp-content\/uploads\/2021\/03\/nax13.jpg\" alt=\"\" data-id=\"12530\" data-full-url=\"https:\/\/dia.edu.az\/wp-content\/uploads\/2021\/03\/nax13.jpg\" data-link=\"https:\/\/dia.edu.az\/?attachment_id=12530\" class=\"wp-image-12530\" srcset=\"https:\/\/legacy.dia.edu.az\/wp-content\/uploads\/2021\/03\/nax13.jpg 640w, https:\/\/legacy.dia.edu.az\/wp-content\/uploads\/2021\/03\/nax13-300x218.jpg 300w, https:\/\/legacy.dia.edu.az\/wp-content\/uploads\/2021\/03\/nax13-16x12.jpg 16w, https:\/\/legacy.dia.edu.az\/wp-content\/uploads\/2021\/03\/nax13-360x260.jpg 360w, https:\/\/legacy.dia.edu.az\/wp-content\/uploads\/2021\/03\/nax13-300x218@2x.jpg 600w\" sizes=\"(max-width: 640px) 100vw, 640px\" \/><\/figure><\/li><\/ul><\/figure>","protected":false},"excerpt":{"rendered":"<p>Kadr potensial\u0131 idar\u0259etm\u0259 sisteminin \u0259n vacib t\u0259rkib hiss\u0259l\u0259rind\u0259n biridirOkt 25 , 2016 &#8211; 06:41 Nax\u00e7\u0131van \u015e\u0259h\u0259r \u0130cra Hakimiyy\u0259tinin akt zal\u0131nda \u201cAz\u0259rbaycan\u0131n innovativ davaml\u0131 inki\u015faf modeli: s\u0259m\u0259r\u0259li idar\u0259etm\u0259 v\u0259 beyn\u0259lxalq qiym\u0259tl\u0259ndirm\u0259\u201d m\u00f6vzusunda elmi seminar ke\u00e7irilib. Nax\u00e7\u0131van Muxtar Respublikas\u0131n\u0131n nazirlik, komit\u0259 v\u0259 dig\u0259r d\u00f6vl\u0259t t\u0259\u015fkilatlar\u0131nda \u00e7al\u0131\u015fan d\u00f6vl\u0259t qulluq\u00e7ular\u0131 \u00fc\u00e7\u00fcn t\u0259\u015fkil edilmi\u015f seminar\u0131 Nax\u00e7\u0131van Muxtar Respublikas\u0131 Ali M\u0259clisi [&hellip;]<\/p>","protected":false},"author":2,"featured_media":12530,"comment_status":"closed","ping_status":"closed","sticky":false,"template":"","format":"standard","meta":[],"categories":[137],"tags":[],"_links":{"self":[{"href":"https:\/\/legacy.dia.edu.az\/ru\/wp-json\/wp\/v2\/posts\/12527"}],"collection":[{"href":"https:\/\/legacy.dia.edu.az\/ru\/wp-json\/wp\/v2\/posts"}],"about":[{"href":"https:\/\/legacy.dia.edu.az\/ru\/wp-json\/wp\/v2\/types\/post"}],"author":[{"embeddable":true,"href":"https:\/\/legacy.dia.edu.az\/ru\/wp-json\/wp\/v2\/users\/2"}],"replies":[{"embeddable":true,"href":"https:\/\/legacy.dia.edu.az\/ru\/wp-json\/wp\/v2\/comments?post=12527"}],"version-history":[{"count":0,"href":"https:\/\/legacy.dia.edu.az\/ru\/wp-json\/wp\/v2\/posts\/12527\/revisions"}],"wp:featuredmedia":[{"embeddable":true,"href":"https:\/\/legacy.dia.edu.az\/ru\/wp-json\/wp\/v2\/media\/12530"}],"wp:attachment":[{"href":"https:\/\/legacy.dia.edu.az\/ru\/wp-json\/wp\/v2\/media?parent=12527"}],"wp:term":[{"taxonomy":"category","embeddable":true,"href":"https:\/\/legacy.dia.edu.az\/ru\/wp-json\/wp\/v2\/categories?post=12527"},{"taxonomy":"post_tag","embeddable":true,"href":"https:\/\/legacy.dia.edu.az\/ru\/wp-json\/wp\/v2\/tags?post=12527"}],"curies":[{"name":"wp","href":"https:\/\/api.w.org\/{rel}","templated":true}]}}