{"id":12517,"date":"2016-11-01T01:52:00","date_gmt":"2016-10-31T22:52:00","guid":{"rendered":"https:\/\/dia.edu.az\/?p=12517"},"modified":"2021-03-16T01:54:01","modified_gmt":"2021-03-15T22:54:01","slug":"doktorant-v%c9%99-dissertantlarinin-elmi-praktiki-konfransinin-materiallari-cap-edilmisdir","status":"publish","type":"post","link":"https:\/\/legacy.dia.edu.az\/ru\/arxivl\u0259r\/12517","title":{"rendered":"Doktorant v\u0259 dissertantlar\u0131n\u0131n elmi-praktiki konfrans\u0131n\u0131n materiallar\u0131 \u00e7ap edilmi\u015fdir"},"content":{"rendered":"<p><\/p>\n\n\n\n<p><\/p>\n\n\n\n<p><strong>Doktorant v\u0259 dissertantlar\u0131n\u0131n elmi-praktiki konfrans\u0131n\u0131n materiallar\u0131 \u00e7ap edilmi\u015fdir<\/strong><br><em>Noy 01 , 2016 &#8211; 02:48<\/em><\/p>\n\n\n\n<p>Az\u0259rbaycan Respublikas\u0131n\u0131n Prezidenti yan\u0131nda D\u00f6vl\u0259t \u0130dar\u0259\u00e7ilik Akademiyas\u0131nda \u00dcmummilli lider Heyd\u0259r \u018fliyevin anadan olmas\u0131n\u0131n 93-c\u00fc ild\u00f6n\u00fcm\u00fcn\u0259 h\u0259sr olunmu\u015f \u201cHeyd\u0259r \u018fliyev ideyalar\u0131 m\u00fcasir Az\u0259rbaycan\u0131n u\u011furlu inki\u015faf siyas\u0259tinin t\u0259m\u0259lidir\u201d m\u00f6vzusunda ke\u00e7irilmi\u015f doktorant v\u0259 dissertantlar\u0131n elmi-praktiki konfrans\u0131n\u0131n materiallar\u0131 \u00e7apdan \u00e7\u0131xm\u0131\u015fd\u0131r.<\/p>\n\n\n\n<p>\u00a0\u00a0\u00a0\u00a0\u00a0\u00a0\u00a0\u00a0 N\u0259fis \u015f\u0259kild\u0259 t\u0259rtib olunmu\u015f topluda doktorant v\u0259 dissertantlar\u0131n Heyd\u0259r \u018fliyevin siyasi f\u0259aliyy\u0259tinin m\u00fcxt\u0259lif sah\u0259l\u0259rini \u0259hat\u0259 ed\u0259n elmi m\u0259qal\u0259l\u0259l\u0259ri yer alm\u0131\u015fd\u0131r. G\u0259nc t\u0259dqiqat\u00e7\u0131lar\u0131n m\u0259qal\u0259l\u0259rind\u0259 Ulu \u00f6nd\u0259rin z\u0259ngin h\u0259yat v\u0259 f\u0259aliyy\u0259ti, Az\u0259rbaycan\u0131n iqtisadi v\u0259 xarici siyas\u0259t strategiyas\u0131n\u0131n \u0259sas istiqam\u0259tl\u0259rinin m\u00fc\u0259yy\u0259nl\u0259\u015fdirilm\u0259si, d\u00f6vl\u0259tin enerji, miqrasiya, \u00f6lk\u0259d\u0259 apar\u0131lan qad\u0131n siyas\u0259ti v\u0259 gender b\u0259rab\u0259rliyi sah\u0259sind\u0259 ideyalar\u0131 v\u0259 bu istiqam\u0259td\u0259 h\u0259yata ke\u00e7irdiyi ard\u0131c\u0131l v\u0259 q\u0259tiyy\u0259tli siyas\u0259ti, Heyd\u0259r \u018fliyev ideyalar\u0131n\u0131n \u00f6lk\u0259mizin bu g\u00fcn d\u00fcnyan\u0131n m\u0259d\u0259niyy\u0259t v\u0259 sivilizasiyalararas\u0131 dialoq m\u0259rk\u0259zl\u0259rind\u0259n birin\u0259 \u00e7evrilm\u0259sind\u0259 rolu v\u0259 bu ideyalar\u0131n layiqli davam\u00e7\u0131s\u0131 Prezident \u0130lham \u018fliyevin h\u0259yata ke\u00e7irdiyi u\u011furlu siyas\u0259ti \u00f6z \u0259ksini tapm\u0131\u015fd\u0131r.<\/p>\n\n\n\n<p><\/p>\n\n\n\n<figure class=\"wp-container-2 wp-block-gallery-1 wp-block-gallery columns-1 is-cropped\"><ul class=\"blocks-gallery-grid\"><li class=\"blocks-gallery-item\"><figure><img width=\"449\" height=\"640\" src=\"https:\/\/dia.edu.az\/wp-content\/uploads\/2021\/03\/\u041d\u043e\u0432\u044b\u0439_\u0440\u0438\u0441\u0443\u043d\u043e\u043a1478001392.png\" alt=\"\" data-id=\"12518\" data-full-url=\"https:\/\/dia.edu.az\/wp-content\/uploads\/2021\/03\/\u041d\u043e\u0432\u044b\u0439_\u0440\u0438\u0441\u0443\u043d\u043e\u043a1478001392.png\" data-link=\"https:\/\/dia.edu.az\/?attachment_id=12518\" class=\"wp-image-12518\" srcset=\"https:\/\/legacy.dia.edu.az\/wp-content\/uploads\/2021\/03\/\u041d\u043e\u0432\u044b\u0439_\u0440\u0438\u0441\u0443\u043d\u043e\u043a1478001392.png 449w, https:\/\/legacy.dia.edu.az\/wp-content\/uploads\/2021\/03\/\u041d\u043e\u0432\u044b\u0439_\u0440\u0438\u0441\u0443\u043d\u043e\u043a1478001392-210x300.png 210w, https:\/\/legacy.dia.edu.az\/wp-content\/uploads\/2021\/03\/\u041d\u043e\u0432\u044b\u0439_\u0440\u0438\u0441\u0443\u043d\u043e\u043a1478001392-8x12.png 8w\" sizes=\"(max-width: 449px) 100vw, 449px\" \/><\/figure><\/li><\/ul><\/figure>","protected":false},"excerpt":{"rendered":"<p>Doktorant v\u0259 dissertantlar\u0131n\u0131n elmi-praktiki konfrans\u0131n\u0131n materiallar\u0131 \u00e7ap edilmi\u015fdirNoy 01 , 2016 &#8211; 02:48 Az\u0259rbaycan Respublikas\u0131n\u0131n Prezidenti yan\u0131nda D\u00f6vl\u0259t \u0130dar\u0259\u00e7ilik Akademiyas\u0131nda \u00dcmummilli lider Heyd\u0259r \u018fliyevin anadan olmas\u0131n\u0131n 93-c\u00fc ild\u00f6n\u00fcm\u00fcn\u0259 h\u0259sr olunmu\u015f \u201cHeyd\u0259r \u018fliyev ideyalar\u0131 m\u00fcasir Az\u0259rbaycan\u0131n u\u011furlu inki\u015faf siyas\u0259tinin t\u0259m\u0259lidir\u201d m\u00f6vzusunda ke\u00e7irilmi\u015f doktorant v\u0259 dissertantlar\u0131n elmi-praktiki konfrans\u0131n\u0131n materiallar\u0131 \u00e7apdan \u00e7\u0131xm\u0131\u015fd\u0131r. \u00a0\u00a0\u00a0\u00a0\u00a0\u00a0\u00a0\u00a0 N\u0259fis \u015f\u0259kild\u0259 t\u0259rtib olunmu\u015f topluda [&hellip;]<\/p>","protected":false},"author":2,"featured_media":12518,"comment_status":"closed","ping_status":"closed","sticky":false,"template":"","format":"standard","meta":[],"categories":[137],"tags":[],"_links":{"self":[{"href":"https:\/\/legacy.dia.edu.az\/ru\/wp-json\/wp\/v2\/posts\/12517"}],"collection":[{"href":"https:\/\/legacy.dia.edu.az\/ru\/wp-json\/wp\/v2\/posts"}],"about":[{"href":"https:\/\/legacy.dia.edu.az\/ru\/wp-json\/wp\/v2\/types\/post"}],"author":[{"embeddable":true,"href":"https:\/\/legacy.dia.edu.az\/ru\/wp-json\/wp\/v2\/users\/2"}],"replies":[{"embeddable":true,"href":"https:\/\/legacy.dia.edu.az\/ru\/wp-json\/wp\/v2\/comments?post=12517"}],"version-history":[{"count":0,"href":"https:\/\/legacy.dia.edu.az\/ru\/wp-json\/wp\/v2\/posts\/12517\/revisions"}],"wp:featuredmedia":[{"embeddable":true,"href":"https:\/\/legacy.dia.edu.az\/ru\/wp-json\/wp\/v2\/media\/12518"}],"wp:attachment":[{"href":"https:\/\/legacy.dia.edu.az\/ru\/wp-json\/wp\/v2\/media?parent=12517"}],"wp:term":[{"taxonomy":"category","embeddable":true,"href":"https:\/\/legacy.dia.edu.az\/ru\/wp-json\/wp\/v2\/categories?post=12517"},{"taxonomy":"post_tag","embeddable":true,"href":"https:\/\/legacy.dia.edu.az\/ru\/wp-json\/wp\/v2\/tags?post=12517"}],"curies":[{"name":"wp","href":"https:\/\/api.w.org\/{rel}","templated":true}]}}