{"id":12505,"date":"2016-11-15T01:47:00","date_gmt":"2016-11-14T22:47:00","guid":{"rendered":"https:\/\/dia.edu.az\/?p=12505"},"modified":"2021-03-16T01:48:37","modified_gmt":"2021-03-15T22:48:37","slug":"tolerantliq-gunu-il%c9%99-%c9%99laq%c9%99dar-d%c9%99yirmi-masa-kecirilmisdir","status":"publish","type":"post","link":"https:\/\/legacy.dia.edu.az\/ru\/arxivl\u0259r\/12505","title":{"rendered":"Tolerantl\u0131q g\u00fcn\u00fc il\u0259 \u0259laq\u0259dar d\u0259yirmi masa ke\u00e7irilmi\u015fdir"},"content":{"rendered":"<p><\/p>\n\n\n\n<p><strong>Tolerantl\u0131q g\u00fcn\u00fc il\u0259 \u0259laq\u0259dar d\u0259yirmi masa ke\u00e7irilmi\u015fdir<\/strong><br><em>Noy 15 , 2016 &#8211; 12:51<\/em><\/p>\n\n\n\n<p>15 noyabr 2016-c\u0131 il tarixind\u0259 Az\u0259rbaycan Respublikas\u0131n\u0131n Prezidenti yan\u0131nda D\u00f6vl\u0259t \u0130dar\u0259\u00e7ilik Akademiyas\u0131nda Beyn\u0259lxalq Tolerantl\u0131q g\u00fcn\u00fc m\u00fcnasib\u0259til\u0259 \u201cTolerantl\u0131\u011f\u0131n Az\u0259rbaycan modeli\u201d m\u00f6vzusunda d\u0259yirmi masa ke\u00e7irilmi\u015fdir. D\u0259yirmi masan\u0131 giri\u015f s\u00f6z\u00fc il\u0259 a\u00e7an D\u00f6vl\u0259t \u0130dar\u0259\u00e7ilik Akademiyas\u0131n\u0131n rektoru, akademik Urxan \u018fl\u0259kb\u0259rov t\u0259dbir i\u015ftirak\u015f\u0131lar\u0131n\u0131 salamlad\u0131. Beyn\u0259lxalq Tolerantl\u0131q G\u00fcn\u00fcn\u00fcn 1995-ci ild\u0259 UNESCO-nun 50 illiyi m\u00fcnasib\u0259til\u0259 t\u0259sis edildiyini xat\u0131rladan rektor Az\u0259rbaycan\u0131n b\u00fct\u00fcn d\u00fcnyada tolerantl\u0131q \u00f6rn\u0259yi kimi tan\u0131nd\u0131\u011f\u0131n\u0131 vur\u011fulay\u0131b. Diqq\u0259t\u0259 \u00e7atd\u0131r\u0131l\u0131b ki, ulu \u00f6nd\u0259r Heyd\u0259r \u018fliyevin \u00f6lk\u0259mizd\u0259 tolerantl\u0131\u011f\u0131n qorunub saxlan\u0131lmas\u0131 istiqam\u0259tind\u0259 h\u0259yata ke\u00e7irdiyi t\u0259dbirl\u0259r Az\u0259rbaycan\u0131 m\u00fcxt\u0259lif milli v\u0259 m\u0259d\u0259ni d\u0259y\u0259rl\u0259rin qovu\u015fma m\u00fcst\u0259visin\u0259 \u00e7evirib. \u00d6lk\u0259mizd\u0259 m\u0259skunla\u015fan b\u00fct\u00fcn xalqlar\u0131n v\u0259 m\u00fcxt\u0259lif dinl\u0259rin n\u00fcmay\u0259nd\u0259l\u0259ri birg\u0259ya\u015fay\u0131\u015f n\u00fcmayi\u015f etdirirl\u0259r. D\u00f6vl\u0259tin g\u00fcc\u00fcn\u00fc \u0259halinin \u00e7oxmill\u0259tli olmas\u0131nda, m\u00fcxt\u0259lif dinl\u0259rin, m\u0259d\u0259niyy\u0259tl\u0259rin v\u0259 sivilizasiyalar\u0131n birg\u0259ya\u015fay\u0131\u015f\u0131nda g\u00f6r\u0259n Prezident \u0130lham \u018fliyev b\u00fct\u00fcn d\u00fcnyaya g\u00f6st\u0259rir ki, tolerantl\u0131q Az\u0259rbaycan xalq\u0131n\u0131n ya\u015fam t\u0259rzidir.<\/p>\n\n\n\n<p>&nbsp;&nbsp; D\u0259yirmi masada \u00e7\u0131x\u0131\u015f ed\u0259n Az\u0259rbaycan Respublikas\u0131n\u0131n Mill\u0259tl\u0259raras\u0131, multikulturalizm v\u0259 dini m\u0259s\u0259l\u0259l\u0259r \u00fczr\u0259 D\u00f6vl\u0259t M\u00fc\u015faviri Xidm\u0259tinin ba\u015f m\u0259sl\u0259h\u0259t\u00e7isi, professor Etibar N\u0259c\u0259fov, D\u0130A-n\u0131n Humanitar v\u0259 sosial m\u0259s\u0259l\u0259l\u0259r \u00fczr\u0259 prorektoru, dosent&nbsp;Mehdi Abdullayev, D\u0130A-n\u0131n \u201cTarix\u201d kafedras\u0131n\u0131n professoru Fuad M\u0259mm\u0259dov , \u201cF\u0259ls\u0259f\u0259 v\u0259 Sosial Psixologiya\u201d kafedras\u0131n\u0131n dosentl\u0259ri Bayram Haqverdiyev, \u015e\u0259fa Abdullayeva , Radif Mustafayev, Tarix kaferdas\u0131n\u0131n m\u00fcdiri, dosent Firdovsiyy\u0259 \u018fhm\u0259dova,&nbsp; \u0130nzibati \u0130dar\u0259etm\u0259 fak\u00fclt\u0259sinin t\u0259l\u0259b\u0259si Xan\u0131m Pa\u015fayeva&nbsp; v\u0259 dig\u0259rl\u0259ri \u00e7\u0131x\u0131\u015f etdil\u0259r.<\/p>\n\n\n\n<p>\u00c7\u0131x\u0131\u015flarda Prezident \u0130lham \u018fliyev t\u0259r\u0259find\u0259n cari ilin Az\u0259rbaycanda \u201cMultikulturalizm ili\u201d elan olundu\u011funu xat\u0131rland\u0131, vur\u011fuland\u0131 ki, m\u0259qs\u0259d d\u00f6vl\u0259t\u00e7ilik m\u0259fkur\u0259sin\u0259 uy\u011fun olaraq tolerantl\u0131\u011f\u0131n v\u0259 m\u0259d\u0259ni m\u00fcxt\u0259lifliyin qorunmas\u0131n\u0131 t\u0259min etm\u0259k, \u00f6lk\u0259mizin d\u00fcnyada multikulturalizm m\u0259rk\u0259zi kimi daha \u00e7ox tan\u0131nmas\u0131na t\u00f6hf\u0259 verm\u0259kdir. Az\u0259rbaycan\u0131n m\u00fcasir d\u00f6vrd\u0259 d\u00fcnyan\u0131n multikulturalizm m\u0259rk\u0259zin\u0259 \u00e7evrildiyini dey\u0259n natiql\u0259r, respublikam\u0131z\u0131n bu sah\u0259d\u0259 bir \u00e7ox \u00f6lk\u0259l\u0259r \u00fc\u00e7\u00fcn n\u00fcmun\u0259vi bir model oldu\u011funu, d\u00fcnyan\u0131n onlarla \u00f6lk\u0259sinin ali t\u0259hsil m\u00fc\u0259ssis\u0259l\u0259rind\u0259 multikulturalizmin Az\u0259rbaycan modeli f\u0259nn kimi t\u0259dris planlar\u0131na daxil edildiyini bildirdil\u0259r. H\u0259m\u00e7inin \u00e7\u0131x\u0131\u015flarda \u00f6lk\u0259 \u0259halisinin etnik irqi, m\u0259n\u0259vi-m\u0259d\u0259ni, dini m\u00fcxt\u0259lifliyind\u0259n as\u0131l\u0131 olmayaraq, onlar\u0131n h\u00fcquq v\u0259 azadl\u0131qlar\u0131na h\u00f6rm\u0259tl\u0259 yana\u015fman\u0131 t\u0259min edilm\u0259si, bu anlay\u0131\u015f\u0131n n\u0259z\u0259ri \u0259sas\u0131n\u0131 azadl\u0131q, b\u0259rab\u0259rlik, qarda\u015fl\u0131q kimi d\u0259y\u0259rl\u0259rin t\u0259\u015fkil etm\u0259si qeyd edildi.<\/p>\n\n\n\n<p>D\u0259yirmi masa qar\u015f\u0131l\u0131ql\u0131 fikir m\u00fcbadil\u0259si il\u0259 davam etdirildi.<\/p>\n\n\n\n<p><\/p>\n\n\n\n<figure class=\"wp-container-2 wp-block-gallery-1 wp-block-gallery columns-2 is-cropped\"><ul class=\"blocks-gallery-grid\"><li class=\"blocks-gallery-item\"><figure><img width=\"640\" height=\"424\" src=\"https:\/\/dia.edu.az\/wp-content\/uploads\/2021\/03\/15.11.16.jpg\" alt=\"\" data-id=\"12506\" data-full-url=\"https:\/\/dia.edu.az\/wp-content\/uploads\/2021\/03\/15.11.16.jpg\" data-link=\"https:\/\/dia.edu.az\/?attachment_id=12506\" class=\"wp-image-12506\" srcset=\"https:\/\/legacy.dia.edu.az\/wp-content\/uploads\/2021\/03\/15.11.16.jpg 640w, https:\/\/legacy.dia.edu.az\/wp-content\/uploads\/2021\/03\/15.11.16-300x199.jpg 300w, https:\/\/legacy.dia.edu.az\/wp-content\/uploads\/2021\/03\/15.11.16-16x12.jpg 16w, https:\/\/legacy.dia.edu.az\/wp-content\/uploads\/2021\/03\/15.11.16-150x100.jpg 150w, https:\/\/legacy.dia.edu.az\/wp-content\/uploads\/2021\/03\/15.11.16-300x199@2x.jpg 600w\" sizes=\"(max-width: 640px) 100vw, 640px\" \/><\/figure><\/li><li class=\"blocks-gallery-item\"><figure><img width=\"640\" height=\"424\" src=\"https:\/\/dia.edu.az\/wp-content\/uploads\/2021\/03\/15.11.2016.jpg\" alt=\"\" data-id=\"12507\" data-full-url=\"https:\/\/dia.edu.az\/wp-content\/uploads\/2021\/03\/15.11.2016.jpg\" data-link=\"https:\/\/dia.edu.az\/?attachment_id=12507\" class=\"wp-image-12507\" srcset=\"https:\/\/legacy.dia.edu.az\/wp-content\/uploads\/2021\/03\/15.11.2016.jpg 640w, https:\/\/legacy.dia.edu.az\/wp-content\/uploads\/2021\/03\/15.11.2016-300x199.jpg 300w, https:\/\/legacy.dia.edu.az\/wp-content\/uploads\/2021\/03\/15.11.2016-16x12.jpg 16w, https:\/\/legacy.dia.edu.az\/wp-content\/uploads\/2021\/03\/15.11.2016-150x100.jpg 150w, https:\/\/legacy.dia.edu.az\/wp-content\/uploads\/2021\/03\/15.11.2016-300x199@2x.jpg 600w\" sizes=\"(max-width: 640px) 100vw, 640px\" \/><\/figure><\/li><\/ul><\/figure>","protected":false},"excerpt":{"rendered":"<p>Tolerantl\u0131q g\u00fcn\u00fc il\u0259 \u0259laq\u0259dar d\u0259yirmi masa ke\u00e7irilmi\u015fdirNoy 15 , 2016 &#8211; 12:51 15 noyabr 2016-c\u0131 il tarixind\u0259 Az\u0259rbaycan Respublikas\u0131n\u0131n Prezidenti yan\u0131nda D\u00f6vl\u0259t \u0130dar\u0259\u00e7ilik Akademiyas\u0131nda Beyn\u0259lxalq Tolerantl\u0131q g\u00fcn\u00fc m\u00fcnasib\u0259til\u0259 \u201cTolerantl\u0131\u011f\u0131n Az\u0259rbaycan modeli\u201d m\u00f6vzusunda d\u0259yirmi masa ke\u00e7irilmi\u015fdir. D\u0259yirmi masan\u0131 giri\u015f s\u00f6z\u00fc il\u0259 a\u00e7an D\u00f6vl\u0259t \u0130dar\u0259\u00e7ilik Akademiyas\u0131n\u0131n rektoru, akademik Urxan \u018fl\u0259kb\u0259rov t\u0259dbir i\u015ftirak\u015f\u0131lar\u0131n\u0131 salamlad\u0131. Beyn\u0259lxalq Tolerantl\u0131q G\u00fcn\u00fcn\u00fcn 1995-ci [&hellip;]<\/p>","protected":false},"author":2,"featured_media":12506,"comment_status":"closed","ping_status":"closed","sticky":false,"template":"","format":"standard","meta":[],"categories":[137],"tags":[],"_links":{"self":[{"href":"https:\/\/legacy.dia.edu.az\/ru\/wp-json\/wp\/v2\/posts\/12505"}],"collection":[{"href":"https:\/\/legacy.dia.edu.az\/ru\/wp-json\/wp\/v2\/posts"}],"about":[{"href":"https:\/\/legacy.dia.edu.az\/ru\/wp-json\/wp\/v2\/types\/post"}],"author":[{"embeddable":true,"href":"https:\/\/legacy.dia.edu.az\/ru\/wp-json\/wp\/v2\/users\/2"}],"replies":[{"embeddable":true,"href":"https:\/\/legacy.dia.edu.az\/ru\/wp-json\/wp\/v2\/comments?post=12505"}],"version-history":[{"count":0,"href":"https:\/\/legacy.dia.edu.az\/ru\/wp-json\/wp\/v2\/posts\/12505\/revisions"}],"wp:featuredmedia":[{"embeddable":true,"href":"https:\/\/legacy.dia.edu.az\/ru\/wp-json\/wp\/v2\/media\/12506"}],"wp:attachment":[{"href":"https:\/\/legacy.dia.edu.az\/ru\/wp-json\/wp\/v2\/media?parent=12505"}],"wp:term":[{"taxonomy":"category","embeddable":true,"href":"https:\/\/legacy.dia.edu.az\/ru\/wp-json\/wp\/v2\/categories?post=12505"},{"taxonomy":"post_tag","embeddable":true,"href":"https:\/\/legacy.dia.edu.az\/ru\/wp-json\/wp\/v2\/tags?post=12505"}],"curies":[{"name":"wp","href":"https:\/\/api.w.org\/{rel}","templated":true}]}}