{"id":12473,"date":"2016-12-07T01:33:00","date_gmt":"2016-12-06T22:33:00","guid":{"rendered":"https:\/\/dia.edu.az\/?p=12473"},"modified":"2021-03-16T01:34:00","modified_gmt":"2021-03-15T22:34:00","slug":"dovl%c9%99t-idar%c9%99cilik-akademiyasinda-erm%c9%99nistanin-az%c9%99rbaycana-qarsi-t%c9%99cavuzkar-siyas%c9%99ti-il%c9%99-bagli-beyn%c9%99lxalq-konfrans-kecirilib","status":"publish","type":"post","link":"https:\/\/legacy.dia.edu.az\/ru\/arxivl\u0259r\/12473","title":{"rendered":"D\u00f6vl\u0259t \u0130dar\u0259\u00e7ilik Akademiyas\u0131nda Erm\u0259nistan\u0131n Az\u0259rbaycana qar\u015f\u0131 t\u0259cav\u00fczkar siyas\u0259ti il\u0259 ba\u011fl\u0131 beyn\u0259lxalq konfrans ke\u00e7irilib"},"content":{"rendered":"<p><\/p>\n\n\n\n<p><strong>D\u00f6vl\u0259t \u0130dar\u0259\u00e7ilik Akademiyas\u0131nda Erm\u0259nistan\u0131n Az\u0259rbaycana qar\u015f\u0131 t\u0259cav\u00fczkar siyas\u0259ti il\u0259 ba\u011fl\u0131 beyn\u0259lxalq konfrans ke\u00e7irilib<\/strong><br><em>Dek 07 , 2016 &#8211; 11:16<\/em><\/p>\n\n\n\n<p>Dekabr\u0131n 7-d\u0259 Az\u0259rbaycan Respublikas\u0131n\u0131n Prezidenti yan\u0131nda D\u00f6vl\u0259t \u0130dar\u0259\u00e7ilik Akademiyas\u0131nda \u201cErm\u0259nistan\u0131n Az\u0259rbaycana qar\u015f\u0131 \u0259razi iddialar\u0131 v\u0259 t\u0259cav\u00fczkarl\u0131q siyas\u0259tinin m\u0259rh\u0259l\u0259l\u0259ri haqq\u0131nda beyn\u0259lxalq ictimaiyy\u0259tin m\u0259lumatland\u0131r\u0131lmas\u0131\u201d m\u00f6vzusunda beyn\u0259lxalq konfrans ke\u00e7irilib.<\/p>\n\n\n\n<p>Az\u0259rbaycan Respublikas\u0131 Prezidentinin ictimai-siyasi m\u0259s\u0259l\u0259l\u0259r \u00fczr\u0259 k\u00f6m\u0259k\u00e7isi \u018fli H\u0259s\u0259nov konfransda i\u015ftirak edib.<\/p>\n\n\n\n<p>AB\u015e-\u0131n apar\u0131c\u0131 ali m\u0259kt\u0259bl\u0259rinin 45 t\u0259l\u0259b\u0259 v\u0259 doktorant\u0131n\u0131n, Amerika-\u0130srail akademik t\u0259\u015fkilat\u0131n\u0131n \u2013 KIVUNIM-\u0131n n\u00fcmay\u0259nd\u0259l\u0259rinin i\u015ftirak\u0131 il\u0259 ke\u00e7iril\u0259n konfrans Qeyri-H\u00f6kum\u0259t T\u0259\u015fkilatlar\u0131na D\u00f6vl\u0259t D\u0259st\u0259yi \u015euras\u0131 v\u0259 \u201cQaraba\u011f Ara\u015fd\u0131rmalar M\u0259rk\u0259zi\u201d \u0130ctimai Birliyi t\u0259r\u0259find\u0259n t\u0259\u015fkil olunub.<\/p>\n\n\n\n<p>D\u00f6vl\u0259t \u0130dar\u0259\u00e7ilik Akademiyas\u0131n\u0131n dosenti, \u201cQaraba\u011f Ara\u015fd\u0131rmalar M\u0259rk\u0259zi\u201d \u0130ctimai Birliyinin s\u0259dri, siyasi elml\u0259r doktoru El\u00e7in \u018fhm\u0259dov bildirib ki, konfrans\u0131n m\u0259qs\u0259di Az\u0259rbaycan, o c\u00fcml\u0259d\u0259n Qaraba\u011f h\u0259qiq\u0259tl\u0259rinin beyn\u0259lxalq ictimaiyy\u0259t\u0259 \u00e7atd\u0131r\u0131lmas\u0131d\u0131r. Konfransda i\u015ftirak ed\u0259n AB\u015e-\u0131n apar\u0131c\u0131 ali m\u0259kt\u0259bl\u0259rinin t\u0259l\u0259b\u0259 v\u0259 doktorantlar\u0131 art\u0131q bir ne\u00e7\u0259 g\u00fcnd\u00fcr Az\u0259rbaycandad\u0131rlar. Onlar \u00f6lk\u0259mizl\u0259 yax\u0131ndan tan\u0131\u015f olur, s\u0259m\u0259r\u0259li g\u00f6r\u00fc\u015fl\u0259r ke\u00e7irirl\u0259r.<\/p>\n\n\n\n<p>Sonra El\u00e7in \u018fhm\u0259dov konfransda \u201cXX \u0259srin sonunda Erm\u0259nistan\u0131n Az\u0259rbaycana qar\u015f\u0131 \u0259razi iddialar\u0131 v\u0259 h\u0259rbi t\u0259cav\u00fcz\u00fcn\u00fcn n\u0259tic\u0259l\u0259ri\u201d m\u00f6vzusunda t\u0259qdimatla \u00e7\u0131x\u0131\u015f edib.<\/p>\n\n\n\n<p>D\u00f6vl\u0259t \u0130dar\u0259\u00e7ilik Akademiyas\u0131n\u0131n rektoru, akademik Urxan \u018fl\u0259kb\u0259rov \u00e7\u0131x\u0131\u015f\u0131nda r\u0259hb\u0259rlik etdiyi ali t\u0259hsil oca\u011f\u0131n\u0131n f\u0259aliyy\u0259ti, beyn\u0259lxalq \u0259laq\u0259l\u0259ri bar\u0259d\u0259 m\u0259lumat verib. Qeyd edib ki, akademiyada m\u00fcxt\u0259lif sah\u0259l\u0259r \u00fczr\u0259, o c\u00fcml\u0259d\u0259n Qaraba\u011fla ba\u011fl\u0131 t\u0259dqiqatlar apar\u0131l\u0131r. Rektor \u00f6lk\u0259mizin \u00f6t\u0259n ill\u0259rd\u0259 m\u00fcxt\u0259lif sah\u0259l\u0259rd\u0259 \u0259ld\u0259 etdiyi u\u011furlardan s\u00f6hb\u0259t a\u00e7\u0131b.<\/p>\n\n\n\n<p>Az\u0259rbaycan Respublikas\u0131 Prezidentinin ictimai-siyasi m\u0259s\u0259l\u0259l\u0259r \u00fczr\u0259 k\u00f6m\u0259k\u00e7isi, tarix elml\u0259ri doktoru, professor \u018fli H\u0259s\u0259nov konfransda \u00e7\u0131x\u0131\u015f ed\u0259r\u0259k \u00f6lk\u0259miz haqq\u0131nda \u0259trafl\u0131 m\u0259lumat verib. Az\u0259rbaycan\u0131n C\u0259nubi Qafqaz\u0131n \u0259n b\u00f6y\u00fck d\u00f6vl\u0259ti oldu\u011funu dey\u0259n \u018fli H\u0259s\u0259nov \u00f6lk\u0259mizin siyasi, iqtisadi, sosial, humanitar g\u00f6st\u0259ricil\u0259r\u0259 g\u00f6r\u0259 regionun lider d\u00f6vl\u0259tin\u0259 \u00e7evrildiyini vur\u011fulay\u0131b. Prezidentin k\u00f6m\u0259k\u00e7isi C\u0259nubi Qafqaz regionunda \u00fcmumi daxili m\u0259hsulun 75-78 faizinin Az\u0259rbaycan\u0131n pay\u0131na d\u00fc\u015fd\u00fcy\u00fcn\u00fc diqq\u0259t\u0259 \u00e7atd\u0131r\u0131b.<\/p>\n\n\n\n<p>Az\u0259rbaycandak\u0131 multikultural v\u0259 tolerant m\u00fchit bar\u0259d\u0259 dan\u0131\u015fan Prezident Administrasiyas\u0131n\u0131n r\u0259smisi qeyd edib ki, \u00f6lk\u0259mizd\u0259 \u0259halinin b\u00f6y\u00fck \u0259ks\u0259riyy\u0259tini m\u00fcs\u0259lmanlar t\u0259\u015fkil edir. Eyni zamanda, Az\u0259rbaycanda dig\u0259r xalqlar\u0131n, dinl\u0259rin, etnik qruplar\u0131n n\u00fcmay\u0259nd\u0259l\u0259ri d\u0259 dinc yana\u015f\u0131 ya\u015fay\u0131rlar. Bu g\u00fcn Az\u0259rbaycan\u0131n multikulturalizm modelinin b\u00fct\u00fcn d\u00fcnyada n\u00fcmun\u0259 g\u00f6st\u0259rildiyini vur\u011fulayan \u018fli H\u0259s\u0259nov deyib ki, \u00f6lk\u0259mizd\u0259 d\u00f6vl\u0259t t\u0259r\u0259find\u0259n m\u00fcxt\u0259lif dinl\u0259rin n\u00fcmay\u0259nd\u0259l\u0259ri \u00fc\u00e7\u00fcn ibad\u0259tgahlar tikilir v\u0259 dini icmalar\u0131n f\u0259aliyy\u0259ti maliyy\u0259l\u0259\u015fdirilir. B\u00fct\u00fcn bunlar Az\u0259rbaycan c\u0259miyy\u0259tind\u0259ki multikultural d\u0259y\u0259rl\u0259r\u0259 s\u00f6yk\u0259nir.<\/p>\n\n\n\n<p>Professor \u018fli H\u0259s\u0259nov Erm\u0259nistan\u0131n Az\u0259rbaycana qar\u015f\u0131 t\u0259cav\u00fczkar siyas\u0259tind\u0259n, i\u015f\u011fal olunmu\u015f \u0259razil\u0259rimizd\u0259 t\u00f6r\u0259tdiyi v\u0259h\u015filikl\u0259rd\u0259n s\u00f6hb\u0259t a\u00e7\u0131b. Qeyd edib ki, erm\u0259nil\u0259r Az\u0259rbaycan\u0131n i\u015f\u011fal olunmu\u015f \u0259razil\u0259rind\u0259 b\u00fct\u00fcn dini, tarixi abid\u0259l\u0259ri, m\u0259d\u0259ni, sosial obyektl\u0259ri da\u011f\u0131d\u0131blar. Az\u0259rbaycanda is\u0259 paytaxt\u0131n m\u0259rk\u0259zind\u0259 erm\u0259ni kils\u0259si qorunub saxlan\u0131l\u0131r. Otuz min erm\u0259ni Az\u0259rbaycanda t\u0259hl\u00fck\u0259siz \u015f\u0259raitd\u0259 ya\u015fay\u0131r. Az\u0259rbaycan d\u00fcnyada s\u00fclh\u00fcn, multikultural \u015f\u0259raitin b\u0259rq\u0259rar olmas\u0131n\u0131n t\u0259r\u0259fdar\u0131d\u0131r.<\/p>\n\n\n\n<p>Az\u0259rbaycan\u0131n iqtisadi u\u011furlar\u0131ndan dan\u0131\u015fan \u018fli H\u0259s\u0259nov deyib: \u201cZ\u0259ngin enerji ehtiyatlar\u0131na malik Az\u0259rbaycanda qeyri-neft sektorunun da inki\u015faf\u0131 h\u0259r zaman diqq\u0259td\u0259 saxlan\u0131l\u0131b. Bel\u0259 ki, neftd\u0259n \u0259ld\u0259 olunan g\u0259lirl\u0259r qeyri-neft sektorunun, insan kapital\u0131n\u0131n inki\u015faf\u0131na y\u00f6n\u0259ldilir. Enerji resurslar\u0131ndan \u0259ld\u0259 olunan g\u0259lirl\u0259r hesab\u0131na son 20 ild\u0259 Az\u0259rbaycan d\u00f6vl\u0259ti 50 mind\u0259n \u00e7ox g\u0259ncin d\u00fcnyan\u0131n apar\u0131c\u0131 universitetl\u0259rind\u0259 t\u0259hsil almas\u0131n\u0131 maliyy\u0259l\u0259\u015fdirib\u201d.<\/p>\n\n\n\n<p>Prezidentin k\u00f6m\u0259k\u00e7isi, h\u0259m\u00e7inin konfrans i\u015ftirak\u00e7\u0131lar\u0131na Az\u0259rbaycan\u0131n co\u011frafi m\u00f6vqeyi, turizm imkanlar\u0131, \u00f6lk\u0259mizin t\u0259\u015f\u0259bb\u00fcs\u00fc il\u0259 realla\u015fd\u0131r\u0131lan qlobal \u0259h\u0259miyy\u0259tli layih\u0259l\u0259r bar\u0259d\u0259 d\u0259 m\u0259lumat verib.<\/p>\n\n\n\n<p>Az\u0259rbaycan Respublikas\u0131 Prezidenti Administrasiyas\u0131n\u0131n ictimai-siyasi m\u0259s\u0259l\u0259l\u0259r \u015f\u00f6b\u0259sinin ba\u015f m\u0259sl\u0259h\u0259t\u00e7isi, siyasi elml\u0259r \u00fczr\u0259 f\u0259ls\u0259f\u0259 doktoru, dosent M\u0259hs\u0259ti \u018fliyeva erm\u0259nil\u0259rin az\u0259rbaycanl\u0131lara qar\u015f\u0131 etnik t\u0259mizl\u0259m\u0259 v\u0259 soyq\u0131r\u0131m\u0131 siyas\u0259ti, Xocal\u0131 faci\u0259si bar\u0259d\u0259 dan\u0131\u015f\u0131b.<\/p>\n\n\n\n<p>Konfransda, h\u0259m\u00e7inin Bak\u0131 Beyn\u0259lxalq Multikulturalizm M\u0259rk\u0259zinin \u0130srail n\u00fcmay\u0259nd\u0259liyinin r\u0259hb\u0259ri, beyn\u0259lxalq m\u0259s\u0259l\u0259l\u0259r \u00fczr\u0259 ekspert Arye Qutun, Az\u0259rbaycan Respublikas\u0131n\u0131n mill\u0259tl\u0259raras\u0131, multikulturalizm v\u0259 dini m\u0259s\u0259l\u0259l\u0259r \u00fczr\u0259 D\u00f6vl\u0259t m\u00fc\u015favirliyi xidm\u0259tinin b\u00f6y\u00fck m\u0259sl\u0259h\u0259t\u00e7isi, tarix elml\u0259ri doktoru H\u0259c\u0259r Verdiyevan\u0131n, D\u00f6vl\u0259t \u0130dar\u0259\u00e7ilik Akademiyas\u0131n\u0131n m\u00fc\u0259llimi, \u201cQaraba\u011f Ara\u015fd\u0131rmalar M\u0259rk\u0259zi\u201d \u0130ctimai Birliyinin s\u0259dr m\u00fcavini S\u0259fiy\u0259 Mehbal\u0131yevan\u0131n \u00e7\u0131x\u0131\u015flar\u0131 dinl\u0259nilib. Onlar erm\u0259nil\u0259rin Az\u0259rbaycan \u0259razil\u0259rin\u0259 k\u00f6\u00e7\u00fcr\u00fclm\u0259 siyas\u0259tind\u0259n, Erm\u0259nistan\u0131n \u00f6lk\u0259miz\u0259 h\u0259rbi t\u0259cav\u00fcz\u00fcn\u00fcn a\u011f\u0131r n\u0259tic\u0259l\u0259rind\u0259n b\u0259hs edibl\u0259r.<\/p>\n\n\n\n<p>M\u00fczakir\u0259l\u0259rl\u0259 davam ed\u0259n konfransda suallar cavabland\u0131r\u0131l\u0131b.<\/p>\n\n\n\n<p><\/p>\n\n\n\n<figure class=\"wp-container-2 wp-block-gallery-1 wp-block-gallery columns-1 is-cropped\"><ul class=\"blocks-gallery-grid\"><li class=\"blocks-gallery-item\"><figure><img width=\"640\" height=\"397\" src=\"https:\/\/dia.edu.az\/wp-content\/uploads\/2021\/03\/ABW.jpg\" alt=\"\" data-id=\"12474\" data-full-url=\"https:\/\/dia.edu.az\/wp-content\/uploads\/2021\/03\/ABW.jpg\" data-link=\"https:\/\/dia.edu.az\/?attachment_id=12474\" class=\"wp-image-12474\" srcset=\"https:\/\/legacy.dia.edu.az\/wp-content\/uploads\/2021\/03\/ABW.jpg 640w, https:\/\/legacy.dia.edu.az\/wp-content\/uploads\/2021\/03\/ABW-300x186.jpg 300w, https:\/\/legacy.dia.edu.az\/wp-content\/uploads\/2021\/03\/ABW-16x10.jpg 16w, https:\/\/legacy.dia.edu.az\/wp-content\/uploads\/2021\/03\/ABW-300x186@2x.jpg 600w\" sizes=\"(max-width: 640px) 100vw, 640px\" \/><\/figure><\/li><\/ul><\/figure>","protected":false},"excerpt":{"rendered":"<p>D\u00f6vl\u0259t \u0130dar\u0259\u00e7ilik Akademiyas\u0131nda Erm\u0259nistan\u0131n Az\u0259rbaycana qar\u015f\u0131 t\u0259cav\u00fczkar siyas\u0259ti il\u0259 ba\u011fl\u0131 beyn\u0259lxalq konfrans ke\u00e7irilibDek 07 , 2016 &#8211; 11:16 Dekabr\u0131n 7-d\u0259 Az\u0259rbaycan Respublikas\u0131n\u0131n Prezidenti yan\u0131nda D\u00f6vl\u0259t \u0130dar\u0259\u00e7ilik Akademiyas\u0131nda \u201cErm\u0259nistan\u0131n Az\u0259rbaycana qar\u015f\u0131 \u0259razi iddialar\u0131 v\u0259 t\u0259cav\u00fczkarl\u0131q siyas\u0259tinin m\u0259rh\u0259l\u0259l\u0259ri haqq\u0131nda beyn\u0259lxalq ictimaiyy\u0259tin m\u0259lumatland\u0131r\u0131lmas\u0131\u201d m\u00f6vzusunda beyn\u0259lxalq konfrans ke\u00e7irilib. Az\u0259rbaycan Respublikas\u0131 Prezidentinin ictimai-siyasi m\u0259s\u0259l\u0259l\u0259r \u00fczr\u0259 k\u00f6m\u0259k\u00e7isi \u018fli H\u0259s\u0259nov konfransda i\u015ftirak [&hellip;]<\/p>","protected":false},"author":2,"featured_media":12474,"comment_status":"closed","ping_status":"closed","sticky":false,"template":"","format":"standard","meta":[],"categories":[137],"tags":[],"_links":{"self":[{"href":"https:\/\/legacy.dia.edu.az\/ru\/wp-json\/wp\/v2\/posts\/12473"}],"collection":[{"href":"https:\/\/legacy.dia.edu.az\/ru\/wp-json\/wp\/v2\/posts"}],"about":[{"href":"https:\/\/legacy.dia.edu.az\/ru\/wp-json\/wp\/v2\/types\/post"}],"author":[{"embeddable":true,"href":"https:\/\/legacy.dia.edu.az\/ru\/wp-json\/wp\/v2\/users\/2"}],"replies":[{"embeddable":true,"href":"https:\/\/legacy.dia.edu.az\/ru\/wp-json\/wp\/v2\/comments?post=12473"}],"version-history":[{"count":0,"href":"https:\/\/legacy.dia.edu.az\/ru\/wp-json\/wp\/v2\/posts\/12473\/revisions"}],"wp:featuredmedia":[{"embeddable":true,"href":"https:\/\/legacy.dia.edu.az\/ru\/wp-json\/wp\/v2\/media\/12474"}],"wp:attachment":[{"href":"https:\/\/legacy.dia.edu.az\/ru\/wp-json\/wp\/v2\/media?parent=12473"}],"wp:term":[{"taxonomy":"category","embeddable":true,"href":"https:\/\/legacy.dia.edu.az\/ru\/wp-json\/wp\/v2\/categories?post=12473"},{"taxonomy":"post_tag","embeddable":true,"href":"https:\/\/legacy.dia.edu.az\/ru\/wp-json\/wp\/v2\/tags?post=12473"}],"curies":[{"name":"wp","href":"https:\/\/api.w.org\/{rel}","templated":true}]}}