{"id":12467,"date":"2016-12-08T01:31:00","date_gmt":"2016-12-07T22:31:00","guid":{"rendered":"https:\/\/dia.edu.az\/?p=12467"},"modified":"2021-03-16T01:32:33","modified_gmt":"2021-03-15T22:32:33","slug":"dovl%c9%99t-idar%c9%99cilik-akademiyasinda-yeni-t%c9%99lim-m%c9%99rk%c9%99zinin-acilisi-olub","status":"publish","type":"post","link":"https:\/\/legacy.dia.edu.az\/ru\/arxivl\u0259r\/12467","title":{"rendered":"D\u00f6vl\u0259t \u0130dar\u0259\u00e7ilik Akademiyas\u0131nda yeni t\u0259lim m\u0259rk\u0259zinin a\u00e7\u0131l\u0131\u015f\u0131 olub"},"content":{"rendered":"<p><\/p>\n\n\n\n<p><strong>D\u00f6vl\u0259t \u0130dar\u0259\u00e7ilik Akademiyas\u0131nda yeni t\u0259lim m\u0259rk\u0259zinin a\u00e7\u0131l\u0131\u015f\u0131 olub<\/strong><br><em>Dek 08 , 2016 &#8211; 03:00<\/em><\/p>\n\n\n\n<p>08.12.2016-ci ild\u0259 Az\u0259rbaycan Respublikas\u0131n\u0131n Prezidenti yan\u0131nda D\u00f6vl\u0259t \u0130dar\u0259\u00e7ilik Akademiyas\u0131nda d\u00f6vl\u0259t qulluq\u00e7ular\u0131 \u00fc\u00e7\u00fcn t\u0259lim m\u0259rk\u0259zinin a\u00e7\u0131l\u0131\u015f m\u0259rasimi ke\u00e7irildi. T\u0259lim M\u0259rk\u0259zi Avropa \u0130ttifaq\u0131 t\u0259r\u0259find\u0259n maliyy\u0259l\u0259\u015fdiril\u0259n, BMT\u0130P t\u0259r\u0259find\u0259n h\u0259yata ke\u00e7iril\u0259n birg\u0259 layih\u0259 \u00e7\u0259r\u00e7iv\u0259sind\u0259 Az\u0259rbaycan Respublikas\u0131n\u0131n Prezidenti yan\u0131nda D\u00f6vl\u0259t \u0130dar\u0259\u00e7ilik Akademiyas\u0131 il\u0259 \u0259m\u0259kda\u015fl\u0131q \u0259sas\u0131nda yarad\u0131l\u0131b.<\/p>\n\n\n\n<p>Yeni a\u00e7\u0131lan M\u0259rk\u0259zin daxili prosedurlar\u0131 v\u0259 t\u0259lim modullar\u0131n\u0131n Avropa standartlar\u0131na uy\u011fun qurulmas\u0131 g\u00f6zl\u0259nilir. T\u0259lim\u00e7il\u0259rin bacar\u0131qlar\u0131n\u0131n art\u0131r\u0131lmas\u0131 \u00fczr\u0259 tematik i\u015f plan\u0131 D\u00f6vl\u0259t \u0130dar\u0259\u00e7ilik Akademiyas\u0131 t\u0259r\u0259find\u0259n m\u00fc\u0259yy\u0259n edil\u0259c\u0259k v\u0259 T\u0259lim M\u0259rk\u0259zi t\u0259r\u0259find\u0259n h\u0259yata ke\u00e7iril\u0259c\u0259kdir. T\u0259lim M\u0259rk\u0259zi resurs m\u0259rk\u0259zi, computer v\u0259 m\u0259lumat bazas\u0131 otaqlar\u0131 v\u0259 t\u0259lim salonundan ibar\u0259tdir. \u00dcmumilikd\u0259 T\u0259lim M\u0259rk\u0259zinin yarad\u0131lmas\u0131 D\u00f6vl\u0259t \u0130dar\u0259\u00e7ilik Akademiyas\u0131n\u0131n daxili t\u0259lim potensial\u0131n\u0131n art\u0131r\u0131lmas\u0131 v\u0259 m\u00fcxt\u0259lif d\u00f6vl\u0259t orqanlar\u0131ndan olan d\u00f6vl\u0259t qulluq\u00e7ular\u0131n\u0131n pe\u015f\u0259karl\u0131q s\u0259viyy\u0259sinin t\u0259kmill\u0259\u015fdirilm\u0259sin\u0259 imkan ver\u0259c\u0259k.<\/p>\n\n\n\n<p>T\u0259dbiri giri\u015f s\u00f6z\u00fc il\u0259 a\u00e7an Az\u0259rbaycan Respublikas\u0131n\u0131n Prezidenti yan\u0131nda D\u00f6vl\u0259t \u0130dar\u0259\u00e7ilik Akademiyas\u0131n\u0131n rektoru, akademik Urxan \u018fl\u0259kb\u0259rov Az\u0259rbaycan\u0131n davaml\u0131 inki\u015faf sah\u0259sind\u0259 qazand\u0131\u011f\u0131 u\u011furlar bar\u0259d\u0259 \u0259trafl\u0131 m\u0259lumat verib. Natiq Az\u0259rbaycan Respublikas\u0131n\u0131n davaml\u0131 inki\u015faf ed\u0259n c\u0259miyy\u0259tin qurulmas\u0131 istiqam\u0259tind\u0259 qazand\u0131\u011f\u0131 u\u011furlar\u0131n insan potensial\u0131n\u0131n formala\u015fd\u0131r\u0131lmas\u0131 v\u0259 s\u0259f\u0259rb\u0259r edilm\u0259si il\u0259 ba\u011fl\u0131 oldu\u011funa diqq\u0259t \u00e7\u0259kib. Urxan \u018fl\u0259kb\u0259rov eyni zamanda Davaml\u0131 \u0130nki\u015faf M\u0259qs\u0259dl\u0259rinin d\u0259f edilm\u0259sind\u0259 d\u00f6vl\u0259t v\u0259 onun institutlar\u0131n\u0131n, x\u00fcsusil\u0259 d\u0259 pe\u015f\u0259kar d\u00f6vl\u0259t qullu\u011fu sisteminin rolunu \u00f6z\u0259llikl\u0259 vur\u011fulay\u0131b. Rektor bu bax\u0131mdan birg\u0259 layih\u0259 \u00e7\u0259r\u00e7iv\u0259sind\u0259 yarad\u0131lan t\u0259lim m\u0259rk\u0259zinin g\u00f6r\u0259c\u0259yi i\u015fl\u0259rin miqyas\u0131 v\u0259 s\u0259m\u0259r\u0259sind\u0259n d\u0259 \u0259minlikl\u0259 s\u00f6z a\u00e7\u0131b.&nbsp;<\/p>\n\n\n\n<p>BMT\u0130P-in Rezident N\u00fcmay\u0259nd\u0259si c\u0259nab Qulam \u0130shaqzai BMT\u0130P v\u0259 Akademiya aras\u0131nda \u0259m\u0259kda\u015fl\u0131\u011f\u0131n tarix\u00e7\u0259sini xat\u0131rladaraq BMT-nin Dayan\u0131ql\u0131 \u0130nki\u015faf M\u0259qs\u0259dl\u0259rin\u0259 nail olmaqda H\u00f6kum\u0259t\u0259 yard\u0131m ed\u0259c\u0259k d\u00f6vl\u0259t qulluq\u00e7ular\u0131n\u0131n pe\u015f\u0259karl\u0131qlar\u0131n\u0131n t\u0259kmill\u0259\u015fdirilm\u0259sind\u0259 T\u0259lim M\u0259rk\u0259zinin \u0259h\u0259miyy\u0259tin\u0259 toxunub:<\/p>\n\n\n\n<p>\u201cBu bir sirr deyil ki, Az\u0259rbaycanda d\u00f6vl\u0259t qulluq\u00e7ular\u0131n\u0131n t\u0259limi m\u0259rk\u0259zind\u0259n d\u00f6vl\u0259t qullu\u011fu sisteminin t\u0259kmill\u0259\u015fdirilm\u0259sind\u0259 maraql\u0131 olan dig\u0259r region \u00f6lk\u0259l\u0259ri d\u0259 yararlana bil\u0259r. \u00d6lk\u0259d\u0259 d\u00f6vl\u0259t qulluq\u00e7ular\u0131 \u00fc\u00e7\u00fcn t\u0259limin Avropa standartlar\u0131na uy\u011fun g\u00fccl\u0259ndirilm\u0259si il\u0259 \u0259laq\u0259dar Akademiyaya d\u0259st\u0259k olmaq Az\u0259rbaycanda g\u00fccl\u00fc d\u00f6vl\u0259t qullu\u011fu sisteminin yarad\u0131lmas\u0131na yol a\u00e7acaq \u0259h\u0259miyy\u0259tli bir f\u0259aliyy\u0259tdir.\u201d&nbsp;&nbsp;<\/p>\n\n\n\n<p>Avropa \u0130ttifaq\u0131n\u0131n Az\u0259rbaycan N\u00fcmay\u0259nd\u0259liyinin r\u0259hb\u0259ri s\u0259fir Malena Mard vur\u011fulay\u0131b ki, m\u00fcst\u0259qilliyini \u0259ld\u0259 etdikd\u0259n b\u0259ri A\u0130 Az\u0259rbaycanda d\u00f6vl\u0259t idar\u0259\u00e7iliyi v\u0259 bu sah\u0259d\u0259 bacar\u0131qlar\u0131n t\u0259kmill\u0259\u015fm\u0259si prosesin\u0259 yard\u0131m edir. &#8220;Avropa \u0130ttifaq\u0131n\u0131n proqram v\u0259 &nbsp;layih\u0259l\u0259ri dialoq \u00fczr\u0259dir v\u0259 m\u00fcasirl\u0259\u015fm\u0259 v\u0259 Az\u0259rbaycan\u0131n inki\u015faf\u0131na h\u0259d\u0259fl\u0259n\u0259n h\u00f6kum\u0259t proqramlar\u0131na tam d\u0259st\u0259kdir&#8221;, &#8211; dey\u0259 o bildirib.<\/p>\n\n\n\n<p>Avropan\u0131n \u0259n yax\u015f\u0131 t\u0259cr\u00fcb\u0259l\u0259rin\u0259 uy\u011fun olaraq \u00f6lk\u0259d\u0259 pe\u015f\u0259kar v\u0259 dayan\u0131ql\u0131 d\u00f6vl\u0259t qullu\u011fu sisteminin&nbsp; inki\u015faf\u0131na t\u00f6hf\u0259 verm\u0259k m\u0259qs\u0259di il\u0259 Avropa \u0130ttifaq\u0131 haz\u0131rda Az\u0259rbaycan \u00fc\u00e7\u00fcn 4 qrant layih\u0259si ay\u0131rm\u0131\u015fd\u0131r. Layih\u0259l\u0259rd\u0259n biri BMT\u0130P t\u0259r\u0259find\u0259n h\u0259yata ke\u00e7iril\u0259n bu layih\u0259dir. &nbsp;<\/p>\n\n\n\n<p>\u00a0\u201cAz\u0259rbaycan Respublikas\u0131nda D\u00f6vl\u0259t Qullu\u011fu T\u0259limin\u0259 D\u0259st\u0259k\u201d layih\u0259sinin \u0259sas m\u0259qs\u0259di d\u00f6vl\u0259t qulluq\u00e7ular\u0131n\u0131n t\u0259liminin v\u0259 pe\u015f\u0259kar inki\u015faf funksiyalar\u0131n\u0131n idar\u0259edilm\u0259si v\u0259 \u0259laq\u0259l\u0259ndirilm\u0259sini g\u00fccl\u0259ndirm\u0259kdir. Layih\u0259nin dig\u0259r m\u0259qs\u0259di d\u00f6vl\u0259t qulluq\u00e7ular\u0131n\u0131n t\u0259liml\u0259rinin idar\u0259edilm\u0259si v\u0259 \u0259laq\u0259l\u0259ndirilm\u0259si, el\u0259c\u0259 d\u0259 d\u00f6vl\u0259t orqanlar\u0131 v\u0259 dig\u0259r t\u0259lim m\u0259rk\u0259zl\u0259rin\u0259 metodoloji yard\u0131m g\u00f6st\u0259rm\u0259k \u00fc\u00e7\u00fcn D\u00f6vl\u0259t \u0130dar\u0259\u00e7ilik Akademiyas\u0131n\u0131n institusional bacar\u0131qlar\u0131n\u0131 t\u0259kmill\u0259\u015fdirm\u0259kd\u0259n ibar\u0259tdir.<\/p>\n\n\n\n<p><\/p>\n\n\n\n<figure class=\"wp-container-2 wp-block-gallery-1 wp-block-gallery columns-3 is-cropped\"><ul class=\"blocks-gallery-grid\"><li class=\"blocks-gallery-item\"><figure><img width=\"640\" height=\"424\" src=\"https:\/\/dia.edu.az\/wp-content\/uploads\/2021\/03\/ABW1.jpg\" alt=\"\" data-id=\"12468\" data-full-url=\"https:\/\/dia.edu.az\/wp-content\/uploads\/2021\/03\/ABW1.jpg\" data-link=\"https:\/\/dia.edu.az\/?attachment_id=12468\" class=\"wp-image-12468\" srcset=\"https:\/\/legacy.dia.edu.az\/wp-content\/uploads\/2021\/03\/ABW1.jpg 640w, https:\/\/legacy.dia.edu.az\/wp-content\/uploads\/2021\/03\/ABW1-300x199.jpg 300w, https:\/\/legacy.dia.edu.az\/wp-content\/uploads\/2021\/03\/ABW1-16x12.jpg 16w, https:\/\/legacy.dia.edu.az\/wp-content\/uploads\/2021\/03\/ABW1-150x100.jpg 150w, https:\/\/legacy.dia.edu.az\/wp-content\/uploads\/2021\/03\/ABW1-300x199@2x.jpg 600w\" sizes=\"(max-width: 640px) 100vw, 640px\" \/><\/figure><\/li><li class=\"blocks-gallery-item\"><figure><img width=\"640\" height=\"424\" src=\"https:\/\/dia.edu.az\/wp-content\/uploads\/2021\/03\/ABW2.jpg\" alt=\"\" data-id=\"12469\" data-full-url=\"https:\/\/dia.edu.az\/wp-content\/uploads\/2021\/03\/ABW2.jpg\" data-link=\"https:\/\/dia.edu.az\/?attachment_id=12469\" class=\"wp-image-12469\" srcset=\"https:\/\/legacy.dia.edu.az\/wp-content\/uploads\/2021\/03\/ABW2.jpg 640w, https:\/\/legacy.dia.edu.az\/wp-content\/uploads\/2021\/03\/ABW2-300x199.jpg 300w, https:\/\/legacy.dia.edu.az\/wp-content\/uploads\/2021\/03\/ABW2-16x12.jpg 16w, https:\/\/legacy.dia.edu.az\/wp-content\/uploads\/2021\/03\/ABW2-150x100.jpg 150w, https:\/\/legacy.dia.edu.az\/wp-content\/uploads\/2021\/03\/ABW2-300x199@2x.jpg 600w\" sizes=\"(max-width: 640px) 100vw, 640px\" \/><\/figure><\/li><li class=\"blocks-gallery-item\"><figure><img width=\"640\" height=\"424\" src=\"https:\/\/dia.edu.az\/wp-content\/uploads\/2021\/03\/ABW3.jpg\" alt=\"\" data-id=\"12470\" data-full-url=\"https:\/\/dia.edu.az\/wp-content\/uploads\/2021\/03\/ABW3.jpg\" data-link=\"https:\/\/dia.edu.az\/?attachment_id=12470\" class=\"wp-image-12470\" srcset=\"https:\/\/legacy.dia.edu.az\/wp-content\/uploads\/2021\/03\/ABW3.jpg 640w, https:\/\/legacy.dia.edu.az\/wp-content\/uploads\/2021\/03\/ABW3-300x199.jpg 300w, https:\/\/legacy.dia.edu.az\/wp-content\/uploads\/2021\/03\/ABW3-16x12.jpg 16w, https:\/\/legacy.dia.edu.az\/wp-content\/uploads\/2021\/03\/ABW3-150x100.jpg 150w, https:\/\/legacy.dia.edu.az\/wp-content\/uploads\/2021\/03\/ABW3-300x199@2x.jpg 600w\" sizes=\"(max-width: 640px) 100vw, 640px\" \/><\/figure><\/li><li class=\"blocks-gallery-item\"><figure><img width=\"640\" height=\"424\" src=\"https:\/\/dia.edu.az\/wp-content\/uploads\/2021\/03\/ABW4.jpg\" alt=\"\" data-id=\"12471\" data-full-url=\"https:\/\/dia.edu.az\/wp-content\/uploads\/2021\/03\/ABW4.jpg\" data-link=\"https:\/\/dia.edu.az\/?attachment_id=12471\" class=\"wp-image-12471\" srcset=\"https:\/\/legacy.dia.edu.az\/wp-content\/uploads\/2021\/03\/ABW4.jpg 640w, https:\/\/legacy.dia.edu.az\/wp-content\/uploads\/2021\/03\/ABW4-300x199.jpg 300w, https:\/\/legacy.dia.edu.az\/wp-content\/uploads\/2021\/03\/ABW4-16x12.jpg 16w, https:\/\/legacy.dia.edu.az\/wp-content\/uploads\/2021\/03\/ABW4-150x100.jpg 150w, https:\/\/legacy.dia.edu.az\/wp-content\/uploads\/2021\/03\/ABW4-300x199@2x.jpg 600w\" sizes=\"(max-width: 640px) 100vw, 640px\" \/><\/figure><\/li><\/ul><\/figure>","protected":false},"excerpt":{"rendered":"<p>D\u00f6vl\u0259t \u0130dar\u0259\u00e7ilik Akademiyas\u0131nda yeni t\u0259lim m\u0259rk\u0259zinin a\u00e7\u0131l\u0131\u015f\u0131 olubDek 08 , 2016 &#8211; 03:00 08.12.2016-ci ild\u0259 Az\u0259rbaycan Respublikas\u0131n\u0131n Prezidenti yan\u0131nda D\u00f6vl\u0259t \u0130dar\u0259\u00e7ilik Akademiyas\u0131nda d\u00f6vl\u0259t qulluq\u00e7ular\u0131 \u00fc\u00e7\u00fcn t\u0259lim m\u0259rk\u0259zinin a\u00e7\u0131l\u0131\u015f m\u0259rasimi ke\u00e7irildi. T\u0259lim M\u0259rk\u0259zi Avropa \u0130ttifaq\u0131 t\u0259r\u0259find\u0259n maliyy\u0259l\u0259\u015fdiril\u0259n, BMT\u0130P t\u0259r\u0259find\u0259n h\u0259yata ke\u00e7iril\u0259n birg\u0259 layih\u0259 \u00e7\u0259r\u00e7iv\u0259sind\u0259 Az\u0259rbaycan Respublikas\u0131n\u0131n Prezidenti yan\u0131nda D\u00f6vl\u0259t \u0130dar\u0259\u00e7ilik Akademiyas\u0131 il\u0259 \u0259m\u0259kda\u015fl\u0131q \u0259sas\u0131nda yarad\u0131l\u0131b. Yeni [&hellip;]<\/p>","protected":false},"author":2,"featured_media":12470,"comment_status":"closed","ping_status":"closed","sticky":false,"template":"","format":"standard","meta":[],"categories":[137],"tags":[],"_links":{"self":[{"href":"https:\/\/legacy.dia.edu.az\/ru\/wp-json\/wp\/v2\/posts\/12467"}],"collection":[{"href":"https:\/\/legacy.dia.edu.az\/ru\/wp-json\/wp\/v2\/posts"}],"about":[{"href":"https:\/\/legacy.dia.edu.az\/ru\/wp-json\/wp\/v2\/types\/post"}],"author":[{"embeddable":true,"href":"https:\/\/legacy.dia.edu.az\/ru\/wp-json\/wp\/v2\/users\/2"}],"replies":[{"embeddable":true,"href":"https:\/\/legacy.dia.edu.az\/ru\/wp-json\/wp\/v2\/comments?post=12467"}],"version-history":[{"count":0,"href":"https:\/\/legacy.dia.edu.az\/ru\/wp-json\/wp\/v2\/posts\/12467\/revisions"}],"wp:featuredmedia":[{"embeddable":true,"href":"https:\/\/legacy.dia.edu.az\/ru\/wp-json\/wp\/v2\/media\/12470"}],"wp:attachment":[{"href":"https:\/\/legacy.dia.edu.az\/ru\/wp-json\/wp\/v2\/media?parent=12467"}],"wp:term":[{"taxonomy":"category","embeddable":true,"href":"https:\/\/legacy.dia.edu.az\/ru\/wp-json\/wp\/v2\/categories?post=12467"},{"taxonomy":"post_tag","embeddable":true,"href":"https:\/\/legacy.dia.edu.az\/ru\/wp-json\/wp\/v2\/tags?post=12467"}],"curies":[{"name":"wp","href":"https:\/\/api.w.org\/{rel}","templated":true}]}}