{"id":12464,"date":"2016-12-09T01:28:00","date_gmt":"2016-12-08T22:28:00","guid":{"rendered":"https:\/\/dia.edu.az\/?p=12464"},"modified":"2021-03-16T01:29:31","modified_gmt":"2021-03-15T22:29:31","slug":"dekabrin-9-da-az%c9%99rbaycan-respublikasinin-prezidenti-yaninda-dovl%c9%99t-idar%c9%99cilik-akademiyasinin-dia-v%c9%99-heyd%c9%99r-%c9%99liyev-m%c9%99rk%c9%99zinin-birg%c9%99-t%c9%99skilatciligi-il","status":"publish","type":"post","link":"https:\/\/legacy.dia.edu.az\/ru\/arxivl\u0259r\/12464","title":{"rendered":"Dekabr\u0131n 9-da Az\u0259rbaycan Respublikas\u0131n\u0131n Prezidenti yan\u0131nda D\u00f6vl\u0259t \u0130dar\u0259\u00e7ilik Akademiyas\u0131n\u0131n (D\u0130A) v\u0259 Heyd\u0259r \u018fliyev M\u0259rk\u0259zinin birg\u0259 t\u0259\u015fkilat\u00e7\u0131l\u0131\u011f\u0131 il\u0259 Heyd\u0259r \u018fliyev D\u00f6vl\u0259t \u0130dar\u0259\u00e7iliyi M\u0259kt\u0259bind\u0259 Ulu \u00d6nd\u0259rin xatir\u0259sini anma m\u0259rasimi ke\u00e7irilib"},"content":{"rendered":"<p><\/p>\n\n\n\n<p><strong>Dekabr\u0131n 9-da Az\u0259rbaycan Respublikas\u0131n\u0131n Prezidenti yan\u0131nda D\u00f6vl\u0259t \u0130dar\u0259\u00e7ilik Akademiyas\u0131n\u0131n (D\u0130A) v\u0259 Heyd\u0259r \u018fliyev M\u0259rk\u0259zinin birg\u0259 t\u0259\u015fkilat\u00e7\u0131l\u0131\u011f\u0131 il\u0259 Heyd\u0259r \u018fliyev D\u00f6vl\u0259t \u0130dar\u0259\u00e7iliyi M\u0259kt\u0259bind\u0259 Ulu \u00d6nd\u0259rin xatir\u0259sini anma m\u0259rasimi ke\u00e7irilib<\/strong><br><em>Dek 09 , 2016 &#8211; 05:00<\/em><\/p>\n\n\n\n<p>T\u0259dbir i\u015ftirak\u00e7\u0131lar\u0131 \u0259vv\u0259lc\u0259 \u00fcmummilli lider Heyd\u0259r \u018fliyevin D\u0130A-dak\u0131 b\u00fcst\u00fc \u00f6n\u00fcn\u0259 t\u0259r g\u00fcll\u0259r d\u00fcz\u00fcb, xatir\u0259sini bir d\u0259qiq\u0259lik s\u00fckutla yad edibl\u0259r.<\/p>\n\n\n\n<p>Sonra Ulu \u00d6nd\u0259rin h\u0259yat v\u0259 f\u0259aliyy\u0259tini \u0259ks etdir\u0259n film n\u00fcmayi\u015f olunub.<\/p>\n\n\n\n<p>T\u0259dbird\u0259 D\u0130A-n\u0131n rektoru, akademik Urxan \u018fl\u0259kb\u0259rov ulu \u00f6nd\u0259r Heyd\u0259r \u018fliyevin hakimiyy\u0259td\u0259 oldu\u011fu b\u00fct\u00fcn d\u00f6vrl\u0259rd\u0259 Az\u0259rbaycan d\u00f6vl\u0259t\u00e7iliyinin qorunmas\u0131nda, m\u00f6hk\u0259ml\u0259ndirilm\u0259sind\u0259 v\u0259 inki\u015faf\u0131nda misilsiz xidm\u0259tl\u0259rini x\u00fcsusi vur\u011fulay\u0131b. Diqq\u0259t\u0259 \u00e7atd\u0131r\u0131l\u0131b ki, m\u00fcasir m\u00fcst\u0259qil Az\u0259rbaycan d\u00f6vl\u0259tinin memar\u0131 v\u0259 qurucusu, dahi \u015f\u0259xsiyy\u0259t Heyd\u0259r \u018fliyevin ad\u0131 \u00f6lk\u0259mizin tarixin\u0259 \u0259b\u0259di h\u0259kk olunub, \u00dcmummilli Liderin xatir\u0259si xalq\u0131m\u0131z t\u0259r\u0259find\u0259n h\u0259mi\u015f\u0259 d\u0259rin ehtiramla yad edilir.<\/p>\n\n\n\n<p>Rektor bildirib ki, Az\u0259rbaycan\u0131n m\u00fcasir tarixind\u0259 Ulu \u00d6nd\u0259rin m\u00fcst\u0259sna xidm\u0259tl\u0259rinin ictimai-siyasi mahiyy\u0259ti h\u0259l\u0259 uzun ill\u0259r t\u0259dqiqat\u00e7\u0131lar\u0131n diqq\u0259t m\u0259rk\u0259zind\u0259 olacaq. \u00dcmummilli lider Heyd\u0259r \u018fliyevin \u00f6lk\u0259mizin inki\u015faf\u0131 istiqam\u0259tind\u0259 ba\u015flad\u0131\u011f\u0131 n\u0259h\u0259ng i\u015fl\u0259r, m\u00f6ht\u0259\u015f\u0259m layih\u0259l\u0259r bu g\u00fcn onun layiqli davam\u00e7\u0131s\u0131 Prezident \u0130lham \u018fliyev t\u0259r\u0259find\u0259n u\u011furla v\u0259 yarad\u0131c\u0131l\u0131qla h\u0259yata ke\u00e7irilir.<\/p>\n\n\n\n<p>Ulu \u00d6nd\u0259rin m\u00fcst\u0259qil Az\u0259rbaycan d\u00f6vl\u0259t\u00e7iliyinin qurucusu, az\u0259rbaycan\u00e7\u0131l\u0131q m\u0259fkur\u0259sinin banisi kimi m\u00f6ht\u0259\u015f\u0259m f\u0259aliyy\u0259tind\u0259n s\u00f6z a\u00e7an Heyd\u0259r \u018fliyev M\u0259rk\u0259zinin Heyd\u0259r \u018fliyev irsinin t\u0259dqiqi v\u0259 elmi ara\u015fd\u0131rmalar departamentinin direktoru M\u0259h\u0259bb\u0259t Mehdiyeva diqq\u0259t\u0259 \u00e7atd\u0131r\u0131b ki, \u00dcmummilli Lider h\u0259yat\u0131n\u0131n m\u0259nas\u0131n\u0131 yaln\u0131z xalq\u0131na xidm\u0259td\u0259 g\u00f6r\u00fcb, \u00f6mr\u00fcn\u00fc onun firavan g\u0259l\u0259c\u0259yin\u0259 h\u0259sr edib. \u00d6lk\u0259mizin qazand\u0131\u011f\u0131 b\u00fct\u00fcn nailiyy\u0259tl\u0259rin m\u00fcdrik r\u0259hb\u0259r Heyd\u0259r \u018fliyevin ad\u0131 il\u0259 ba\u011fl\u0131 oldu\u011funu dey\u0259n M.Mehdiyeva vur\u011fulay\u0131b ki, \u00dcmummilli Liderin u\u011furlu neft strategiyas\u0131 il\u0259 Az\u0259rbaycan tarixi inki\u015faf \u015fans\u0131 qazan\u0131b v\u0259 \u00f6t\u0259n ill\u0259rd\u0259 b\u00f6y\u00fck t\u0259r\u0259qqi yolu ke\u00e7ib.<\/p>\n\n\n\n<p>T\u0259dbird\u0259 Milli M\u0259clisin deputatlar\u0131 &#8211; D\u0130A-n\u0131n Siyasi Ara\u015fd\u0131rmalar \u0130nstitutunun direktoru Elman N\u0259sirov, Ayd\u0131n Mirz\u0259zad\u0259 v\u0259 ba\u015fqalar\u0131 m\u0259ruz\u0259l\u0259rind\u0259 d\u00fcnya \u015f\u00f6hr\u0259tli siyasi xadim Heyd\u0259r \u018fliyevin z\u0259ngin h\u0259yat v\u0259 f\u0259aliyy\u0259tind\u0259n, Az\u0259rbaycan\u0131n tarixind\u0259ki rolundan, demokratik, h\u00fcquqi d\u00f6vl\u0259t quruculu\u011fu istiqam\u0259tind\u0259 h\u0259yata ke\u00e7irdiyi u\u011furlu islahatlardan dan\u0131\u015f\u0131blar. Natiql\u0259r Ulu \u00d6nd\u0259rin parlaq z\u0259kas\u0131, d\u00f6vl\u0259t\u00e7ilik t\u0259cr\u00fcb\u0259si, yenilm\u0259zliyi v\u0259 c\u0259sar\u0259ti il\u0259 m\u00fcst\u0259qil Az\u0259rbaycan d\u00f6vl\u0259tini m\u0259hv olmaq t\u0259hl\u00fck\u0259sind\u0259n qoruyub saxlamas\u0131n\u0131, V\u0259t\u0259n v\u0259 xalq qar\u015f\u0131s\u0131nda xidm\u0259tl\u0259rini xat\u0131rlad\u0131blar. Qeyd olunub ki, \u00fcmummilli lider Heyd\u0259r \u018fliyev m\u00fcasir Az\u0259rbaycan\u0131n m\u00fcr\u0259kk\u0259b v\u0259 taley\u00fckl\u00fc d\u00f6vr\u00fcnd\u0259 d\u00f6vl\u0259t\u0259 r\u0259hb\u0259rlik missiyas\u0131n\u0131 \u00f6z \u00fcz\u0259rin\u0259 g\u00f6t\u00fcr\u00fcb, \u00f6lk\u0259miz\u0259 r\u0259hb\u0259rlik etdiyi ill\u0259rd\u0259 respublikam\u0131z\u0131n inki\u015faf\u0131 namin\u0259 \u0259lind\u0259n g\u0259l\u0259ni \u0259sirg\u0259m\u0259yib. Ulu \u00d6nd\u0259r xalq\u0131m\u0131z\u0131n parlaq simas\u0131 olmaqla yana\u015f\u0131, d\u00fcnya siyasi elitas\u0131n\u0131n g\u00f6rk\u0259mli \u015f\u0259xsiyy\u0259tl\u0259rind\u0259n biri kimi tarixd\u0259 silinm\u0259z iz qoyub.<\/p>\n\n\n\n<figure class=\"wp-container-2 wp-block-gallery-1 wp-block-gallery columns-1 is-cropped\"><ul class=\"blocks-gallery-grid\"><li class=\"blocks-gallery-item\"><figure><img width=\"1000\" height=\"663\" src=\"https:\/\/dia.edu.az\/wp-content\/uploads\/2021\/03\/HM1.jpg\" alt=\"\" data-id=\"12465\" data-full-url=\"https:\/\/dia.edu.az\/wp-content\/uploads\/2021\/03\/HM1.jpg\" data-link=\"https:\/\/dia.edu.az\/?attachment_id=12465\" class=\"wp-image-12465\" srcset=\"https:\/\/legacy.dia.edu.az\/wp-content\/uploads\/2021\/03\/HM1.jpg 1000w, https:\/\/legacy.dia.edu.az\/wp-content\/uploads\/2021\/03\/HM1-300x199.jpg 300w, https:\/\/legacy.dia.edu.az\/wp-content\/uploads\/2021\/03\/HM1-16x12.jpg 16w, https:\/\/legacy.dia.edu.az\/wp-content\/uploads\/2021\/03\/HM1-150x100.jpg 150w, https:\/\/legacy.dia.edu.az\/wp-content\/uploads\/2021\/03\/HM1-300x199@2x.jpg 600w\" sizes=\"(max-width: 1000px) 100vw, 1000px\" \/><\/figure><\/li><\/ul><\/figure>","protected":false},"excerpt":{"rendered":"<p>Dekabr\u0131n 9-da Az\u0259rbaycan Respublikas\u0131n\u0131n Prezidenti yan\u0131nda D\u00f6vl\u0259t \u0130dar\u0259\u00e7ilik Akademiyas\u0131n\u0131n (D\u0130A) v\u0259 Heyd\u0259r \u018fliyev M\u0259rk\u0259zinin birg\u0259 t\u0259\u015fkilat\u00e7\u0131l\u0131\u011f\u0131 il\u0259 Heyd\u0259r \u018fliyev D\u00f6vl\u0259t \u0130dar\u0259\u00e7iliyi M\u0259kt\u0259bind\u0259 Ulu \u00d6nd\u0259rin xatir\u0259sini anma m\u0259rasimi ke\u00e7irilibDek 09 , 2016 &#8211; 05:00 T\u0259dbir i\u015ftirak\u00e7\u0131lar\u0131 \u0259vv\u0259lc\u0259 \u00fcmummilli lider Heyd\u0259r \u018fliyevin D\u0130A-dak\u0131 b\u00fcst\u00fc \u00f6n\u00fcn\u0259 t\u0259r g\u00fcll\u0259r d\u00fcz\u00fcb, xatir\u0259sini bir d\u0259qiq\u0259lik s\u00fckutla yad edibl\u0259r. Sonra Ulu \u00d6nd\u0259rin [&hellip;]<\/p>","protected":false},"author":2,"featured_media":12465,"comment_status":"closed","ping_status":"closed","sticky":false,"template":"","format":"standard","meta":[],"categories":[137],"tags":[],"_links":{"self":[{"href":"https:\/\/legacy.dia.edu.az\/ru\/wp-json\/wp\/v2\/posts\/12464"}],"collection":[{"href":"https:\/\/legacy.dia.edu.az\/ru\/wp-json\/wp\/v2\/posts"}],"about":[{"href":"https:\/\/legacy.dia.edu.az\/ru\/wp-json\/wp\/v2\/types\/post"}],"author":[{"embeddable":true,"href":"https:\/\/legacy.dia.edu.az\/ru\/wp-json\/wp\/v2\/users\/2"}],"replies":[{"embeddable":true,"href":"https:\/\/legacy.dia.edu.az\/ru\/wp-json\/wp\/v2\/comments?post=12464"}],"version-history":[{"count":0,"href":"https:\/\/legacy.dia.edu.az\/ru\/wp-json\/wp\/v2\/posts\/12464\/revisions"}],"wp:featuredmedia":[{"embeddable":true,"href":"https:\/\/legacy.dia.edu.az\/ru\/wp-json\/wp\/v2\/media\/12465"}],"wp:attachment":[{"href":"https:\/\/legacy.dia.edu.az\/ru\/wp-json\/wp\/v2\/media?parent=12464"}],"wp:term":[{"taxonomy":"category","embeddable":true,"href":"https:\/\/legacy.dia.edu.az\/ru\/wp-json\/wp\/v2\/categories?post=12464"},{"taxonomy":"post_tag","embeddable":true,"href":"https:\/\/legacy.dia.edu.az\/ru\/wp-json\/wp\/v2\/tags?post=12464"}],"curies":[{"name":"wp","href":"https:\/\/api.w.org\/{rel}","templated":true}]}}