{"id":12451,"date":"2016-12-26T01:24:00","date_gmt":"2016-12-25T22:24:00","guid":{"rendered":"https:\/\/dia.edu.az\/?p=12451"},"modified":"2021-03-16T01:25:16","modified_gmt":"2021-03-15T22:25:16","slug":"dovl%c9%99t-idar%c9%99cilik-akademiyasinda-g%c9%99ncl%c9%99r-t%c9%99skilatlarinin-r%c9%99hb%c9%99rl%c9%99ri-il%c9%99-gorus-kecirilib","status":"publish","type":"post","link":"https:\/\/legacy.dia.edu.az\/ru\/arxivl\u0259r\/12451","title":{"rendered":"D\u00f6vl\u0259t \u0130dar\u0259\u00e7ilik Akademiyas\u0131nda G\u0259ncl\u0259r T\u0259\u015fkilatlar\u0131n\u0131n r\u0259hb\u0259rl\u0259ri il\u0259 g\u00f6r\u00fc\u015f ke\u00e7irilib"},"content":{"rendered":"<p><\/p>\n\n\n\n<p><strong>D\u00f6vl\u0259t \u0130dar\u0259\u00e7ilik Akademiyas\u0131nda G\u0259ncl\u0259r T\u0259\u015fkilatlar\u0131n\u0131n r\u0259hb\u0259rl\u0259ri il\u0259 g\u00f6r\u00fc\u015f ke\u00e7irilib<\/strong><br><em>Dek 26 , 2016 &#8211; 06:48<\/em><\/p>\n\n\n\n<p>Az\u0259rbaycan Respublikas\u0131n\u0131n Prezidenti yan\u0131nda D\u00f6vl\u0259t \u0130dar\u0259\u00e7ilik Akademiyas\u0131nda t\u0259hsil G\u0259ncl\u0259r T\u0259\u015fkilatlar\u0131n\u0131n r\u0259hb\u0259rl\u0259ri il\u0259 g\u00f6r\u00fc\u015f ke\u00e7irilib.<\/p>\n\n\n\n<p>D\u00f6vl\u0259t \u0130dar\u0259\u00e7ilik Akademiyas\u0131 il\u0259 tan\u0131\u015fl\u0131qdan sonra D\u0130A-n\u0131n b\u00f6y\u00fck akt zal\u0131nda t\u0259dbir davam etdirilmi\u015fdir.<\/p>\n\n\n\n<p>Qonaqlar\u0131 salamlayan rektor, akademik U.\u018fl\u0259kb\u0259rov D\u00f6vl\u0259t \u0130dar\u0259\u00e7ilik Akademiyas\u0131 haqq\u0131nda geni\u015f m\u0259lumat vermi\u015f, Ulu \u00d6nd\u0259r Heyd\u0259r \u018fliyevin&nbsp; misilsiz tarixi xidm\u0259tl\u0259rind\u0259n dan\u0131\u015fm\u0131\u015f, \u00f6lk\u0259d\u0259 u\u011furlu d\u00f6vl\u0259t g\u0259ncl\u0259r siyas\u0259tinin&nbsp; h\u0259yata ke\u00e7irildiyini diqq\u0259t\u0259 \u00e7atd\u0131rm\u0131\u015fd\u0131r.<\/p>\n\n\n\n<p>Daha sonra \u00e7\u0131x\u0131\u015f ed\u0259n Az\u0259rbaycan Respublikas\u0131n\u0131n Prezidenti yan\u0131nda G\u0259ncl\u0259r Fondunun \u0130cra\u00e7\u0131 direktoru F\u0259rhad Hac\u0131yev, Yeni Az\u0259rbaycan Partiyas\u0131n\u0131n G\u0259ncl\u0259r \u015euras\u0131n\u0131n s\u0259dri Seymur Orucov, Az\u0259rbaycan T\u0259l\u0259b\u0259 G\u0259ncl\u0259r \u0130ttifaqlar\u0131 T\u0259\u015fkilat\u0131n\u0131n s\u0259dri, mill\u0259t v\u0259kili \u015eahin \u0130smay\u0131lov, D\u00f6vl\u0259t \u0130dar\u0259\u00e7ilik Akademiyas\u0131 Humanitar v\u0259 sosial m\u0259s\u0259l\u0259l\u0259r \u00fczr\u0259 prorektoru, dosent Mehdi Abdullayev, D\u00f6vl\u0259t \u0130dar\u0259\u00e7ilik Akademiyas\u0131 T\u0259l\u0259b\u0259 G\u0259ncl\u0259r T\u0259\u015fkilat\u0131n\u0131n s\u0259dri v\u0259zif\u0259sini icra ed\u0259n Cavidan Abdullayev \u00f6lk\u0259d\u0259 d\u00f6vl\u0259t g\u0259ncl\u0259r siyas\u0259tinin u\u011furla h\u0259yata ke\u00e7irilm\u0259sind\u0259n, \u00f6lk\u0259mizin inki\u015faf g\u00f6st\u0259ricil\u0259rind\u0259n, g\u0259ncl\u0259r aras\u0131nda v\u0259t\u0259np\u0259rv\u0259rlik hissl\u0259rinin g\u00fccl\u0259nm\u0259sind\u0259n v\u0259 dig\u0259r maraq do\u011furan m\u0259s\u0259l\u0259l\u0259r bar\u0259sind\u0259 geni\u015f \u00e7\u0131x\u0131\u015f edibl\u0259r. Diqq\u0259t\u0259 \u00e7atd\u0131r\u0131l\u0131b ki, d\u00f6vl\u0259t idar\u0259etm\u0259 sah\u0259si \u00fc\u00e7\u00fcn g\u0259nc m\u00fct\u0259x\u0259ssisl\u0259rin haz\u0131rlanmas\u0131 i\u015finin m\u00fcasir t\u0259l\u0259bl\u0259r\u0259 uy\u011fun qurulmas\u0131, onlar\u0131n pe\u015f\u0259karl\u0131q s\u0259viyy\u0259sinin art\u0131r\u0131lmas\u0131, d\u00f6vl\u0259timizin m\u00f6hk\u0259ml\u0259ndirilm\u0259si v\u0259 elmi \u0259saslarla idar\u0259 olunmas\u0131 m\u0259s\u0259l\u0259l\u0259ri \u00fczr\u0259 \u0259sas elmi-metodiki v\u0259 t\u0259dris m\u0259rk\u0259zi olan D\u0130A-n\u0131n t\u0259l\u0259b\u0259l\u0259ri qar\u015f\u0131s\u0131nda \u00e7ox m\u0259sul missiya durmaqdad\u0131r. Natiql\u0259r, D\u00f6vl\u0259timizin prioritet sah\u0259l\u0259rin inki\u015faf\u0131na hesablanan siyasi istiqam\u0259tl\u0259rind\u0259n biri d\u0259 g\u0259ncl\u0259r siyas\u0259ti oldu\u011funu qeyd etmi\u015fl\u0259r.<\/p>\n\n\n\n<p>Az\u0259rbaycanda g\u0259ncl\u0259r siyas\u0259tinin qar\u015f\u0131s\u0131nda duran \u0259sas m\u0259qs\u0259dl\u0259r \u0259sas\u0259n intellektual s\u0259viyy\u0259nin art\u0131r\u0131lmas\u0131, g\u0259ncl\u0259rimizin v\u0259 yeniyetm\u0259l\u0259rimizin elm\u0259, t\u0259hsil\u0259 yiy\u0259l\u0259nm\u0259l\u0259rin\u0259 nail olunmas\u0131, sosial rifah g\u00f6st\u0259ricil\u0259rinin y\u00fcks\u0259k olmas\u0131, onlar\u0131n aras\u0131nda az\u0259rbaycan\u00e7\u0131l\u0131q ideologiyas\u0131n\u0131n, milli-m\u0259n\u0259vi d\u0259y\u0259rl\u0259rin m\u0259nims\u0259nilm\u0259si, g\u0259ncl\u0259rimizin d\u00f6vl\u0259t strukturlar\u0131nda t\u0259msil olunmas\u0131 v\u0259 s. m\u0259s\u0259l\u0259l\u0259r bar\u0259d\u0259 fikirl\u0259rini b\u00f6l\u00fc\u015fm\u00fc\u015fl\u0259r.<\/p>\n\n\n\n<p>G\u00f6r\u00fc\u015f\u00fcn sonunda t\u0259l\u0259b\u0259l\u0259ri maraqland\u0131ran \u00e7oxsayl\u0131 suallar cavabland\u0131r\u0131l\u0131b.<\/p>\n\n\n\n<p><\/p>\n\n\n\n<figure class=\"wp-container-2 wp-block-gallery-1 wp-block-gallery columns-3 is-cropped\"><ul class=\"blocks-gallery-grid\"><li class=\"blocks-gallery-item\"><figure><img width=\"640\" height=\"424\" src=\"https:\/\/dia.edu.az\/wp-content\/uploads\/2021\/03\/GENCLER1.jpg\" alt=\"\" data-id=\"12452\" data-full-url=\"https:\/\/dia.edu.az\/wp-content\/uploads\/2021\/03\/GENCLER1.jpg\" data-link=\"https:\/\/dia.edu.az\/?attachment_id=12452\" class=\"wp-image-12452\" srcset=\"https:\/\/legacy.dia.edu.az\/wp-content\/uploads\/2021\/03\/GENCLER1.jpg 640w, https:\/\/legacy.dia.edu.az\/wp-content\/uploads\/2021\/03\/GENCLER1-300x199.jpg 300w, https:\/\/legacy.dia.edu.az\/wp-content\/uploads\/2021\/03\/GENCLER1-16x12.jpg 16w, https:\/\/legacy.dia.edu.az\/wp-content\/uploads\/2021\/03\/GENCLER1-150x100.jpg 150w, https:\/\/legacy.dia.edu.az\/wp-content\/uploads\/2021\/03\/GENCLER1-300x199@2x.jpg 600w\" sizes=\"(max-width: 640px) 100vw, 640px\" \/><\/figure><\/li><li class=\"blocks-gallery-item\"><figure><img width=\"640\" height=\"424\" src=\"https:\/\/dia.edu.az\/wp-content\/uploads\/2021\/03\/GENCLER2.jpg\" alt=\"\" data-id=\"12453\" data-full-url=\"https:\/\/dia.edu.az\/wp-content\/uploads\/2021\/03\/GENCLER2.jpg\" data-link=\"https:\/\/dia.edu.az\/?attachment_id=12453\" class=\"wp-image-12453\" srcset=\"https:\/\/legacy.dia.edu.az\/wp-content\/uploads\/2021\/03\/GENCLER2.jpg 640w, https:\/\/legacy.dia.edu.az\/wp-content\/uploads\/2021\/03\/GENCLER2-300x199.jpg 300w, https:\/\/legacy.dia.edu.az\/wp-content\/uploads\/2021\/03\/GENCLER2-16x12.jpg 16w, https:\/\/legacy.dia.edu.az\/wp-content\/uploads\/2021\/03\/GENCLER2-150x100.jpg 150w, https:\/\/legacy.dia.edu.az\/wp-content\/uploads\/2021\/03\/GENCLER2-300x199@2x.jpg 600w\" sizes=\"(max-width: 640px) 100vw, 640px\" \/><\/figure><\/li><li class=\"blocks-gallery-item\"><figure><img width=\"640\" height=\"424\" src=\"https:\/\/dia.edu.az\/wp-content\/uploads\/2021\/03\/GENCLER3.jpg\" alt=\"\" data-id=\"12454\" data-full-url=\"https:\/\/dia.edu.az\/wp-content\/uploads\/2021\/03\/GENCLER3.jpg\" data-link=\"https:\/\/dia.edu.az\/?attachment_id=12454\" class=\"wp-image-12454\" srcset=\"https:\/\/legacy.dia.edu.az\/wp-content\/uploads\/2021\/03\/GENCLER3.jpg 640w, https:\/\/legacy.dia.edu.az\/wp-content\/uploads\/2021\/03\/GENCLER3-300x199.jpg 300w, https:\/\/legacy.dia.edu.az\/wp-content\/uploads\/2021\/03\/GENCLER3-16x12.jpg 16w, https:\/\/legacy.dia.edu.az\/wp-content\/uploads\/2021\/03\/GENCLER3-150x100.jpg 150w, https:\/\/legacy.dia.edu.az\/wp-content\/uploads\/2021\/03\/GENCLER3-300x199@2x.jpg 600w\" sizes=\"(max-width: 640px) 100vw, 640px\" \/><\/figure><\/li><\/ul><\/figure>\n\n\n\n<p><\/p>","protected":false},"excerpt":{"rendered":"<p>D\u00f6vl\u0259t \u0130dar\u0259\u00e7ilik Akademiyas\u0131nda G\u0259ncl\u0259r T\u0259\u015fkilatlar\u0131n\u0131n r\u0259hb\u0259rl\u0259ri il\u0259 g\u00f6r\u00fc\u015f ke\u00e7irilibDek 26 , 2016 &#8211; 06:48 Az\u0259rbaycan Respublikas\u0131n\u0131n Prezidenti yan\u0131nda D\u00f6vl\u0259t \u0130dar\u0259\u00e7ilik Akademiyas\u0131nda t\u0259hsil G\u0259ncl\u0259r T\u0259\u015fkilatlar\u0131n\u0131n r\u0259hb\u0259rl\u0259ri il\u0259 g\u00f6r\u00fc\u015f ke\u00e7irilib. D\u00f6vl\u0259t \u0130dar\u0259\u00e7ilik Akademiyas\u0131 il\u0259 tan\u0131\u015fl\u0131qdan sonra D\u0130A-n\u0131n b\u00f6y\u00fck akt zal\u0131nda t\u0259dbir davam etdirilmi\u015fdir. Qonaqlar\u0131 salamlayan rektor, akademik U.\u018fl\u0259kb\u0259rov D\u00f6vl\u0259t \u0130dar\u0259\u00e7ilik Akademiyas\u0131 haqq\u0131nda geni\u015f m\u0259lumat vermi\u015f, Ulu \u00d6nd\u0259r [&hellip;]<\/p>","protected":false},"author":2,"featured_media":12453,"comment_status":"closed","ping_status":"closed","sticky":false,"template":"","format":"standard","meta":[],"categories":[137],"tags":[],"_links":{"self":[{"href":"https:\/\/legacy.dia.edu.az\/ru\/wp-json\/wp\/v2\/posts\/12451"}],"collection":[{"href":"https:\/\/legacy.dia.edu.az\/ru\/wp-json\/wp\/v2\/posts"}],"about":[{"href":"https:\/\/legacy.dia.edu.az\/ru\/wp-json\/wp\/v2\/types\/post"}],"author":[{"embeddable":true,"href":"https:\/\/legacy.dia.edu.az\/ru\/wp-json\/wp\/v2\/users\/2"}],"replies":[{"embeddable":true,"href":"https:\/\/legacy.dia.edu.az\/ru\/wp-json\/wp\/v2\/comments?post=12451"}],"version-history":[{"count":0,"href":"https:\/\/legacy.dia.edu.az\/ru\/wp-json\/wp\/v2\/posts\/12451\/revisions"}],"wp:featuredmedia":[{"embeddable":true,"href":"https:\/\/legacy.dia.edu.az\/ru\/wp-json\/wp\/v2\/media\/12453"}],"wp:attachment":[{"href":"https:\/\/legacy.dia.edu.az\/ru\/wp-json\/wp\/v2\/media?parent=12451"}],"wp:term":[{"taxonomy":"category","embeddable":true,"href":"https:\/\/legacy.dia.edu.az\/ru\/wp-json\/wp\/v2\/categories?post=12451"},{"taxonomy":"post_tag","embeddable":true,"href":"https:\/\/legacy.dia.edu.az\/ru\/wp-json\/wp\/v2\/tags?post=12451"}],"curies":[{"name":"wp","href":"https:\/\/api.w.org\/{rel}","templated":true}]}}