{"id":12435,"date":"2017-01-17T01:16:00","date_gmt":"2017-01-16T22:16:00","guid":{"rendered":"https:\/\/dia.edu.az\/?p=12435"},"modified":"2021-03-16T01:17:45","modified_gmt":"2021-03-15T22:17:45","slug":"akademik-ramiz-mehdiyevin-yeni-dunya-nizami-v%c9%99-milli-ideya-kitabinin-t%c9%99qdimati-olub","status":"publish","type":"post","link":"https:\/\/legacy.dia.edu.az\/ru\/arxivl\u0259r\/12435","title":{"rendered":"Akademik Ramiz Mehdiyevin \u201cYeni d\u00fcnya nizam\u0131 v\u0259 milli ideya\u201d kitab\u0131n\u0131n t\u0259qdimat\u0131 olub"},"content":{"rendered":"<p><\/p>\n\n\n\n<p><strong>Akademik Ramiz Mehdiyevin \u201cYeni d\u00fcnya nizam\u0131 v\u0259 milli ideya\u201d kitab\u0131n\u0131n t\u0259qdimat\u0131 olub<\/strong><br><em>Yan 17 , 2017 &#8211; 09:42<\/em><\/p>\n\n\n\n<p>Yanvar\u0131n 17-d\u0259 Az\u0259rbaycan Respublikas\u0131n\u0131n Prezidenti yan\u0131nda D\u00f6vl\u0259t \u0130dar\u0259\u00e7ilik Akademiyas\u0131nda (D\u0130A) Prezident Administrasiyas\u0131n\u0131n r\u0259hb\u0259ri, akademik Ramiz Mehdiyevin \u201cYeni d\u00fcnya nizam\u0131 v\u0259 milli ideya\u201d adl\u0131 kitab\u0131n\u0131n t\u0259qdimat\u0131 olub.<\/p>\n\n\n\n<p>T\u0259dbird\u0259 D\u0130A-n\u0131n rektoru, akademik Urxan \u018fl\u0259kb\u0259rov kitaba m\u00fc\u0259llifin 2002-ci v\u0259 2003-c\u00fc ill\u0259rd\u0259 m\u0259tbuatda d\u0259rc olunmu\u015f iki \u0259s\u0259rinin daxil edildiyini bildirib. Diqq\u0259t\u0259 \u00e7atd\u0131r\u0131l\u0131b ki, bu \u0259s\u0259rl\u0259rin indi, 13-14 il sonra kitab \u015f\u0259klind\u0259 n\u0259\u015fr olunaraq oxucuya yenid\u0259n t\u0259qdim edilm\u0259si s\u0259b\u0259bsiz deyil v\u0259 d\u0259rin m\u0259ntiq\u0259 s\u00f6yk\u0259nir. \u00c7\u00fcnki bu \u0259s\u0259rl\u0259rd\u0259 \u0259ksini tapan fikir, m\u00fclahiz\u0259 v\u0259 d\u00fc\u015f\u00fcnc\u0259l\u0259r m\u00fcasir d\u00f6vr\u00fcm\u00fczl\u0259 tam s\u0259sl\u0259\u015fir v\u0259 aktuall\u0131\u011f\u0131n\u0131 \u0259sla itirm\u0259yib. Kitabda yeni d\u00fcnya nizam\u0131nda milli ideyan\u0131n formala\u015fmas\u0131 v\u0259 inki\u015faf\u0131 bar\u0259d\u0259 yeni ideyalar, yenilik\u00e7i fikirl\u0259r \u00f6z \u0259ksini tap\u0131b. N\u0259\u015frd\u0259ki t\u0259hlill\u0259r \u00fcmummilli lider Heyd\u0259r \u018fliyevin \u0259sas\u0131n\u0131 qoydu\u011fu v\u0259 Prezident \u0130lham \u018fliyev t\u0259r\u0259find\u0259n u\u011furla h\u0259yata ke\u00e7iril\u0259n innovativ inki\u015faf strategiyas\u0131 n\u0259tic\u0259sind\u0259 Az\u0259rbaycan\u0131n s\u00fcr\u0259tli inki\u015faf\u0131n\u0131 ehtiva edir.<\/p>\n\n\n\n<p>D\u0130A-n\u0131n I prorektoru, professor \u018flikram Abdullayev vur\u011fulay\u0131b ki, Az\u0259rbaycanda m\u00fcxt\u0259lif d\u00f6vrl\u0259rd\u0259 y\u00fcr\u00fcd\u00fcl\u0259n siyas\u0259t, ulu \u00f6nd\u0259r Heyd\u0259r \u018fliyev haqq\u0131nda d\u00fc\u015f\u00fcnc\u0259l\u0259rin d\u0259 yer ald\u0131\u011f\u0131 kitabda c\u0259miyy\u0259t v\u0259 d\u00f6vl\u0259t m\u0259fhumlar\u0131n\u0131n f\u0259ls\u0259f\u0259sind\u0259n, tarixd\u0259 \u015f\u0259xsiyy\u0259tin rolundan b\u0259hs edilir. Bu \u0259s\u0259r akademik dair\u0259l\u0259rin m\u00fcraci\u0259t ed\u0259c\u0259yi \u00f6n\u0259mli m\u0259nb\u0259l\u0259rd\u0259n biri olacaq. Prorektor vur\u011fulay\u0131b ki, m\u00fc\u0259llif kitab vasit\u0259sil\u0259 Az\u0259rbaycan\u0131n probleml\u0259rinin h\u0259llin\u0259 d\u00fcnya siyasi fikrinin h\u0259m m\u00fcasir, h\u0259m d\u0259 ke\u00e7mi\u015f d\u00f6vrl\u0259rinin g\u00f6rk\u0259mli n\u00fcmay\u0259nd\u0259l\u0259rinin yana\u015fmas\u0131n\u0131 \u0259ks etdirib. Sanki m\u00fcxt\u0259lif d\u00f6vrl\u0259rd\u0259 ya\u015fayan siyas\u0259t\u00e7il\u0259r bir masa arxas\u0131nda \u0259yl\u0259\u015f\u0259r\u0259k k\u0259skin probleml\u0259r\u0259 h\u0259ll yollar\u0131 tapma\u011fa nail olublar. N\u0259\u015frin oxucularda bu c\u00fcr t\u0259\u0259ss\u00fcrat yaratmas\u0131 m\u00fc\u0259llifin b\u00f6y\u00fck u\u011furudur.<\/p>\n\n\n\n<p>Kitabla ba\u011fl\u0131 fikirl\u0259rini b\u00f6l\u00fc\u015f\u0259n Milli M\u0259clisin deputat\u0131, D\u0130A-n\u0131n Siyasi Ara\u015fd\u0131rmalar \u0130nstitutunun direktoru, professor Elman N\u0259sirov diqq\u0259t\u0259 \u00e7atd\u0131r\u0131b ki, n\u0259\u015frd\u0259 neokonservatizm v\u0259 az\u0259rbaycan\u00e7\u0131l\u0131\u011f\u0131n nisb\u0259ti, milli ideologiya, m\u00fcst\u0259qil Az\u0259rbaycan\u0131n siyasi v\u0259 iqtisadi strategiyas\u0131 qloballa\u015fma kontekstind\u0259 n\u0259z\u0259rd\u0259n ke\u00e7irilir, bununla ba\u011fl\u0131 f\u0259ls\u0259fi fikirl\u0259r\u0259 geni\u015f yer verilir. D\u00fcnya siyas\u0259tind\u0259 liberalizm v\u0259 neokonservatizm kimi apar\u0131c\u0131 meyill\u0259rd\u0259n b\u0259hs ed\u0259n m\u00fc\u0259llif onlar\u0131n sintezinin Az\u0259rbaycan \u00fc\u00e7\u00fcn u\u011furlu ideoloji konstruksiya oldu\u011funu n\u0259z\u0259ri v\u0259 praktiki c\u0259h\u0259td\u0259n \u0259sasland\u0131r\u0131r.<\/p>\n\n\n\n<p>T\u0259dbird\u0259 \u00e7\u0131x\u0131\u015f ed\u0259n D\u0130A-n\u0131n humanitar v\u0259 sosial m\u0259s\u0259l\u0259l\u0259r \u00fczr\u0259 prorektoru, dosent Mehdi Abdullayev, Az\u0259rbaycan Respublikas\u0131n\u0131n mill\u0259tl\u0259raras\u0131, multikulturalizm v\u0259 dini m\u0259s\u0259l\u0259l\u0259r \u00fczr\u0259 D\u00f6vl\u0259t m\u00fc\u015faviri xidm\u0259tinin ba\u015f m\u0259sl\u0259h\u0259t\u00e7i, D\u0130A-n\u0131n f\u0259ls\u0259f\u0259 v\u0259 sosial psixologiya kafedras\u0131n\u0131n m\u00fcdiri, professor Etibar N\u0259c\u0259fov, akademiyan\u0131n tarix kafedras\u0131n\u0131n m\u00fcdiri, dosent Firdovsiyy\u0259 \u018fhm\u0259dova, h\u00fcquq kafedras\u0131n\u0131n m\u00fcdiri, dosent F\u0259xr\u0259ddin Na\u011f\u0131yev qeyd edibl\u0259r ki, aktual m\u00f6vzular\u0131 \u0259hat\u0259 ed\u0259n elmi \u0259s\u0259rl\u0259ri il\u0259 vaxta\u015f\u0131r\u0131 oxucular\u0131n diqq\u0259tini c\u0259lb ed\u0259n akademik Ramiz Mehdiyevin bu kitab\u0131 zamanla s\u0131nanm\u0131\u015f f\u0259ls\u0259fi bax\u0131\u015flar, fikir v\u0259 m\u00fclahiz\u0259l\u0259rl\u0259 z\u0259ngindir. Bildirilib ki, n\u0259\u015frd\u0259, h\u0259m\u00e7inin Heyd\u0259r \u018fliyev \u015f\u0259xsiyy\u0259ti \u00fc\u00e7\u00fcn xarakterik olan liderlik, m\u00fcdriklik, uzaqg\u00f6r\u0259nlik v\u0259 dig\u0259r nadir keyfiyy\u0259tl\u0259r\u0259, Ulu \u00d6nd\u0259rin xilaskarl\u0131q missiyas\u0131na, milli ideyan\u0131n v\u0259 m\u0259fkur\u0259nin formala\u015fd\u0131r\u0131lmas\u0131, d\u00f6vl\u0259t quruculu\u011fu sah\u0259sind\u0259ki roluna v\u0259 misilsiz xidm\u0259tl\u0259rin\u0259 toxunulur. M\u00fc\u0259llif \u00dcmummilli Liderin siyasi portretin\u0259 \u00f6z\u00fcn\u0259m\u0259xsus f\u0259ls\u0259fi \u015ftrixl\u0259r \u0259lav\u0259 edir.<\/p>\n\n\n\n<p>Qeyd ed\u0259k ki, \u201c\u015e\u0259rq-Q\u0259rb\u201d n\u0259\u015friyyat evi t\u0259r\u0259find\u0259n \u00e7ap olunan kitab oxuculara Az\u0259rbaycan v\u0259 rus dill\u0259rind\u0259 t\u0259qdim edilib.<\/p>\n\n\n\n<p><\/p>\n\n\n\n<figure class=\"wp-container-2 wp-block-gallery-1 wp-block-gallery columns-2 is-cropped\"><ul class=\"blocks-gallery-grid\"><li class=\"blocks-gallery-item\"><figure><img width=\"550\" height=\"480\" src=\"https:\/\/dia.edu.az\/wp-content\/uploads\/2021\/03\/ram1.jpg\" alt=\"\" data-id=\"12436\" data-full-url=\"https:\/\/dia.edu.az\/wp-content\/uploads\/2021\/03\/ram1.jpg\" data-link=\"https:\/\/dia.edu.az\/?attachment_id=12436\" class=\"wp-image-12436\" srcset=\"https:\/\/legacy.dia.edu.az\/wp-content\/uploads\/2021\/03\/ram1.jpg 550w, https:\/\/legacy.dia.edu.az\/wp-content\/uploads\/2021\/03\/ram1-300x262.jpg 300w, https:\/\/legacy.dia.edu.az\/wp-content\/uploads\/2021\/03\/ram1-14x12.jpg 14w\" sizes=\"(max-width: 550px) 100vw, 550px\" \/><\/figure><\/li><li class=\"blocks-gallery-item\"><figure><img width=\"640\" height=\"398\" src=\"https:\/\/dia.edu.az\/wp-content\/uploads\/2021\/03\/ram2.jpg\" alt=\"\" data-id=\"12437\" data-full-url=\"https:\/\/dia.edu.az\/wp-content\/uploads\/2021\/03\/ram2.jpg\" data-link=\"https:\/\/dia.edu.az\/?attachment_id=12437\" class=\"wp-image-12437\" srcset=\"https:\/\/legacy.dia.edu.az\/wp-content\/uploads\/2021\/03\/ram2.jpg 640w, https:\/\/legacy.dia.edu.az\/wp-content\/uploads\/2021\/03\/ram2-300x187.jpg 300w, https:\/\/legacy.dia.edu.az\/wp-content\/uploads\/2021\/03\/ram2-16x10.jpg 16w, https:\/\/legacy.dia.edu.az\/wp-content\/uploads\/2021\/03\/ram2-300x187@2x.jpg 600w\" sizes=\"(max-width: 640px) 100vw, 640px\" \/><\/figure><\/li><\/ul><\/figure>","protected":false},"excerpt":{"rendered":"<p>Akademik Ramiz Mehdiyevin \u201cYeni d\u00fcnya nizam\u0131 v\u0259 milli ideya\u201d kitab\u0131n\u0131n t\u0259qdimat\u0131 olubYan 17 , 2017 &#8211; 09:42 Yanvar\u0131n 17-d\u0259 Az\u0259rbaycan Respublikas\u0131n\u0131n Prezidenti yan\u0131nda D\u00f6vl\u0259t \u0130dar\u0259\u00e7ilik Akademiyas\u0131nda (D\u0130A) Prezident Administrasiyas\u0131n\u0131n r\u0259hb\u0259ri, akademik Ramiz Mehdiyevin \u201cYeni d\u00fcnya nizam\u0131 v\u0259 milli ideya\u201d adl\u0131 kitab\u0131n\u0131n t\u0259qdimat\u0131 olub. T\u0259dbird\u0259 D\u0130A-n\u0131n rektoru, akademik Urxan \u018fl\u0259kb\u0259rov kitaba m\u00fc\u0259llifin 2002-ci v\u0259 2003-c\u00fc ill\u0259rd\u0259 [&hellip;]<\/p>","protected":false},"author":2,"featured_media":12436,"comment_status":"closed","ping_status":"closed","sticky":false,"template":"","format":"standard","meta":[],"categories":[137],"tags":[],"_links":{"self":[{"href":"https:\/\/legacy.dia.edu.az\/ru\/wp-json\/wp\/v2\/posts\/12435"}],"collection":[{"href":"https:\/\/legacy.dia.edu.az\/ru\/wp-json\/wp\/v2\/posts"}],"about":[{"href":"https:\/\/legacy.dia.edu.az\/ru\/wp-json\/wp\/v2\/types\/post"}],"author":[{"embeddable":true,"href":"https:\/\/legacy.dia.edu.az\/ru\/wp-json\/wp\/v2\/users\/2"}],"replies":[{"embeddable":true,"href":"https:\/\/legacy.dia.edu.az\/ru\/wp-json\/wp\/v2\/comments?post=12435"}],"version-history":[{"count":0,"href":"https:\/\/legacy.dia.edu.az\/ru\/wp-json\/wp\/v2\/posts\/12435\/revisions"}],"wp:featuredmedia":[{"embeddable":true,"href":"https:\/\/legacy.dia.edu.az\/ru\/wp-json\/wp\/v2\/media\/12436"}],"wp:attachment":[{"href":"https:\/\/legacy.dia.edu.az\/ru\/wp-json\/wp\/v2\/media?parent=12435"}],"wp:term":[{"taxonomy":"category","embeddable":true,"href":"https:\/\/legacy.dia.edu.az\/ru\/wp-json\/wp\/v2\/categories?post=12435"},{"taxonomy":"post_tag","embeddable":true,"href":"https:\/\/legacy.dia.edu.az\/ru\/wp-json\/wp\/v2\/tags?post=12435"}],"curies":[{"name":"wp","href":"https:\/\/api.w.org\/{rel}","templated":true}]}}