{"id":12431,"date":"2017-01-19T01:12:00","date_gmt":"2017-01-18T22:12:00","guid":{"rendered":"https:\/\/dia.edu.az\/?p=12431"},"modified":"2021-03-16T01:13:29","modified_gmt":"2021-03-15T22:13:29","slug":"dovl%c9%99t-idar%c9%99cilik-akademiyasinda-20-yanvar-faci%c9%99si-qurbanlarinin-xatir%c9%99si-anilib","status":"publish","type":"post","link":"https:\/\/legacy.dia.edu.az\/ru\/arxivl\u0259r\/12431","title":{"rendered":"D\u00f6vl\u0259t \u0130dar\u0259\u00e7ilik Akademiyas\u0131nda 20 Yanvar faci\u0259si qurbanlar\u0131n\u0131n xatir\u0259si an\u0131l\u0131b"},"content":{"rendered":"<p><\/p>\n\n\n\n<p><strong>D\u00f6vl\u0259t \u0130dar\u0259\u00e7ilik Akademiyas\u0131nda 20 Yanvar faci\u0259si qurbanlar\u0131n\u0131n xatir\u0259si an\u0131l\u0131b<\/strong><br><em>Yan 19 , 2017 &#8211; 04:47<\/em><\/p>\n\n\n\n<p>Yanvar ay\u0131n\u0131n 19-da Az\u0259rbaycan Respublikas\u0131n\u0131n Prezidenti yan\u0131nda D\u00f6vl\u0259t \u0130dar\u0259\u00e7ilik Akademiyas\u0131 v\u0259 Heyd\u0259r \u018fliyev M\u0259rk\u0259zinin birg\u0259 t\u0259\u015fkilat\u00e7\u0131l\u0131\u011f\u0131 il\u0259 20 Yanvar faci\u0259sinin 27-ci ild\u00f6n\u00fcm\u00fcn\u0259 h\u0259sr olunan \u201cd\u0259yirmi masa\u201d ke\u00e7irilib.<\/p>\n\n\n\n<p>Heyd\u0259r \u018fliyev M\u0259rk\u0259zinin d\u0259st\u0259yi il\u0259 D\u0130A-n\u0131n n\u0259zdind\u0259 f\u0259aliyy\u0259t g\u00f6st\u0259r\u0259n Heyd\u0259r \u018fliyev D\u00f6vl\u0259t \u0130dar\u0259\u00e7iliyi M\u0259kt\u0259bind\u0259 t\u0259\u015fkil olunan t\u0259dbird\u0259 \u0259vv\u0259lc\u0259 i\u015ftirak\u00e7\u0131lar \u015f\u0259hidl\u0259rin xatir\u0259sini bir d\u0259qiq\u0259lik s\u00fckutla yad edibl\u0259r.<\/p>\n\n\n\n<p>T\u0259dbird\u0259 D\u0130A-n\u0131n rektoru, akademik Urxan \u018fl\u0259kb\u0259rov bildirib ki, sovet imperiyas\u0131n\u0131n Az\u0259rbaycana qar\u015f\u0131 t\u0259cav\u00fcz siyas\u0259tinin t\u0259rkib hiss\u0259si olan, insan h\u00fcquq v\u0259 azadl\u0131qlar\u0131n\u0131n k\u00fctl\u0259vi pozulmas\u0131 il\u0259 n\u0259tic\u0259l\u0259n\u0259n bu cinay\u0259t b\u00fct\u00fcn b\u0259\u015f\u0259riyy\u0259t\u0259, insanl\u0131\u011fa qar\u015f\u0131 y\u00f6n\u0259lmi\u015fdi. Bildirilib ki, qeyri-insani r\u0259ftar\u0131n, i\u015fg\u0259nc\u0259l\u0259rin \u0259n d\u0259h\u015f\u0259tlil\u0259rind\u0259n biri olan bu hadis\u0259 xalq\u0131m\u0131z\u0131n qan yadda\u015f\u0131na \u0259b\u0259di h\u0259kk olunub, eyni zamanda, tariximiz\u0259 q\u00fcrur, q\u0259hr\u0259manl\u0131q g\u00fcn\u00fc kimi yaz\u0131l\u0131b.<\/p>\n\n\n\n<p>Rektor vur\u011fulay\u0131b ki, 20 Yanvar hadis\u0259l\u0259ri il\u0259 \u0259laq\u0259dar \u00fcmummilli lider Heyd\u0259r \u018fliyev Az\u0259rbaycan\u0131n Moskvadak\u0131 daimi n\u00fcmay\u0259nd\u0259liyin\u0259 g\u0259l\u0259r\u0259k ke\u00e7irdiyi m\u0259tbuat konfrans\u0131nda k\u0259skin b\u0259yanatla \u00e7\u0131x\u0131\u015f edib, Bak\u0131da t\u00f6r\u0259dil\u0259n q\u0131r\u011f\u0131nlar\u0131n t\u0259\u015fkilat\u00e7\u0131lar\u0131n\u0131 cinay\u0259tkar adland\u0131r\u0131b, ba\u015f ver\u0259nl\u0259r\u0259 siyasi qiym\u0259t verilm\u0259sini, g\u00fcnahkarlar\u0131n c\u0259zaland\u0131r\u0131lmas\u0131n\u0131 q\u0259tiyy\u0259tl\u0259 t\u0259l\u0259b edib. Ulu \u00d6nd\u0259rin siyasi hakimiyy\u0259t\u0259 qay\u0131d\u0131\u015f\u0131ndan sonra da \u015f\u0259hidl\u0259rin xatir\u0259sini \u0259b\u0259dil\u0259\u015fdirm\u0259k \u00fc\u00e7\u00fcn h\u0259min tarix \u00fcmumxalq h\u00fczn g\u00fcn\u00fc elan edilib, hadis\u0259y\u0259 r\u0259smi siyasi v\u0259 h\u00fcquqi qiym\u0259t verilib.<\/p>\n\n\n\n<p>U.\u018fl\u0259kb\u0259rov diqq\u0259t\u0259 \u00e7atd\u0131r\u0131b ki, Prezident \u0130lham \u018fliyev 20 Yanvar \u015f\u0259hidl\u0259rinin xatir\u0259sinin uca tutulmas\u0131na, onlar\u0131n ail\u0259l\u0259rinin sosial m\u0259s\u0259l\u0259l\u0259rinin h\u0259llin\u0259 x\u00fcsusi diqq\u0259t g\u00f6st\u0259rir.<\/p>\n\n\n\n<p>Sonra Milli M\u0259clisin deputat\u0131, D\u0130A-n\u0131n professoru Musa Qas\u0131ml\u0131, Milli M\u0259clisin deputat\u0131, akademiyan\u0131n dosenti Ayd\u0131n Mirz\u0259zad\u0259, D\u0130A-n\u0131n tarix kafedras\u0131n\u0131n professoru Musa Quliyev, akademiyan\u0131n politologiya v\u0259 siyasi idar\u0259etm\u0259 kafedras\u0131n\u0131n m\u00fcdiri, professor Nigar \u018fl\u0259kb\u0259rova, D\u0130A-n\u0131n Qaraba\u011f Ara\u015fd\u0131rmalar\u0131 M\u0259rk\u0259zinin m\u00fcdiri, siyasi elml\u0259r doktoru El\u00e7in \u018fhm\u0259dov v\u0259 dig\u0259r \u00e7\u0131x\u0131\u015f ed\u0259nl\u0259r zaman ke\u00e7dikc\u0259 tariximizin h\u0259m q\u0259hr\u0259manl\u0131q, h\u0259m d\u0259 faci\u0259li s\u0259hif\u0259l\u0259rini yad etm\u0259yin, g\u0259l\u0259c\u0259k n\u0259sill\u0259r\u0259 xat\u0131rlatma\u011f\u0131n \u0259h\u0259miyy\u0259tli oldu\u011funu bildiribl\u0259r. Vur\u011fulan\u0131b ki, 20 Yanvar faci\u0259si zaman\u0131 g\u00f6st\u0259ril\u0259n q\u0259hr\u0259manl\u0131q, \u015f\u00fcca\u0259t g\u0259ncl\u0259r\u0259 \u00f6rn\u0259kdir. H\u0259min g\u00fcn q\u0259tl\u0259 yetirilmi\u015f g\u00fcnahs\u0131z insanlar\u0131n \u0259ziz xatir\u0259si xalq\u0131m\u0131z t\u0259r\u0259find\u0259n h\u0259r zaman ehtiramla yad edil\u0259c\u0259k.<\/p>\n\n\n\n<p>T\u0259dbird\u0259 Heyd\u0259r \u018fliyev M\u0259rk\u0259zinin n\u00fcmay\u0259nd\u0259l\u0259ri, D\u0130A-n\u0131n m\u00fc\u0259lliml\u0259ri v\u0259 t\u0259l\u0259b\u0259l\u0259r i\u015ftirak edibl\u0259r.<\/p>\n\n\n\n<p><\/p>\n\n\n\n<figure class=\"wp-container-2 wp-block-gallery-1 wp-block-gallery columns-2 is-cropped\"><ul class=\"blocks-gallery-grid\"><li class=\"blocks-gallery-item\"><figure><img width=\"640\" height=\"424\" src=\"https:\/\/dia.edu.az\/wp-content\/uploads\/2021\/03\/20.01.17.jpg\" alt=\"\" data-id=\"12432\" data-full-url=\"https:\/\/dia.edu.az\/wp-content\/uploads\/2021\/03\/20.01.17.jpg\" data-link=\"https:\/\/dia.edu.az\/?attachment_id=12432\" class=\"wp-image-12432\" srcset=\"https:\/\/legacy.dia.edu.az\/wp-content\/uploads\/2021\/03\/20.01.17.jpg 640w, https:\/\/legacy.dia.edu.az\/wp-content\/uploads\/2021\/03\/20.01.17-300x199.jpg 300w, https:\/\/legacy.dia.edu.az\/wp-content\/uploads\/2021\/03\/20.01.17-16x12.jpg 16w, https:\/\/legacy.dia.edu.az\/wp-content\/uploads\/2021\/03\/20.01.17-150x100.jpg 150w, https:\/\/legacy.dia.edu.az\/wp-content\/uploads\/2021\/03\/20.01.17-300x199@2x.jpg 600w\" sizes=\"(max-width: 640px) 100vw, 640px\" \/><\/figure><\/li><li class=\"blocks-gallery-item\"><figure><img src=\"https:\/\/dia.edu.az\/wp-content\/uploads\/2021\/03\/20.01.2017.jpg\" alt=\"\" data-id=\"12433\" data-full-url=\"https:\/\/dia.edu.az\/wp-content\/uploads\/2021\/03\/20.01.2017.jpg\" data-link=\"https:\/\/dia.edu.az\/?attachment_id=12433\" class=\"wp-image-12433\"\/><\/figure><\/li><\/ul><\/figure>","protected":false},"excerpt":{"rendered":"<p>D\u00f6vl\u0259t \u0130dar\u0259\u00e7ilik Akademiyas\u0131nda 20 Yanvar faci\u0259si qurbanlar\u0131n\u0131n xatir\u0259si an\u0131l\u0131bYan 19 , 2017 &#8211; 04:47 Yanvar ay\u0131n\u0131n 19-da Az\u0259rbaycan Respublikas\u0131n\u0131n Prezidenti yan\u0131nda D\u00f6vl\u0259t \u0130dar\u0259\u00e7ilik Akademiyas\u0131 v\u0259 Heyd\u0259r \u018fliyev M\u0259rk\u0259zinin birg\u0259 t\u0259\u015fkilat\u00e7\u0131l\u0131\u011f\u0131 il\u0259 20 Yanvar faci\u0259sinin 27-ci ild\u00f6n\u00fcm\u00fcn\u0259 h\u0259sr olunan \u201cd\u0259yirmi masa\u201d ke\u00e7irilib. Heyd\u0259r \u018fliyev M\u0259rk\u0259zinin d\u0259st\u0259yi il\u0259 D\u0130A-n\u0131n n\u0259zdind\u0259 f\u0259aliyy\u0259t g\u00f6st\u0259r\u0259n Heyd\u0259r \u018fliyev D\u00f6vl\u0259t \u0130dar\u0259\u00e7iliyi M\u0259kt\u0259bind\u0259 [&hellip;]<\/p>","protected":false},"author":2,"featured_media":12432,"comment_status":"closed","ping_status":"closed","sticky":false,"template":"","format":"standard","meta":[],"categories":[137],"tags":[],"_links":{"self":[{"href":"https:\/\/legacy.dia.edu.az\/ru\/wp-json\/wp\/v2\/posts\/12431"}],"collection":[{"href":"https:\/\/legacy.dia.edu.az\/ru\/wp-json\/wp\/v2\/posts"}],"about":[{"href":"https:\/\/legacy.dia.edu.az\/ru\/wp-json\/wp\/v2\/types\/post"}],"author":[{"embeddable":true,"href":"https:\/\/legacy.dia.edu.az\/ru\/wp-json\/wp\/v2\/users\/2"}],"replies":[{"embeddable":true,"href":"https:\/\/legacy.dia.edu.az\/ru\/wp-json\/wp\/v2\/comments?post=12431"}],"version-history":[{"count":0,"href":"https:\/\/legacy.dia.edu.az\/ru\/wp-json\/wp\/v2\/posts\/12431\/revisions"}],"wp:featuredmedia":[{"embeddable":true,"href":"https:\/\/legacy.dia.edu.az\/ru\/wp-json\/wp\/v2\/media\/12432"}],"wp:attachment":[{"href":"https:\/\/legacy.dia.edu.az\/ru\/wp-json\/wp\/v2\/media?parent=12431"}],"wp:term":[{"taxonomy":"category","embeddable":true,"href":"https:\/\/legacy.dia.edu.az\/ru\/wp-json\/wp\/v2\/categories?post=12431"},{"taxonomy":"post_tag","embeddable":true,"href":"https:\/\/legacy.dia.edu.az\/ru\/wp-json\/wp\/v2\/tags?post=12431"}],"curies":[{"name":"wp","href":"https:\/\/api.w.org\/{rel}","templated":true}]}}