{"id":12420,"date":"2017-01-31T01:08:00","date_gmt":"2017-01-30T22:08:00","guid":{"rendered":"https:\/\/dia.edu.az\/?p=12420"},"modified":"2021-03-16T01:10:09","modified_gmt":"2021-03-15T22:10:09","slug":"dovl%c9%99t-idar%c9%99cilik-akademiyasinda-az%c9%99rbaycan-respublikasinin-g%c9%99ncl%c9%99r-siyas%c9%99ti-v%c9%99-az%c9%99rbaycan-dovl%c9%99tciliyininn-huquqi-%c9%99saslari-v%c9%99","status":"publish","type":"post","link":"https:\/\/legacy.dia.edu.az\/ru\/arxivl\u0259r\/12420","title":{"rendered":"D\u00f6vl\u0259t \u0130dar\u0259\u00e7ilik Akademiyas\u0131nda \u00abAz\u0259rbaycan Respublikas\u0131n\u0131n g\u0259ncl\u0259r siyas\u0259ti\u00bb v\u0259 \u00abAz\u0259rbaycan d\u00f6vl\u0259t\u00e7iliyininn h\u00fcquqi \u0259saslar\u0131 v\u0259 inzibati islahatlar\u00bb istiqam\u0259tl\u0259ri \u00fczr\u0259 q\u0131sam\u00fcdd\u0259tli ixtisasart\u0131rma kurslar\u0131 v\u0259 \u201cPublik h\u00fcquqi \u015f\u0259xsl\u0259r\u201d m\u00f6vzusunda seminar ke\u00e7irilmi\u015fdir"},"content":{"rendered":"<p><\/p>\n\n\n\n<p><\/p>\n\n\n\n<p><strong>D\u00f6vl\u0259t \u0130dar\u0259\u00e7ilik Akademiyas\u0131nda \u00abAz\u0259rbaycan Respublikas\u0131n\u0131n g\u0259ncl\u0259r siyas\u0259ti\u00bb v\u0259 \u00abAz\u0259rbaycan d\u00f6vl\u0259t\u00e7iliyininn h\u00fcquqi \u0259saslar\u0131 v\u0259 inzibati islahatlar\u00bb istiqam\u0259tl\u0259ri \u00fczr\u0259 q\u0131sam\u00fcdd\u0259tli ixtisasart\u0131rma kurslar\u0131 v\u0259 \u201cPublik h\u00fcquqi \u015f\u0259xsl\u0259r\u201d m\u00f6vzusunda seminar ke\u00e7irilmi\u015fdir<\/strong><br><em>Yan 31 , 2017 &#8211; 03:51<\/em><\/p>\n\n\n\n<p>&nbsp; &nbsp; &nbsp; &nbsp; &nbsp; &nbsp; &nbsp;2017-ci il yanvar ay\u0131 \u0259rzind\u0259 Az\u0259rbaycan Respublikas\u0131n\u0131n Prezidenti yan\u0131nda D\u00f6vl\u0259t \u0130dar\u0259\u00e7ilik Akademiyas\u0131nda \u00abAz\u0259rbaycan Respublikas\u0131n\u0131n g\u0259ncl\u0259r siyas\u0259ti\u00bb v\u0259 \u00abAz\u0259rbaycan d\u00f6vl\u0259t\u00e7iliyininn h\u00fcquqi \u0259saslar\u0131 v\u0259 inzibati islahatlar\u00bb istiqam\u0259tl\u0259ri \u00fczr\u0259 q\u0131sam\u00fcdd\u0259tli&nbsp; ixtisasart\u0131rma kurslar\u0131 v\u0259 \u201cPublik h\u00fcquqi \u015f\u0259xsl\u0259r\u201d m\u00f6vzusunda seminar ke\u00e7irilmi\u015fdir. Seminar v\u0259 kurslara d\u00f6vl\u0259t orqanlar\u0131nda \u00e7al\u0131\u015fan d\u00f6vl\u0259t qulluq\u00e7ular\u0131 c\u0259lb olunmu\u015flar.<\/p>\n\n\n\n<p>&nbsp;&nbsp;&nbsp;&nbsp;&nbsp;&nbsp;&nbsp;&nbsp; \u00abAz\u0259rbaycan Respublikas\u0131n\u0131n g\u0259ncl\u0259r siyas\u0259ti\u00bb istiqam\u0259tind\u0259 kursun \u0259sas m\u0259qs\u0259di \u201cDavaml\u0131 inki\u015faf\u0131n planla\u015fd\u0131r\u0131lmas\u0131 v\u0259 idar\u0259olunmas\u0131nda g\u0259ncl\u0259rin rolu\u201d, \u201cD\u00f6vl\u0259t qulluq\u00e7usunun pe\u015f\u0259 f\u0259aliyy\u0259tinin m\u0259n\u0259vi-\u0259xlaqi \u0259saslar\u0131\u201d, \u201cH\u0259ssas qruplardan olan g\u0259ncl\u0259rin sosial m\u00fcdafi\u0259 sistemin\u0259 inteqrasiyas\u0131\u201d, \u00abAz\u0259rbaycan d\u00f6vl\u0259t\u00e7iliyininn h\u00fcquqi \u0259saslar\u0131 v\u0259 inzibati islahatlar\u00bb istiqam\u0259tind\u0259 \u201cAz\u0259rbaycan Respublikas\u0131nda v\u0259t\u0259nda\u015flar\u0131n konstitusion h\u00fcquq v\u0259 v\u0259zif\u0259l\u0259ri\u201d, \u201cAz\u0259rbaycan Respublikas\u0131nda konstitusiya islahatlar\u0131: mahiyy\u0259t v\u0259 prioritetl\u0259r\u201d, \u201cM\u00fcst\u0259qil Az\u0259rbaycan Respublikas\u0131nda h\u00fcquq islahatlar\u0131\u201d, \u201cKorrupsiyaya qar\u015f\u0131 m\u00fcbariz\u0259 Az\u0259rbaycan Respublikas\u0131n\u0131n d\u00f6vl\u0259t siyas\u0259tinin t\u0259rkib hiss\u0259si kimi\u201d, \u201cPublik h\u00fcquqi \u015f\u0259xsl\u0259r\u201d m\u00f6vzusunda seminar\u0131n is\u0259 \u201cAz\u0259rbaycan Respublikas\u0131n\u0131n innovativ idar\u0259etm\u0259 modeli: \u00f6lk\u0259nin nailiyy\u0259tl\u0259ri beyn\u0259lxalq t\u0259\u015fkilatlar\u0131n hesabatlar\u0131nda\u201d, \u201cAz\u0259rbaycan qanunvericiliyind\u0259 publik h\u00fcquqi \u015f\u0259xsl\u0259rin yeri\u201d, \u201cAz\u0259rbaycan Respublikas\u0131n\u0131n qanunvericiliyind\u0259 publik h\u00fcquqi \u015f\u0259xsl\u0259rin f\u0259aliyy\u0259tinin t\u0259nziml\u0259nm\u0259si\u201d v\u0259 s. m\u00f6vzularla ba\u011fl\u0131 bilikl\u0259rin dinl\u0259yicil\u0259r\u0259 \u00e7atd\u0131r\u0131lmas\u0131 v\u0259 onlar il\u0259 fikir m\u00fcbadil\u0259sinin apar\u0131lmas\u0131 idi.<\/p>\n\n\n\n<p>&nbsp;&nbsp;&nbsp;&nbsp;&nbsp;&nbsp;&nbsp;&nbsp; &nbsp;Kurs \u0259rzind\u0259 \u00abAz\u0259rbaycan Respublikas\u0131n\u0131n g\u0259ncl\u0259r siyas\u0259ti\u00bb istiqam\u0259ti \u00fczr\u0259 &#8211; Az\u0259rbaycan Respublikas\u0131 Prezidenti yan\u0131nda D\u00f6vl\u0259t \u0130dar\u0259\u00e7ilik Akademiyas\u0131n\u0131n rektoru, akademik Urxan \u018fl\u0259kb\u0259rov, D\u0130A-n\u0131n t\u0259dris i\u015fl\u0259ri \u00fczr\u0259 I prorektoru, professor \u018flikram Abdullayev, mill\u0259t v\u0259kili, Mill\u0259t V\u0259kili, D\u0130A \u201cSiyasi ara\u015fd\u0131rmalar institutu\u201dnun direktoru, professor Elman N\u0259sirli, tarix kafedras\u0131n\u0131n m\u00fcdiri, dosent Firdovsiyy\u0259 \u018fhm\u0259dova, professor Fuad M\u0259mm\u0259dov, Az\u0259rbaycan Respublikas\u0131 G\u0259ncl\u0259r v\u0259 \u0130dman Nazirliyi, \u015f\u00f6b\u0259 m\u00fcdiri \u0130ndira Hac\u0131yeva, sektor m\u00fcdiri \u0130lqar N\u0259c\u0259fov, sektor m\u00fcdiri Ayd\u0131n M\u0259mm\u0259dov, BMT-nin Bak\u0131 ofisinin Strateji \u018fm\u0259kda\u015fl\u0131q \u00fczr\u0259 m\u00fc\u015faviri M\u0259zahir \u018ff\u0259ndiyev, Az\u0259rbaycan Respublikas\u0131 M\u0259d\u0259niyy\u0259t v\u0259 Turizm Nazirliyi \u0259m\u0259kda\u015f\u0131 V\u00fcqar Bax\u0131\u015fov, Az\u0259rbaycan Respublikas\u0131 Prezidenti yan\u0131nda G\u0259ncl\u0259r Fondu, sektor m\u00fcdiri Orxan \u018fr\u0259bov, Az\u0259rbaycan Respublikas\u0131 Diasporla i\u015f \u00fczr\u0259 D\u00f6vl\u0259t Komit\u0259si, \u015f\u00f6b\u0259 m\u00fcdiri Cavan\u015fir V\u0259liyev, Az\u0259rbaycan Respublikas\u0131 \u018fm\u0259k v\u0259 \u018fhalinin Sosial M\u00fcdafi\u0259si Nazirliyi, M\u0259\u015f\u011fulluq siyas\u0259ti v\u0259 demoqrafiya \u015f\u00f6b\u0259sinin m\u00fcdir m\u00fcavini R\u0259na Abdullayeva, Az\u0259rbaycan Respublikas\u0131 Daxili \u0130\u015fl\u0259r Nazirliyi, \u015f\u00f6b\u0259 r\u0259isi Oqtay Ta\u011f\u0131yev, \u00abAz\u0259rbaycan d\u00f6vl\u0259t\u00e7iliyininn h\u00fcquqi \u0259saslar\u0131 v\u0259 inzibati islahatlar\u00bb istiqam\u0259ti \u00fczr\u0259 &#8211; D\u00f6vl\u0259t \u0130dar\u0259\u00e7ilik Akademiyas\u0131 H\u00fcquq kafedras\u0131n\u0131n m\u00fcdiri F\u0259xr\u0259ddin Na\u011f\u0131yev, Milli M\u0259clisi Aparat\u0131n\u0131n sektor m\u00fcdiri S\u0259rvan Sad\u0131qov, \u015f\u00f6b\u0259 m\u00fcdirinin m\u00fcavini S\u0259yyad K\u0259rimov, H\u00fcquq siyas\u0259ti v\u0259 d\u00f6vl\u0259t quruculu\u011fu komit\u0259sinin \u00fczv\u00fc \u00c7ingiz Q\u0259nizad\u0259, M\u0259rk\u0259zi Se\u00e7ki Komissiyas\u0131n\u0131n \u00fczv\u00fc Fuad Cavadov, \u018fdliyy\u0259 Nazirliyi \u0130ctimaiyy\u0259tl\u0259 \u0259laq\u0259l\u0259r v\u0259 \u0130nsan h\u00fcquqlar\u0131 idar\u0259sinin r\u0259isi Faiq Qurbanov, Konstitusiya M\u0259hk\u0259m\u0259si Aparat\u0131n\u0131n m\u0259hk\u0259m\u0259 q\u0259rarlar\u0131n\u0131n icras\u0131na n\u0259zar\u0259t sektorunun m\u00fcdiri \u0130ntiqam Eyvazov, Ali M\u0259hk\u0259m\u0259sinin \u0130nzibati-iqtisadi Kollegiyan\u0131n hakimi X\u0259qani M\u0259mm\u0259dov, M\u00fclki Kollegiyas\u0131n\u0131n hakimi \u0130lqar D\u0259mirov, Ba\u015f prokuroru yan\u0131nda korrupsiyaya qar\u015f\u0131 m\u00fcbariz\u0259 ba\u015f idar\u0259sinin t\u0259\u015fkilat informasiya idar\u0259si r\u0259isi Orxan \u0130sayev, Ba\u015f prokurorlu\u011funun ittiham idar\u0259sinin r\u0259is m\u00fcavini M\u00fcrv\u0259t H\u0259s\u0259nov, Bak\u0131 Apellasiya M\u0259hk\u0259m\u0259sinin hakimi Abiddin H\u0259s\u0259nov, Daxili \u0130\u015fl\u0259r Nazirliyi ba\u015f inspektor R\u00fcst\u0259m N\u0259sibov, b\u00f6lm\u0259 r\u0259isi Vasif Qas\u0131mov, \u201cPublik h\u00fcquqi \u015f\u0259xsl\u0259r\u201d seminar\u0131nda is\u0259 Az\u0259rbaycan Respublikas\u0131 Prezidenti yan\u0131nda D\u00f6vl\u0259t \u0130dar\u0259\u00e7ilik Akademiyas\u0131n\u0131n rektoru akademik, Urxan \u018fl\u0259kb\u0259rov, Milli M\u0259clisin H\u00fcquq Siyas\u0259ti v\u0259 D\u00f6vl\u0259t Quruculu\u011fu Komit\u0259sinin \u00fczv\u00fc Rafael C\u0259bray\u0131lov, Vergil\u0259r Nazirliyi yan\u0131nda Milli g\u0259lirl\u0259r departamentinin h\u00fcquqi \u015f\u0259xsl\u0259rin d\u00f6vl\u0259t qeydiyyat\u0131 idar\u0259sinin r\u0259isi Samir Seyid\u0259hm\u0259dli m\u00fcxt\u0259lif m\u00f6vzularda m\u00fchazir\u0259l\u0259rl\u0259 \u00e7\u0131x\u0131\u015f etmi\u015fl\u0259r.<\/p>\n\n\n\n<p>\u00a0\u00a0\u00a0\u00a0\u00a0\u00a0\u00a0\u00a0 Kurslar\u0131n sonunda Akademiyan\u0131n rektoru, akademik Urxan \u018fl\u0259kb\u0259rov v\u0259 Akademiyan\u0131n I t\u0259dris i\u015fl\u0259ri \u00fczr\u0259 prorektoru professor \u018flikram Abdullayev\u00a0 dinl\u0259yicil\u0259r qar\u015f\u0131s\u0131nda \u00e7\u0131x\u0131\u015f etmi\u015f v\u0259 onlara kursu m\u00fcv\u0259ff\u0259qiyy\u0259tl\u0259 bitirdikl\u0259rin\u0259 g\u00f6r\u0259 sertifikatlar t\u0259qdim etmi\u015fl\u0259r.<\/p>\n\n\n\n<p><\/p>\n\n\n\n<figure class=\"wp-container-2 wp-block-gallery-1 wp-block-gallery columns-3 is-cropped\"><ul class=\"blocks-gallery-grid\"><li class=\"blocks-gallery-item\"><figure><img width=\"640\" height=\"424\" src=\"https:\/\/dia.edu.az\/wp-content\/uploads\/2021\/03\/hemk1.jpg\" alt=\"\" data-id=\"12421\" data-full-url=\"https:\/\/dia.edu.az\/wp-content\/uploads\/2021\/03\/hemk1.jpg\" data-link=\"https:\/\/dia.edu.az\/?attachment_id=12421\" class=\"wp-image-12421\" srcset=\"https:\/\/legacy.dia.edu.az\/wp-content\/uploads\/2021\/03\/hemk1.jpg 640w, https:\/\/legacy.dia.edu.az\/wp-content\/uploads\/2021\/03\/hemk1-300x199.jpg 300w, https:\/\/legacy.dia.edu.az\/wp-content\/uploads\/2021\/03\/hemk1-16x12.jpg 16w, https:\/\/legacy.dia.edu.az\/wp-content\/uploads\/2021\/03\/hemk1-150x100.jpg 150w, https:\/\/legacy.dia.edu.az\/wp-content\/uploads\/2021\/03\/hemk1-300x199@2x.jpg 600w\" sizes=\"(max-width: 640px) 100vw, 640px\" \/><\/figure><\/li><li class=\"blocks-gallery-item\"><figure><img width=\"640\" height=\"424\" src=\"https:\/\/dia.edu.az\/wp-content\/uploads\/2021\/03\/hemk2.jpg\" alt=\"\" data-id=\"12422\" data-full-url=\"https:\/\/dia.edu.az\/wp-content\/uploads\/2021\/03\/hemk2.jpg\" data-link=\"https:\/\/dia.edu.az\/?attachment_id=12422\" class=\"wp-image-12422\" srcset=\"https:\/\/legacy.dia.edu.az\/wp-content\/uploads\/2021\/03\/hemk2.jpg 640w, https:\/\/legacy.dia.edu.az\/wp-content\/uploads\/2021\/03\/hemk2-300x199.jpg 300w, https:\/\/legacy.dia.edu.az\/wp-content\/uploads\/2021\/03\/hemk2-16x12.jpg 16w, https:\/\/legacy.dia.edu.az\/wp-content\/uploads\/2021\/03\/hemk2-150x100.jpg 150w, https:\/\/legacy.dia.edu.az\/wp-content\/uploads\/2021\/03\/hemk2-300x199@2x.jpg 600w\" sizes=\"(max-width: 640px) 100vw, 640px\" \/><\/figure><\/li><li class=\"blocks-gallery-item\"><figure><img width=\"640\" height=\"424\" src=\"https:\/\/dia.edu.az\/wp-content\/uploads\/2021\/03\/hemk3.jpg\" alt=\"\" data-id=\"12423\" data-full-url=\"https:\/\/dia.edu.az\/wp-content\/uploads\/2021\/03\/hemk3.jpg\" data-link=\"https:\/\/dia.edu.az\/?attachment_id=12423\" class=\"wp-image-12423\" srcset=\"https:\/\/legacy.dia.edu.az\/wp-content\/uploads\/2021\/03\/hemk3.jpg 640w, https:\/\/legacy.dia.edu.az\/wp-content\/uploads\/2021\/03\/hemk3-300x199.jpg 300w, https:\/\/legacy.dia.edu.az\/wp-content\/uploads\/2021\/03\/hemk3-16x12.jpg 16w, https:\/\/legacy.dia.edu.az\/wp-content\/uploads\/2021\/03\/hemk3-150x100.jpg 150w, https:\/\/legacy.dia.edu.az\/wp-content\/uploads\/2021\/03\/hemk3-300x199@2x.jpg 600w\" sizes=\"(max-width: 640px) 100vw, 640px\" \/><\/figure><\/li><li class=\"blocks-gallery-item\"><figure><img width=\"640\" height=\"424\" src=\"https:\/\/dia.edu.az\/wp-content\/uploads\/2021\/03\/hemk4.jpg\" alt=\"\" data-id=\"12424\" data-full-url=\"https:\/\/dia.edu.az\/wp-content\/uploads\/2021\/03\/hemk4.jpg\" data-link=\"https:\/\/dia.edu.az\/?attachment_id=12424\" class=\"wp-image-12424\" srcset=\"https:\/\/legacy.dia.edu.az\/wp-content\/uploads\/2021\/03\/hemk4.jpg 640w, https:\/\/legacy.dia.edu.az\/wp-content\/uploads\/2021\/03\/hemk4-300x199.jpg 300w, https:\/\/legacy.dia.edu.az\/wp-content\/uploads\/2021\/03\/hemk4-16x12.jpg 16w, https:\/\/legacy.dia.edu.az\/wp-content\/uploads\/2021\/03\/hemk4-150x100.jpg 150w, https:\/\/legacy.dia.edu.az\/wp-content\/uploads\/2021\/03\/hemk4-300x199@2x.jpg 600w\" sizes=\"(max-width: 640px) 100vw, 640px\" \/><\/figure><\/li><\/ul><\/figure>","protected":false},"excerpt":{"rendered":"<p>D\u00f6vl\u0259t \u0130dar\u0259\u00e7ilik Akademiyas\u0131nda \u00abAz\u0259rbaycan Respublikas\u0131n\u0131n g\u0259ncl\u0259r siyas\u0259ti\u00bb v\u0259 \u00abAz\u0259rbaycan d\u00f6vl\u0259t\u00e7iliyininn h\u00fcquqi \u0259saslar\u0131 v\u0259 inzibati islahatlar\u00bb istiqam\u0259tl\u0259ri \u00fczr\u0259 q\u0131sam\u00fcdd\u0259tli ixtisasart\u0131rma kurslar\u0131 v\u0259 \u201cPublik h\u00fcquqi \u015f\u0259xsl\u0259r\u201d m\u00f6vzusunda seminar ke\u00e7irilmi\u015fdirYan 31 , 2017 &#8211; 03:51 &nbsp; &nbsp; &nbsp; &nbsp; &nbsp; &nbsp; &nbsp;2017-ci il yanvar ay\u0131 \u0259rzind\u0259 Az\u0259rbaycan Respublikas\u0131n\u0131n Prezidenti yan\u0131nda D\u00f6vl\u0259t \u0130dar\u0259\u00e7ilik Akademiyas\u0131nda \u00abAz\u0259rbaycan Respublikas\u0131n\u0131n g\u0259ncl\u0259r siyas\u0259ti\u00bb v\u0259 [&hellip;]<\/p>","protected":false},"author":2,"featured_media":12424,"comment_status":"closed","ping_status":"closed","sticky":false,"template":"","format":"standard","meta":[],"categories":[137],"tags":[],"_links":{"self":[{"href":"https:\/\/legacy.dia.edu.az\/ru\/wp-json\/wp\/v2\/posts\/12420"}],"collection":[{"href":"https:\/\/legacy.dia.edu.az\/ru\/wp-json\/wp\/v2\/posts"}],"about":[{"href":"https:\/\/legacy.dia.edu.az\/ru\/wp-json\/wp\/v2\/types\/post"}],"author":[{"embeddable":true,"href":"https:\/\/legacy.dia.edu.az\/ru\/wp-json\/wp\/v2\/users\/2"}],"replies":[{"embeddable":true,"href":"https:\/\/legacy.dia.edu.az\/ru\/wp-json\/wp\/v2\/comments?post=12420"}],"version-history":[{"count":0,"href":"https:\/\/legacy.dia.edu.az\/ru\/wp-json\/wp\/v2\/posts\/12420\/revisions"}],"wp:featuredmedia":[{"embeddable":true,"href":"https:\/\/legacy.dia.edu.az\/ru\/wp-json\/wp\/v2\/media\/12424"}],"wp:attachment":[{"href":"https:\/\/legacy.dia.edu.az\/ru\/wp-json\/wp\/v2\/media?parent=12420"}],"wp:term":[{"taxonomy":"category","embeddable":true,"href":"https:\/\/legacy.dia.edu.az\/ru\/wp-json\/wp\/v2\/categories?post=12420"},{"taxonomy":"post_tag","embeddable":true,"href":"https:\/\/legacy.dia.edu.az\/ru\/wp-json\/wp\/v2\/tags?post=12420"}],"curies":[{"name":"wp","href":"https:\/\/api.w.org\/{rel}","templated":true}]}}