{"id":12411,"date":"2017-02-02T01:03:00","date_gmt":"2017-02-01T22:03:00","guid":{"rendered":"https:\/\/dia.edu.az\/?p=12411"},"modified":"2021-03-16T13:21:08","modified_gmt":"2021-03-16T10:21:08","slug":"kadr-potensiali-dovl%c9%99t-idar%c9%99etm%c9%99-sisteminin-%c9%99sas-t%c9%99rkib-hiss%c9%99l%c9%99rind%c9%99n-biridir","status":"publish","type":"post","link":"https:\/\/legacy.dia.edu.az\/ru\/arxivl\u0259r\/12411","title":{"rendered":"Kadr potensial\u0131 d\u00f6vl\u0259t idar\u0259etm\u0259 sisteminin \u0259sas t\u0259rkib hiss\u0259l\u0259rind\u0259n biridir"},"content":{"rendered":"<p><\/p>\n\n\n\n<p><strong>Kadr potensial\u0131 d\u00f6vl\u0259t idar\u0259etm\u0259 sisteminin \u0259sas t\u0259rkib hiss\u0259l\u0259rind\u0259n biridir<\/strong><br><em>Fev 02 , 2017 &#8211; 12:20<\/em><\/p>\n\n\n\n<p>28 yanvar 2017-ci il tarixind\u0259 Az\u0259rbaycan Respublikas\u0131n\u0131n Prezidenti yan\u0131nda D\u00f6vl\u0259t \u0130dar\u0259\u00e7ilik Akademiyas\u0131, Az\u0259rbaycan Respublikas\u0131n\u0131n Prezidenti yan\u0131nda V\u0259t\u0259nda\u015flara Xidm\u0259t v\u0259 Sosial \u0130nnovasiyalar \u00fczr\u0259 D\u00f6vl\u0259t Agentliyi v\u0259 Masall\u0131 rayon \u0130cra Hakimiyy\u0259tinin birg\u0259 t\u0259\u015fkilat\u00e7\u0131l\u0131\u011f\u0131 il\u0259 \u201cAz\u0259rbaycan\u0131n innovativ inki\u015faf modeli: s\u0259m\u0259r\u0259li idar\u0259etm\u0259 v\u0259 beyn\u0259lxalq qiym\u0259tl\u0259ndirm\u0259\u201d m\u00f6vzusunda n\u00f6vb\u0259ti seminar Masall\u0131 rayonunda ke\u00e7irilib.<\/p>\n\n\n\n<p>Masall\u0131 rayonununda f\u0259aliyy\u0259t g\u00f6str\u0259n m\u00fcxt\u0259lif d\u00f6vl\u0259t qurumlar\u0131n\u0131n \u0259m\u0259kda\u015flar\u0131 v\u0259 Masall\u0131 Asan Xidm\u0259t M\u0259rk\u0259zind\u0259 \u00e7al\u0131\u015fan d\u00f6vl\u0259t qulluq\u00e7ular\u0131 \u00fc\u00e7\u00fcn t\u0259\u015fkil edilmi\u015f seminarda Az\u0259rbaycan Respublikas\u0131n\u0131n Prezidenti yan\u0131nda D\u00f6vl\u0259t \u0130dar\u0259\u00e7ilik Akademiyas\u0131n\u0131n rektoru, akademik Urxan \u018fl\u0259kb\u0259rov, D\u00f6vl\u0259t \u0130dar\u0259\u00e7ilik Akademiyas\u0131n\u0131n \u201cSiyasi ara\u015fd\u0131rmalar institutu\u201dnun direktoru, mill\u0259t v\u0259kili professor Elman N\u0259sirov, D\u00f6vl\u0259t \u0130dar\u0259\u00e7ilik Akademiyas\u0131 \u201cElmi-T\u0259\u015fkilat\u201d \u015f\u00f6b\u0259sinin m\u00fcdiri, siyasi elml\u0259r \u00fczr\u0259 f\u0259ls\u0259f\u0259 doktoru, dosent R\u0259c\u0259b R\u0259himli m\u0259ruz\u0259 il\u0259 \u00e7\u0131x\u0131\u015f edibl\u0259r.<\/p>\n\n\n\n<p>D\u0130A-n\u0131n rektoru, akademik Urxan \u018fl\u0259kb\u0259rov \u201cAz\u0259rbaycan\u0131n innovativ davaml\u0131 inki\u015faf modeli: u\u011furlar beyn\u0259lxalq t\u0259\u015fkilatlar\u0131n s\u0259n\u0259dl\u0259rind\u0259 (2015-2016)\u201d m\u00f6vzusunda m\u0259ruz\u0259 edib. Akademik ulu \u00f6nd\u0259r Heyd\u0259r \u018fliyevin Az\u0259rbaycan d\u00f6vl\u0259ti v\u0259 xalq\u0131 qar\u015f\u0131s\u0131ndak\u0131 m\u00fcst\u0259sna xidm\u0259tl\u0259rind\u0259n, \u00dcmummilli Liderin z\u0259ngin siyasi irsinin, idar\u0259\u00e7ilik t\u0259cr\u00fcb\u0259sinin \u0259h\u0259miyy\u0259tind\u0259n dan\u0131\u015faraq deyib ki, \u00f6lk\u0259nin q\u0131sa zaman k\u0259siyind\u0259 iqtisadi v\u0259 sosial sah\u0259d\u0259 qazand\u0131\u011f\u0131 y\u00fcks\u0259k nailiyy\u0259tl\u0259r, XXI \u0259srin \u00e7a\u011f\u0131r\u0131\u015flar\u0131n\u0131n h\u0259llin\u0259 y\u00f6n\u0259ldilmi\u015f d\u00fcnya \u0259h\u0259miyy\u0259tli t\u0259\u015f\u0259bb\u00fcsl\u0259ri, g\u00fcnd\u0259n-g\u00fcn\u0259 artan beyn\u0259lxalq n\u00fcfuzu Az\u0259rbaycan\u0131 bir \u00e7ox istiqam\u0259tl\u0259rd\u0259 regional v\u0259 qlobal lider\u0259 \u00e7evirib. \u018fld\u0259 edilmi\u015f nailiyy\u0259tl\u0259rin \u0259sas\u0131nda Prezident \u0130lham \u018fliyevin h\u0259yata ke\u00e7irdiyi d\u00fc\u015f\u00fcn\u00fclm\u00fc\u015f innovativ inki\u015faf strategiyas\u0131 dayan\u0131r. Bu strategiyan\u0131n realla\u015fd\u0131r\u0131lmas\u0131nda d\u00f6vl\u0259t qurumlar\u0131 il\u0259 yana\u015f\u0131, v\u0259t\u0259nda\u015f c\u0259miyy\u0259tinin, Heyd\u0259r \u018fliyev Fondunun rolu x\u00fcsusi qeyd edilm\u0259lidir.<\/p>\n\n\n\n<p>\u00d6lk\u0259nin davaml\u0131 inki\u015faf\u0131n\u0131n \u0259sas amilinin insan potensial\u0131 oldu\u011funu vur\u011fulayan Urxan \u018fl\u0259kb\u0259rov qeyd edib ki, davaml\u0131 inki\u015faf d\u00fcnyan\u0131n \u0259n b\u00f6y\u00fck prioriteti oldu\u011fu \u00fc\u00e7\u00fcn BMT-nin 2015-ci ild\u0259 ke\u00e7iril\u0259n yubiley sessiyas\u0131 v\u0259 dig\u0259r m\u00fch\u00fcm beyn\u0259lxalq sammitl\u0259r d\u0259 bu m\u00f6vzuya h\u0259sr olunub. 2015-2030-cu ill\u0259r \u00fc\u00e7\u00fcn q\u0259bul edilmi\u015f m\u0259qs\u0259dl\u0259r \u201cDavaml\u0131 inki\u015faf h\u0259d\u0259fl\u0259ri\u201d kimi tarix\u0259 d\u00fc\u015f\u00fcb. Az\u0259rbaycan h\u0259min t\u0259dbirl\u0259rd\u0259n \u00e7ox \u0259vv\u0259l davaml\u0131 inki\u015faf\u0131 d\u00f6vl\u0259t strategiyas\u0131n\u0131n prioritet istiqam\u0259ti kimi q\u0259bul edib. Respublikam\u0131z\u0131n \u201cB\u00f6y\u00fck yeddilik\u201d \u00f6lk\u0259l\u0259ri il\u0259 m\u00fcqayis\u0259d\u0259 n\u0259z\u0259r\u0259\u00e7arpan inki\u015faf g\u00f6st\u0259ricil\u0259rini diqq\u0259t\u0259 \u00e7atd\u0131ran akademik deyib ki, bu m\u00fch\u00fcm iqtisadi nailiyy\u0259tl\u0259r Erm\u0259nistanla m\u00fcnaqi\u015f\u0259 v\u0259 torpaqlar\u0131m\u0131z\u0131n 20 faizinin i\u015f\u011fal\u0131 fonunda qazan\u0131l\u0131b. \u00d6lk\u0259mizin bu probleml\u0259ri olmasayd\u0131, qazan\u0131lacaq u\u011furlar\u0131n miqyas\u0131 daha b\u00f6y\u00fck ola bil\u0259rdi.<\/p>\n\n\n\n<p>Urxan \u018fl\u0259kb\u0259rovun \u00f6lk\u0259mizin innovativ t\u0259r\u0259qqisi il\u0259 ba\u011fl\u0131 BMT v\u0259 dig\u0259r n\u00fcfuzlu beyn\u0259lxalq qurumlar\u0131n 2016-c\u0131 il \u00fc\u00e7\u00fcn qiym\u0259tl\u0259ndirm\u0259l\u0259rin\u0259 \u0259saslanan \u00e7\u0131x\u0131\u015f\u0131 zaman\u0131 Az\u0259rbaycan\u0131n davaml\u0131 inki\u015faf\u0131n\u0131 \u0259ks etdir\u0259n nailiyy\u0259tl\u0259r, m\u00fcxt\u0259lif sah\u0259l\u0259r \u00fczr\u0259 g\u00f6st\u0259ricil\u0259r monitorda n\u00fcmayi\u015f olunub.<\/p>\n\n\n\n<p>Seminarda \u00e7\u0131x\u0131\u015f ed\u0259n Mill\u0259t V\u0259kili, D\u0130A-n\u0131n Siyasi Ara\u015fd\u0131rmalar \u0130nstitutunun direktoru, siyasi elml\u0259r doktoru, professor Elman N\u0259sirov v\u0259 D\u0130A-n\u0131n Elmi t\u0259\u015fkilat \u015f\u00f6b\u0259sinin m\u00fcdiri, siyasi elml\u0259r \u00fczr\u0259 f\u0259ls\u0259f\u0259 doktoru, dosent R\u0259c\u0259b R\u0259himli \u201cvur\u011fulay\u0131blar ki, \u00f6t\u0259n \u0259srin 90-c\u0131 ill\u0259rinin ortalar\u0131ndan etibar\u0259n \u00f6lk\u0259miz ulu \u00f6nd\u0259r Heyd\u0259r \u018fliyevin r\u0259hb\u0259rliyi il\u0259 t\u0259dric\u0259n dir\u00e7\u0259lm\u0259y\u0259 v\u0259 taley\u00fckl\u00fc probleml\u0259rin h\u0259lli istiqam\u0259tind\u0259 inaml\u0131 add\u0131mlar atma\u011fa ba\u015flay\u0131b. Bu ill\u0259r \u0259rzind\u0259 d\u00f6vl\u0259t m\u00fcst\u0259qilliyimiz m\u00f6hk\u0259ml\u0259nib, \u00f6lk\u0259 daxilind\u0259 siyasi sabitliy\u0259 nail olunub, Az\u0259rbaycan f\u0259lak\u0259td\u0259n xilas edilib. Ulu \u00d6nd\u0259rin formala\u015fd\u0131rd\u0131\u011f\u0131 siyas\u0259t bu g\u00fcn onun layiqli davam\u00e7\u0131s\u0131, Prezident \u0130lham \u018fliyev t\u0259r\u0259find\u0259n u\u011furla davam etdirilir. \u00c7\u0131x\u0131\u015flarda c\u0259nab Prezident t\u0259r\u0259find\u0259n 2017-ci ilin \u201c\u0130slam H\u0259mr\u0259yliyi\u201d ili elan edilm\u0259sinin \u0259h\u0259miyy\u0259ti, d\u00f6vl\u0259t qullu\u011funda kadr ehtiyat\u0131n\u0131n normativ-h\u00fcquqi t\u0259nziml\u0259nm\u0259si, m\u00fcasir \u00e7a\u011f\u0131r\u0131\u015flara cavab ver\u0259n kreativ kadr potensial\u0131n\u0131n formala\u015fd\u0131r\u0131lmas\u0131 v\u0259 idar\u0259edilm\u0259si m\u0259s\u0259l\u0259l\u0259rin\u0259 diqq\u0259t \u00e7\u0259kilib. M\u0259ruz\u0259l\u0259rd\u0259n sonra seminar i\u015ftirak\u00e7\u0131lar\u0131n\u0131n maraqland\u0131ran suallar cavabland\u0131r\u0131l\u0131b.<\/p>\n\n\n\n<p><\/p>\n\n\n\n<figure class=\"wp-container-2 wp-block-gallery-1 wp-block-gallery columns-3 is-cropped\"><ul class=\"blocks-gallery-grid\"><li class=\"blocks-gallery-item\"><figure><img width=\"640\" height=\"427\" src=\"https:\/\/dia.edu.az\/wp-content\/uploads\/2021\/03\/mas1.jpg\" alt=\"\" data-id=\"12412\" data-full-url=\"https:\/\/dia.edu.az\/wp-content\/uploads\/2021\/03\/mas1.jpg\" data-link=\"https:\/\/dia.edu.az\/?attachment_id=12412\" class=\"wp-image-12412\" srcset=\"https:\/\/legacy.dia.edu.az\/wp-content\/uploads\/2021\/03\/mas1.jpg 640w, https:\/\/legacy.dia.edu.az\/wp-content\/uploads\/2021\/03\/mas1-300x200.jpg 300w, https:\/\/legacy.dia.edu.az\/wp-content\/uploads\/2021\/03\/mas1-16x12.jpg 16w, https:\/\/legacy.dia.edu.az\/wp-content\/uploads\/2021\/03\/mas1-150x100.jpg 150w, https:\/\/legacy.dia.edu.az\/wp-content\/uploads\/2021\/03\/mas1-300x200@2x.jpg 600w\" sizes=\"(max-width: 640px) 100vw, 640px\" \/><\/figure><\/li><li class=\"blocks-gallery-item\"><figure><img src=\"https:\/\/dia.edu.az\/wp-content\/uploads\/2021\/03\/mas2.jpg\" alt=\"\" data-id=\"12413\" data-full-url=\"https:\/\/dia.edu.az\/wp-content\/uploads\/2021\/03\/mas2.jpg\" data-link=\"https:\/\/dia.edu.az\/?attachment_id=12413\" class=\"wp-image-12413\"\/><\/figure><\/li><li class=\"blocks-gallery-item\"><figure><img width=\"640\" height=\"427\" src=\"https:\/\/dia.edu.az\/wp-content\/uploads\/2021\/03\/mas3.jpg\" alt=\"\" data-id=\"12414\" data-full-url=\"https:\/\/dia.edu.az\/wp-content\/uploads\/2021\/03\/mas3.jpg\" data-link=\"https:\/\/dia.edu.az\/?attachment_id=12414\" class=\"wp-image-12414\" srcset=\"https:\/\/legacy.dia.edu.az\/wp-content\/uploads\/2021\/03\/mas3.jpg 640w, https:\/\/legacy.dia.edu.az\/wp-content\/uploads\/2021\/03\/mas3-300x200.jpg 300w, https:\/\/legacy.dia.edu.az\/wp-content\/uploads\/2021\/03\/mas3-16x12.jpg 16w, https:\/\/legacy.dia.edu.az\/wp-content\/uploads\/2021\/03\/mas3-150x100.jpg 150w, https:\/\/legacy.dia.edu.az\/wp-content\/uploads\/2021\/03\/mas3-300x200@2x.jpg 600w\" sizes=\"(max-width: 640px) 100vw, 640px\" \/><\/figure><\/li><li class=\"blocks-gallery-item\"><figure><img width=\"640\" height=\"427\" src=\"https:\/\/dia.edu.az\/wp-content\/uploads\/2021\/03\/mas4.jpg\" alt=\"\" data-id=\"12415\" data-full-url=\"https:\/\/dia.edu.az\/wp-content\/uploads\/2021\/03\/mas4.jpg\" data-link=\"https:\/\/dia.edu.az\/?attachment_id=12415\" class=\"wp-image-12415\" srcset=\"https:\/\/legacy.dia.edu.az\/wp-content\/uploads\/2021\/03\/mas4.jpg 640w, https:\/\/legacy.dia.edu.az\/wp-content\/uploads\/2021\/03\/mas4-300x200.jpg 300w, https:\/\/legacy.dia.edu.az\/wp-content\/uploads\/2021\/03\/mas4-16x12.jpg 16w, https:\/\/legacy.dia.edu.az\/wp-content\/uploads\/2021\/03\/mas4-150x100.jpg 150w, https:\/\/legacy.dia.edu.az\/wp-content\/uploads\/2021\/03\/mas4-300x200@2x.jpg 600w\" sizes=\"(max-width: 640px) 100vw, 640px\" \/><\/figure><\/li><li class=\"blocks-gallery-item\"><figure><img width=\"640\" height=\"427\" src=\"https:\/\/dia.edu.az\/wp-content\/uploads\/2021\/03\/mas5.jpg\" alt=\"\" data-id=\"12416\" data-full-url=\"https:\/\/dia.edu.az\/wp-content\/uploads\/2021\/03\/mas5.jpg\" data-link=\"https:\/\/dia.edu.az\/?attachment_id=12416\" class=\"wp-image-12416\" srcset=\"https:\/\/legacy.dia.edu.az\/wp-content\/uploads\/2021\/03\/mas5.jpg 640w, https:\/\/legacy.dia.edu.az\/wp-content\/uploads\/2021\/03\/mas5-300x200.jpg 300w, https:\/\/legacy.dia.edu.az\/wp-content\/uploads\/2021\/03\/mas5-16x12.jpg 16w, https:\/\/legacy.dia.edu.az\/wp-content\/uploads\/2021\/03\/mas5-150x100.jpg 150w, https:\/\/legacy.dia.edu.az\/wp-content\/uploads\/2021\/03\/mas5-300x200@2x.jpg 600w\" sizes=\"(max-width: 640px) 100vw, 640px\" \/><\/figure><\/li><li class=\"blocks-gallery-item\"><figure><img width=\"640\" height=\"427\" src=\"https:\/\/dia.edu.az\/wp-content\/uploads\/2021\/03\/mas6.jpg\" alt=\"\" data-id=\"12417\" data-full-url=\"https:\/\/dia.edu.az\/wp-content\/uploads\/2021\/03\/mas6.jpg\" data-link=\"https:\/\/dia.edu.az\/?attachment_id=12417\" class=\"wp-image-12417\" srcset=\"https:\/\/legacy.dia.edu.az\/wp-content\/uploads\/2021\/03\/mas6.jpg 640w, https:\/\/legacy.dia.edu.az\/wp-content\/uploads\/2021\/03\/mas6-300x200.jpg 300w, https:\/\/legacy.dia.edu.az\/wp-content\/uploads\/2021\/03\/mas6-16x12.jpg 16w, https:\/\/legacy.dia.edu.az\/wp-content\/uploads\/2021\/03\/mas6-150x100.jpg 150w, https:\/\/legacy.dia.edu.az\/wp-content\/uploads\/2021\/03\/mas6-300x200@2x.jpg 600w\" sizes=\"(max-width: 640px) 100vw, 640px\" \/><\/figure><\/li><li class=\"blocks-gallery-item\"><figure><img width=\"640\" height=\"427\" src=\"https:\/\/dia.edu.az\/wp-content\/uploads\/2021\/03\/mas11.jpg\" alt=\"\" data-id=\"12418\" data-full-url=\"https:\/\/dia.edu.az\/wp-content\/uploads\/2021\/03\/mas11.jpg\" data-link=\"https:\/\/dia.edu.az\/?attachment_id=12418\" class=\"wp-image-12418\" srcset=\"https:\/\/legacy.dia.edu.az\/wp-content\/uploads\/2021\/03\/mas11.jpg 640w, https:\/\/legacy.dia.edu.az\/wp-content\/uploads\/2021\/03\/mas11-300x200.jpg 300w, https:\/\/legacy.dia.edu.az\/wp-content\/uploads\/2021\/03\/mas11-16x12.jpg 16w, https:\/\/legacy.dia.edu.az\/wp-content\/uploads\/2021\/03\/mas11-150x100.jpg 150w, https:\/\/legacy.dia.edu.az\/wp-content\/uploads\/2021\/03\/mas11-300x200@2x.jpg 600w\" sizes=\"(max-width: 640px) 100vw, 640px\" \/><\/figure><\/li><\/ul><\/figure>","protected":false},"excerpt":{"rendered":"<p>Kadr potensial\u0131 d\u00f6vl\u0259t idar\u0259etm\u0259 sisteminin \u0259sas t\u0259rkib hiss\u0259l\u0259rind\u0259n biridirFev 02 , 2017 &#8211; 12:20 28 yanvar 2017-ci il tarixind\u0259 Az\u0259rbaycan Respublikas\u0131n\u0131n Prezidenti yan\u0131nda D\u00f6vl\u0259t \u0130dar\u0259\u00e7ilik Akademiyas\u0131, Az\u0259rbaycan Respublikas\u0131n\u0131n Prezidenti yan\u0131nda V\u0259t\u0259nda\u015flara Xidm\u0259t v\u0259 Sosial \u0130nnovasiyalar \u00fczr\u0259 D\u00f6vl\u0259t Agentliyi v\u0259 Masall\u0131 rayon \u0130cra Hakimiyy\u0259tinin birg\u0259 t\u0259\u015fkilat\u00e7\u0131l\u0131\u011f\u0131 il\u0259 \u201cAz\u0259rbaycan\u0131n innovativ inki\u015faf modeli: s\u0259m\u0259r\u0259li idar\u0259etm\u0259 v\u0259 beyn\u0259lxalq qiym\u0259tl\u0259ndirm\u0259\u201d [&hellip;]<\/p>","protected":false},"author":2,"featured_media":12414,"comment_status":"closed","ping_status":"closed","sticky":false,"template":"","format":"standard","meta":[],"categories":[137],"tags":[],"_links":{"self":[{"href":"https:\/\/legacy.dia.edu.az\/ru\/wp-json\/wp\/v2\/posts\/12411"}],"collection":[{"href":"https:\/\/legacy.dia.edu.az\/ru\/wp-json\/wp\/v2\/posts"}],"about":[{"href":"https:\/\/legacy.dia.edu.az\/ru\/wp-json\/wp\/v2\/types\/post"}],"author":[{"embeddable":true,"href":"https:\/\/legacy.dia.edu.az\/ru\/wp-json\/wp\/v2\/users\/2"}],"replies":[{"embeddable":true,"href":"https:\/\/legacy.dia.edu.az\/ru\/wp-json\/wp\/v2\/comments?post=12411"}],"version-history":[{"count":0,"href":"https:\/\/legacy.dia.edu.az\/ru\/wp-json\/wp\/v2\/posts\/12411\/revisions"}],"wp:featuredmedia":[{"embeddable":true,"href":"https:\/\/legacy.dia.edu.az\/ru\/wp-json\/wp\/v2\/media\/12414"}],"wp:attachment":[{"href":"https:\/\/legacy.dia.edu.az\/ru\/wp-json\/wp\/v2\/media?parent=12411"}],"wp:term":[{"taxonomy":"category","embeddable":true,"href":"https:\/\/legacy.dia.edu.az\/ru\/wp-json\/wp\/v2\/categories?post=12411"},{"taxonomy":"post_tag","embeddable":true,"href":"https:\/\/legacy.dia.edu.az\/ru\/wp-json\/wp\/v2\/tags?post=12411"}],"curies":[{"name":"wp","href":"https:\/\/api.w.org\/{rel}","templated":true}]}}