{"id":12408,"date":"2017-02-09T01:00:00","date_gmt":"2017-02-08T22:00:00","guid":{"rendered":"https:\/\/dia.edu.az\/?p=12408"},"modified":"2021-03-16T01:01:05","modified_gmt":"2021-03-15T22:01:05","slug":"dovl%c9%99t-idar%c9%99cilik-akademiyasinda-turkiy%c9%99nin-dovl%c9%99t-qulluqculari-ucun-seminar-kecirilib","status":"publish","type":"post","link":"https:\/\/legacy.dia.edu.az\/ru\/arxivl\u0259r\/12408","title":{"rendered":"D\u00f6vl\u0259t \u0130dar\u0259\u00e7ilik Akademiyas\u0131nda T\u00fcrkiy\u0259nin d\u00f6vl\u0259t qulluq\u00e7ular\u0131 \u00fc\u00e7\u00fcn seminar ke\u00e7irilib"},"content":{"rendered":"<p><\/p>\n\n\n\n<p><strong>D\u00f6vl\u0259t \u0130dar\u0259\u00e7ilik Akademiyas\u0131nda T\u00fcrkiy\u0259nin d\u00f6vl\u0259t qulluq\u00e7ular\u0131 \u00fc\u00e7\u00fcn seminar ke\u00e7irilib<\/strong><br><em>Fev 09 , 2017 &#8211; 12:19<\/em><\/p>\n\n\n\n<p>Fevral\u0131n 9-da Az\u0259rbaycan Respublikas\u0131n\u0131n Prezidenti yan\u0131nda D\u00f6vl\u0259t \u0130dar\u0259\u00e7ilik Akademiyas\u0131 (D\u0130A) il\u0259 T\u00fcrkiy\u0259 v\u0259 Orta \u015e\u0259rq D\u00f6vl\u0259t \u0130dar\u0259etm\u0259 \u0130nstitutu aras\u0131nda imzalanm\u0131\u015f anla\u015fma protokolu \u00e7\u0259r\u00e7iv\u0259sind\u0259 birg\u0259 yarad\u0131lan Qafqaz D\u00f6vl\u0259t \u0130dar\u0259\u00e7iliyi Ara\u015fd\u0131rma v\u0259 T\u0259dris M\u0259rk\u0259zind\u0259 T\u00fcrkiy\u0259nin d\u00f6vl\u0259t qulluq\u00e7ular\u0131 \u00fc\u00e7\u00fcn seminar ke\u00e7irilib.<\/p>\n\n\n\n<p>Seminarda T\u00fcrkiy\u0259nin T\u0259hsil, Xarici \u0130\u015fl\u0259r, S\u0259hiyy\u0259, N\u0259qliyyat, D\u0259niz\u00e7ilik v\u0259 \u0130nformasiya nazirlikl\u0259ri, Ankara B\u00f6y\u00fck \u015e\u0259h\u0259r B\u0259l\u0259diyy\u0259si v\u0259 dig\u0259r m\u0259rk\u0259zi qurumlar\u0131n d\u00f6vl\u0259t qulluq\u00e7ular\u0131ndan ibar\u0259t hey\u0259ti i\u015ftirak edib.<\/p>\n\n\n\n<p>Seminar\u0131n i\u015fin\u0259 u\u011furlar arzulayan D\u0130A-n\u0131n rektoru, akademik Urxan \u018fl\u0259kb\u0259rov \u00f6lk\u0259mizd\u0259 unikal idar\u0259\u00e7ilik texnologiyalar\u0131n\u0131n t\u0259tbiqi, \u00e7evik d\u00f6vl\u0259t idar\u0259etm\u0259 sisteminin formala\u015fmas\u0131, elm\u0259 \u0259saslanan innovativ inki\u015faf strategiyas\u0131n\u0131n realla\u015fd\u0131r\u0131lmas\u0131, d\u00f6vl\u0259t quruculu\u011fu v\u0259 d\u00f6vl\u0259t qullu\u011funun inki\u015faf\u0131 prosesl\u0259rind\u0259 \u00fcmummilli lider Heyd\u0259r \u018fliyevin, onun layiqli davam\u00e7\u0131s\u0131 Prezident \u0130lham \u018fliyevin misilsiz xidm\u0259tl\u0259rini qeyd edib. Rektor vur\u011fulay\u0131b ki, \u00f6lk\u0259nin q\u0131sa m\u00fcdd\u0259td\u0259 iqtisadi v\u0259 sosial sah\u0259d\u0259 qazand\u0131\u011f\u0131 y\u00fcks\u0259k nailiyy\u0259tl\u0259ri, XXI \u0259srin \u00e7a\u011f\u0131r\u0131\u015flar\u0131n\u0131n h\u0259llin\u0259 y\u00f6n\u0259lmi\u015f d\u00fcnya \u0259h\u0259miyy\u0259tli t\u0259\u015f\u0259bb\u00fcsl\u0259ri, ild\u0259n-il\u0259 artan beyn\u0259lxalq n\u00fcfuzu Az\u0259rbaycan\u0131 bir \u00e7ox istiqam\u0259tl\u0259rd\u0259 regional v\u0259 qlobal lider\u0259 \u00e7evirib. Qeyd edilib ki, son 10 ild\u0259 \u00f6lk\u0259mizd\u0259 davaml\u0131 inki\u015faf \u00fc\u00e7\u00fcn iqtisadi baza yarad\u0131l\u0131b. Eyni zamanda, m\u0259lumat verilib ki, Az\u0259rbaycan son ill\u0259rd\u0259 bir \u00e7ox davaml\u0131 inki\u015faf g\u00f6st\u0259ricil\u0259ri v\u0259 sosial indikatorlara g\u00f6r\u0259, \u201cB\u00f6y\u00fck \u0130yirmilik\u201d v\u0259 \u201cB\u00f6y\u00fck Yeddilik\u201d \u00f6lk\u0259l\u0259rinin \u0259ks\u0259riyy\u0259tini \u00fcst\u0259l\u0259yir, yaln\u0131z Kanada, Almaniya kimi \u00f6lk\u0259l\u0259rd\u0259n geri qal\u0131r. U.\u018fl\u0259kb\u0259rov vur\u011fulay\u0131b ki, bu u\u011furlar\u0131n k\u00f6k\u00fcnd\u0259 yaln\u0131z yax\u015f\u0131 idar\u0259\u00e7ilik v\u0259 d\u00f6vl\u0259t institutlar\u0131n\u0131n, v\u0259t\u0259nda\u015f c\u0259miyy\u0259tinin v\u0259 \u00f6z\u0259l sektorun f\u0259aliyy\u0259tinin kombinasiyas\u0131 dayan\u0131r. Bu istiqam\u0259td\u0259 Heyd\u0259r \u018fliyev Fondunun, bu qurumun prezidenti, UNESCO-nun v\u0259 \u0130SESCO-nun xo\u015fm\u0259raml\u0131 s\u0259firi Mehriban xan\u0131m \u018fliyevan\u0131n f\u0259aliyy\u0259ti olduqca \u0259h\u0259miyy\u0259tlidir.<\/p>\n\n\n\n<p>T\u00fcrkiy\u0259 v\u0259 Orta \u015e\u0259rq D\u00f6vl\u0259t \u0130dar\u0259etm\u0259 \u0130nstitutunun n\u00fcmay\u0259nd\u0259si Yas\u0259m\u0259n Y\u0131ld\u0131r\u0131m is\u0259 \u00e7\u0131x\u0131\u015f\u0131nda Az\u0259rbaycan v\u0259 T\u00fcrkiy\u0259nin regionun g\u00fcc m\u0259rk\u0259zl\u0259ri olmaqla yana\u015f\u0131, eyni zamanda, elm, bilik m\u0259rk\u0259zi kimi formala\u015fmas\u0131 bax\u0131m\u0131ndan \u0259h\u0259miyy\u0259tin\u0259 diqq\u0259t \u00e7\u0259kib. T\u00fcrkiy\u0259li qonaq h\u0259r iki \u00f6lk\u0259nin d\u00f6vl\u0259t qulluq\u00e7ular\u0131n\u0131n t\u0259cr\u00fcb\u0259 m\u00fcbadil\u0259sinin apar\u0131lmas\u0131n\u0131, kadr potensial\u0131n\u0131n t\u0259kmill\u0259\u015fdirilm\u0259si sah\u0259sind\u0259 h\u0259yata ke\u00e7iril\u0259n t\u0259\u015f\u0259bb\u00fcsl\u0259ri y\u00fcks\u0259k qiym\u0259tl\u0259ndirib.<\/p>\n\n\n\n<p>D\u0130A-n\u0131n Siyasi Ara\u015fd\u0131rmalar \u0130nstitutunun direktoru, Milli M\u0259clisin deputat\u0131, professor Elman N\u0259sirov \u201cAz\u0259rbaycan-T\u00fcrkiy\u0259 m\u00fcnasib\u0259tl\u0259ri\u201d m\u00f6vzusunda m\u0259ruz\u0259sind\u0259 iki \u00f6lk\u0259 aras\u0131ndak\u0131 strateji \u0259m\u0259kda\u015fl\u0131\u011f\u0131n g\u00fccl\u0259ndirilm\u0259sin\u0259 veril\u0259n t\u00f6hf\u0259l\u0259r, bu \u0259m\u0259kda\u015fl\u0131\u011f\u0131n perspektivl\u0259r\u0131 v\u0259 dig\u0259r strateji \u0259h\u0259miyy\u0259t k\u0259sb ed\u0259n m\u0259s\u0259l\u0259l\u0259r bar\u0259d\u0259 fikirl\u0259rini b\u00f6l\u00fc\u015f\u00fcb. Qeyd edib ki, T\u00fcrkiy\u0259-Az\u0259rbaycan \u0259laq\u0259l\u0259ri, h\u0259qiq\u0259t\u0259n, m\u00fck\u0259mm\u0259l s\u0259viyy\u0259d\u0259dir.<\/p>\n\n\n\n<p>Daha sonra elmi t\u0259\u015fkilat \u015f\u00f6b\u0259sinin m\u00fcdiri, dosent R\u0259c\u0259b R\u0259himli, D\u0130A-n\u0131n R\u0259hb\u0259r D\u00f6vl\u0259t \u0130dar\u0259\u00e7iliyi Kadrlar\u0131n\u0131n \u0130xtisas\u0131n\u0131n Art\u0131r\u0131lmas\u0131 \u0130nstitutunun direktoru, professor G\u00fclnar\u0259 Qurbanova, D\u0130A-n\u0131n analitik t\u0259hlil \u00fczr\u0259 m\u00fc\u015faviri, dosent Ziyaf\u0259t H\u0259bibova, d\u00f6vl\u0259t qullu\u011fu v\u0259 kadr siyas\u0259ti kafedras\u0131n\u0131n dosenti Murtaza H\u0259s\u0259nov \u00e7\u0131x\u0131\u015f ed\u0259r\u0259k \u00f6lk\u0259nin taley\u00fckl\u00fc probleml\u0259rinin h\u0259lli v\u0259 d\u00f6vl\u0259t idar\u0259etm\u0259 sistemi istiqam\u0259tind\u0259 apar\u0131lan islahatlar\u0131, qazan\u0131lan u\u011furlar\u0131 xat\u0131rlad\u0131blar. Natiql\u0259r d\u00f6vl\u0259t idar\u0259\u00e7iliyi sah\u0259sind\u0259 d\u0259 apar\u0131lan islahatlar\u0131n u\u011furlu n\u0259tic\u0259l\u0259rind\u0259n v\u0259 \u0259h\u0259miyy\u0259tind\u0259n dan\u0131\u015f\u0131blar. \u00d6lk\u0259mizd\u0259 h\u0259yata ke\u00e7iril\u0259n t\u0259dbirl\u0259rin insan potensial\u0131n\u0131n keyfiyy\u0259tinin y\u00fcks\u0259ldilm\u0259si il\u0259 yana\u015f\u0131, dinamik inki\u015faf ed\u0259n c\u0259miyy\u0259tin t\u0259l\u0259bl\u0259rin\u0259 cavab ver\u0259n d\u00f6vl\u0259t idar\u0259\u00e7iliyi sisteminin qurulmas\u0131nda da m\u00fch\u00fcm rol oynad\u0131\u011f\u0131 qeyd edilib.<\/p>\n\n\n\n<p>\u00c7\u0131x\u0131\u015flarda d\u00f6vl\u0259timizin ba\u015f\u00e7\u0131s\u0131 t\u0259r\u0259find\u0259n 2017-ci ilin \u201c\u0130slam H\u0259mr\u0259yliyi \u0130li\u201d elan edilm\u0259sinin \u0259h\u0259miyy\u0259ti, d\u00f6vl\u0259t qullu\u011funda kadr ehtiyat\u0131n\u0131n normativ-h\u00fcquqi t\u0259nziml\u0259nm\u0259si, m\u00fcasir \u00e7a\u011f\u0131r\u0131\u015flara cavab ver\u0259n kreativ n\u0259slin formala\u015fd\u0131r\u0131lmas\u0131 v\u0259 idar\u0259edilm\u0259si m\u0259s\u0259l\u0259l\u0259rin\u0259 diqq\u0259t \u00e7\u0259kilib.<\/p>\n\n\n\n<p>Sonra seminar i\u015ftirak\u00e7\u0131lar\u0131n\u0131n suallar\u0131 cavabland\u0131r\u0131l\u0131b.<\/p>\n\n\n\n<p><\/p>\n\n\n\n<figure class=\"wp-container-2 wp-block-gallery-1 wp-block-gallery columns-1 is-cropped\"><ul class=\"blocks-gallery-grid\"><li class=\"blocks-gallery-item\"><figure><img width=\"640\" height=\"424\" src=\"https:\/\/dia.edu.az\/wp-content\/uploads\/2021\/03\/TOD1.jpg\" alt=\"\" data-id=\"12409\" data-full-url=\"https:\/\/dia.edu.az\/wp-content\/uploads\/2021\/03\/TOD1.jpg\" data-link=\"https:\/\/dia.edu.az\/?attachment_id=12409\" class=\"wp-image-12409\" srcset=\"https:\/\/legacy.dia.edu.az\/wp-content\/uploads\/2021\/03\/TOD1.jpg 640w, https:\/\/legacy.dia.edu.az\/wp-content\/uploads\/2021\/03\/TOD1-300x199.jpg 300w, https:\/\/legacy.dia.edu.az\/wp-content\/uploads\/2021\/03\/TOD1-16x12.jpg 16w, https:\/\/legacy.dia.edu.az\/wp-content\/uploads\/2021\/03\/TOD1-150x100.jpg 150w, https:\/\/legacy.dia.edu.az\/wp-content\/uploads\/2021\/03\/TOD1-300x199@2x.jpg 600w\" sizes=\"(max-width: 640px) 100vw, 640px\" \/><\/figure><\/li><\/ul><\/figure>","protected":false},"excerpt":{"rendered":"<p>D\u00f6vl\u0259t \u0130dar\u0259\u00e7ilik Akademiyas\u0131nda T\u00fcrkiy\u0259nin d\u00f6vl\u0259t qulluq\u00e7ular\u0131 \u00fc\u00e7\u00fcn seminar ke\u00e7irilibFev 09 , 2017 &#8211; 12:19 Fevral\u0131n 9-da Az\u0259rbaycan Respublikas\u0131n\u0131n Prezidenti yan\u0131nda D\u00f6vl\u0259t \u0130dar\u0259\u00e7ilik Akademiyas\u0131 (D\u0130A) il\u0259 T\u00fcrkiy\u0259 v\u0259 Orta \u015e\u0259rq D\u00f6vl\u0259t \u0130dar\u0259etm\u0259 \u0130nstitutu aras\u0131nda imzalanm\u0131\u015f anla\u015fma protokolu \u00e7\u0259r\u00e7iv\u0259sind\u0259 birg\u0259 yarad\u0131lan Qafqaz D\u00f6vl\u0259t \u0130dar\u0259\u00e7iliyi Ara\u015fd\u0131rma v\u0259 T\u0259dris M\u0259rk\u0259zind\u0259 T\u00fcrkiy\u0259nin d\u00f6vl\u0259t qulluq\u00e7ular\u0131 \u00fc\u00e7\u00fcn seminar ke\u00e7irilib. Seminarda T\u00fcrkiy\u0259nin T\u0259hsil, [&hellip;]<\/p>","protected":false},"author":2,"featured_media":12409,"comment_status":"closed","ping_status":"closed","sticky":false,"template":"","format":"standard","meta":[],"categories":[137],"tags":[],"_links":{"self":[{"href":"https:\/\/legacy.dia.edu.az\/ru\/wp-json\/wp\/v2\/posts\/12408"}],"collection":[{"href":"https:\/\/legacy.dia.edu.az\/ru\/wp-json\/wp\/v2\/posts"}],"about":[{"href":"https:\/\/legacy.dia.edu.az\/ru\/wp-json\/wp\/v2\/types\/post"}],"author":[{"embeddable":true,"href":"https:\/\/legacy.dia.edu.az\/ru\/wp-json\/wp\/v2\/users\/2"}],"replies":[{"embeddable":true,"href":"https:\/\/legacy.dia.edu.az\/ru\/wp-json\/wp\/v2\/comments?post=12408"}],"version-history":[{"count":0,"href":"https:\/\/legacy.dia.edu.az\/ru\/wp-json\/wp\/v2\/posts\/12408\/revisions"}],"wp:featuredmedia":[{"embeddable":true,"href":"https:\/\/legacy.dia.edu.az\/ru\/wp-json\/wp\/v2\/media\/12409"}],"wp:attachment":[{"href":"https:\/\/legacy.dia.edu.az\/ru\/wp-json\/wp\/v2\/media?parent=12408"}],"wp:term":[{"taxonomy":"category","embeddable":true,"href":"https:\/\/legacy.dia.edu.az\/ru\/wp-json\/wp\/v2\/categories?post=12408"},{"taxonomy":"post_tag","embeddable":true,"href":"https:\/\/legacy.dia.edu.az\/ru\/wp-json\/wp\/v2\/tags?post=12408"}],"curies":[{"name":"wp","href":"https:\/\/api.w.org\/{rel}","templated":true}]}}