{"id":12403,"date":"2017-02-15T00:55:00","date_gmt":"2017-02-14T21:55:00","guid":{"rendered":"https:\/\/dia.edu.az\/?p=12403"},"modified":"2021-03-16T00:59:32","modified_gmt":"2021-03-15T21:59:32","slug":"gork%c9%99mli-dovl%c9%99t-v%c9%99-elm-xadimi-%c9%99ziz-%c9%99liyevin-anadan-olmasinin-120-illik-yubileyin%c9%99-h%c9%99sr-edilmis-elmi-konfrans","status":"publish","type":"post","link":"https:\/\/legacy.dia.edu.az\/ru\/arxivl\u0259r\/12403","title":{"rendered":"G\u00f6rk\u0259mli d\u00f6vl\u0259t v\u0259 elm xadimi \u018fziz \u018fliyevin anadan olmas\u0131n\u0131n 120 illik yubileyin\u0259 h\u0259sr edilmi\u015f elmi konfrans"},"content":{"rendered":"<p><strong>G\u00f6rk\u0259mli d\u00f6vl\u0259t v\u0259 elm xadimi \u018fziz \u018fliyevin anadan olmas\u0131n\u0131n 120 illik yubileyin\u0259 h\u0259sr edilmi\u015f elmi konfrans<\/strong><br><em>Fev 15 , 2017 &#8211; 04:32<\/em><\/p>\n\n\n\n<p class=\"has-text-align-left\">Fevral\u0131n&nbsp;15-d\u0259&nbsp;Az\u0259rbaycanRespublikas\u0131n\u0131nPrezidentiyan\u0131ndaD\u00f6vl\u0259t&nbsp;\u0130dar\u0259\u00e7ilikAkademiyas\u0131 (D\u0130A)&nbsp;v\u0259&nbsp;Heyd\u0259r&nbsp;\u018fliyevM\u0259rk\u0259zininbirg\u0259&nbsp;t\u0259\u015fkilat\u00e7\u0131l\u0131\u011f\u0131&nbsp;il\u0259&nbsp;f\u0259aliyy\u0259tg\u00f6st\u0259r\u0259n&nbsp;\u201cHeyd\u0259r&nbsp;\u018fliyevD\u00f6vl\u0259t&nbsp;\u0130dar\u0259\u00e7iliyiM\u0259kt\u0259bi\u201dnd\u0259&nbsp;g\u00f6rk\u0259mlid\u00f6vl\u0259tv\u0259&nbsp;elmxadimi&nbsp;\u018fziz&nbsp;\u018fliyevinanadanolmas\u0131n\u0131n&nbsp;120&nbsp;illikyubileyin\u0259&nbsp;h\u0259sredilmi\u015f&nbsp;elmikonfranske\u00e7irilib.<\/p>\n\n\n\n<p class=\"has-text-align-left\">T\u0259dbird\u0259&nbsp;D\u0130A-n\u0131nrektoru,&nbsp;akademikUrxan&nbsp;\u018fl\u0259kb\u0259rovPrezident&nbsp;\u0130lham&nbsp;\u018fliyevin&nbsp;\u201cAz\u0259rbaycan\u0131ng\u00f6rk\u0259mlid\u00f6vl\u0259tv\u0259&nbsp;elmxadimi&nbsp;\u018fziz&nbsp;\u018fliyevin&nbsp;120&nbsp;illikyubileyininke\u00e7irilm\u0259sihaqq\u0131nda\u201d&nbsp;S\u0259r\u0259ncam\u0131n\u0131n&nbsp;\u0259h\u0259miyy\u0259tind\u0259ndan\u0131\u015f\u0131b.<\/p>\n\n\n\n<p class=\"has-text-align-left\">G\u00f6rk\u0259mlialiminz\u0259nginh\u0259yatv\u0259&nbsp;f\u0259aliyy\u0259tind\u0259nb\u0259hsed\u0259nrektoronunparlaqz\u0259kas\u0131&nbsp;v\u0259&nbsp;qabiliyy\u0259tiil\u0259&nbsp;i\u015fl\u0259diyisah\u0259l\u0259rd\u0259&nbsp;b\u00f6y\u00fckn\u00fcfuzqazand\u0131\u011f\u0131n\u0131,&nbsp;s\u0259m\u0259r\u0259liidar\u0259\u00e7ilikf\u0259aliyy\u0259tin\u0259tic\u0259sind\u0259&nbsp;d\u00f6vl\u0259torqanlar\u0131nday\u00fcks\u0259kv\u0259zif\u0259l\u0259r\u0259&nbsp;ir\u0259li&nbsp;\u00e7\u0259kildiyinidiqq\u0259t\u0259 \u00e7atd\u0131r\u0131b.<\/p>\n\n\n\n<p class=\"has-text-align-left\">Qeyd olunub ki, \u018fziz \u018fliyev Az\u0259rbaycan D\u00f6vl\u0259t Tibb \u0130nstitutunun, Bak\u0131 D\u00f6vl\u0259t Universitetinin rektoru i\u015fl\u0259yib, s\u0259hiyy\u0259 sistemind\u0259 m\u00fch\u00fcm v\u0259zif\u0259l\u0259rd\u0259 \u00e7al\u0131\u015f\u0131b, Az\u0259rbaycan KP MK-n\u0131n katibi, Da\u011f\u0131stan Vilay\u0259t Partiya Komit\u0259sinin birinci katibi olub v\u0259 s\u0259m\u0259r\u0259li xidm\u0259tl\u0259r g\u00f6st\u0259rib.<\/p>\n\n\n\n<p class=\"has-text-align-left\">Akademik U.\u018fl\u0259kb\u0259rov \u018fziz \u018fliyevin elmin, tibb t\u0259hsilinin inki\u015faf\u0131nda, y\u00fcks\u0259k ixtisasl\u0131 m\u00fct\u0259x\u0259ssisl\u0259rin haz\u0131rlanmas\u0131nda m\u00fcst\u0259sna rolunu vur\u011fulay\u0131b.<\/p>\n\n\n\n<p class=\"has-text-align-left\">T\u0259dbird\u0259 g\u00f6rk\u0259mli alim v\u0259 ictimai xadim \u018fziz \u018fliyevin h\u0259yat v\u0259 f\u0259aliyy\u0259tind\u0259n b\u0259hs ed\u0259n film g\u00f6st\u0259rilib.<\/p>\n\n\n\n<p class=\"has-text-align-left\">Sonra Milli M\u0259clisin deputat\u0131, professor Musa Qas\u0131ml\u0131n\u0131n \u201c\u018fziz \u018fliyevin f\u0259aliyy\u0259ti arxiv s\u0259n\u0259dl\u0259rind\u0259\u201d, Az\u0259rbaycan Milli Elml\u0259r Akademiyas\u0131 Tarix \u0130nstitutunun \u015f\u00f6b\u0259 m\u00fcdiri, tarix elml\u0259ri doktoru Sevinc \u018fliyevan\u0131n \u201cDa\u011f\u0131stan \u018fziz \u018fliyevin r\u0259hb\u0259rliyi d\u00f6vr\u00fcnd\u0259\u201d, \u018fziz \u018fliyev haqq\u0131nda kitab\u0131n v\u0259 filmin m\u00fc\u0259llifi Tahir Tal\u0131bl\u0131n\u0131n \u201c\u018fziz \u018fliyev: h\u0259yat\u0131 v\u0259 m\u00fchiti\u201d, \u018fziz \u018fliyevin n\u0259v\u0259si Tamfira \u018fliyevan\u0131n \u201c\u018fziz \u018fliyev xatir\u0259l\u0259rd\u0259\u201d m\u00f6vzular\u0131nda m\u0259ruz\u0259l\u0259ri dinl\u0259nilib.<\/p>\n\n\n\n<p class=\"has-text-align-left\">M\u0259ruz\u0259\u00e7il\u0259r g\u00f6rk\u0259mli \u015f\u0259xsiyy\u0259t \u018fziz \u018fliyevin m\u00fcxt\u0259lif m\u0259sul v\u0259zif\u0259l\u0259rd\u0259 \u00e7al\u0131\u015fmaqla d\u00f6vl\u0259t idar\u0259\u00e7iliyinin t\u0259kmill\u0259\u015fdirilm\u0259sind\u0259 s\u0259m\u0259r\u0259li f\u0259aliyy\u0259t g\u00f6st\u0259rm\u0259sind\u0259n, do\u011fma V\u0259t\u0259n v\u0259 xalq qar\u015f\u0131s\u0131ndak\u0131 m\u00fcst\u0259sna xidm\u0259tl\u0259rind\u0259n b\u0259hs edibl\u0259r.<\/p>\n\n\n\n<p class=\"has-text-align-left\">Qeyd olunub ki, Da\u011f\u0131stan Vilay\u0259t Partiya Komit\u0259sinin birinci katibi v\u0259zif\u0259sind\u0259 \u00e7al\u0131\u015fark\u0259n \u018fziz \u018fliyev Da\u011f\u0131standa b\u00fct\u00fcn sah\u0259l\u0259rd\u0259 b\u00f6y\u00fck ir\u0259lil\u0259yi\u015fl\u0259r\u0259 nail olub, Az\u0259rbaycan-Da\u011f\u0131stan dostlu\u011funun daha da m\u00f6hk\u0259ml\u0259nm\u0259sin\u0259 \u0259v\u0259zsiz t\u00f6hf\u0259l\u0259r verib.&nbsp;B\u00f6y\u00fck \u015f\u0259xsiyy\u0259t \u018fziz \u018fliyevin ad\u0131n\u0131n \u0259b\u0259dil\u0259\u015fdirilm\u0259si \u00fc\u00e7\u00fcn Da\u011f\u0131standa Maha\u00e7qalan\u0131n m\u0259rk\u0259zi k\u00fc\u00e7\u0259l\u0259rind\u0259n birin\u0259 onun ad\u0131 verilib, burada heyk\u0259li ucald\u0131l\u0131b.<\/p>\n\n\n\n<p class=\"has-text-align-left\">Natiql\u0259r g\u00f6rk\u0259mli d\u00f6vl\u0259t v\u0259 elm xadimi \u018fziz \u018fliyevin \u0259ziz xatir\u0259sinin \u00fcr\u0259kl\u0259rd\u0259 daim ya\u015fayaca\u011f\u0131n\u0131 vur\u011fulay\u0131blar.<\/p>\n\n\n\n<p><\/p>\n\n\n\n<figure class=\"wp-container-2 wp-block-gallery-1 wp-block-gallery columns-2 is-cropped\"><ul class=\"blocks-gallery-grid\"><li class=\"blocks-gallery-item\"><figure><img width=\"640\" height=\"433\" src=\"https:\/\/dia.edu.az\/wp-content\/uploads\/2021\/03\/16804836_708240336020589_1330098890_o.jpg\" alt=\"\" data-id=\"12404\" data-full-url=\"https:\/\/dia.edu.az\/wp-content\/uploads\/2021\/03\/16804836_708240336020589_1330098890_o.jpg\" data-link=\"https:\/\/dia.edu.az\/?attachment_id=12404\" class=\"wp-image-12404\" srcset=\"https:\/\/legacy.dia.edu.az\/wp-content\/uploads\/2021\/03\/16804836_708240336020589_1330098890_o.jpg 640w, https:\/\/legacy.dia.edu.az\/wp-content\/uploads\/2021\/03\/16804836_708240336020589_1330098890_o-300x203.jpg 300w, https:\/\/legacy.dia.edu.az\/wp-content\/uploads\/2021\/03\/16804836_708240336020589_1330098890_o-16x12.jpg 16w, https:\/\/legacy.dia.edu.az\/wp-content\/uploads\/2021\/03\/16804836_708240336020589_1330098890_o-150x100.jpg 150w, https:\/\/legacy.dia.edu.az\/wp-content\/uploads\/2021\/03\/16804836_708240336020589_1330098890_o-300x203@2x.jpg 600w\" sizes=\"(max-width: 640px) 100vw, 640px\" \/><\/figure><\/li><li class=\"blocks-gallery-item\"><figure><img width=\"640\" height=\"424\" src=\"https:\/\/dia.edu.az\/wp-content\/uploads\/2021\/03\/16804992_708240339353922_1575910744_o.jpg\" alt=\"\" data-id=\"12405\" data-full-url=\"https:\/\/dia.edu.az\/wp-content\/uploads\/2021\/03\/16804992_708240339353922_1575910744_o.jpg\" data-link=\"https:\/\/dia.edu.az\/?attachment_id=12405\" class=\"wp-image-12405\" srcset=\"https:\/\/legacy.dia.edu.az\/wp-content\/uploads\/2021\/03\/16804992_708240339353922_1575910744_o.jpg 640w, https:\/\/legacy.dia.edu.az\/wp-content\/uploads\/2021\/03\/16804992_708240339353922_1575910744_o-300x199.jpg 300w, https:\/\/legacy.dia.edu.az\/wp-content\/uploads\/2021\/03\/16804992_708240339353922_1575910744_o-16x12.jpg 16w, https:\/\/legacy.dia.edu.az\/wp-content\/uploads\/2021\/03\/16804992_708240339353922_1575910744_o-150x100.jpg 150w, https:\/\/legacy.dia.edu.az\/wp-content\/uploads\/2021\/03\/16804992_708240339353922_1575910744_o-300x199@2x.jpg 600w\" sizes=\"(max-width: 640px) 100vw, 640px\" \/><\/figure><\/li><\/ul><\/figure>","protected":false},"excerpt":{"rendered":"<p>G\u00f6rk\u0259mli d\u00f6vl\u0259t v\u0259 elm xadimi \u018fziz \u018fliyevin anadan olmas\u0131n\u0131n 120 illik yubileyin\u0259 h\u0259sr edilmi\u015f elmi konfransFev 15 , 2017 &#8211; 04:32 Fevral\u0131n&nbsp;15-d\u0259&nbsp;Az\u0259rbaycanRespublikas\u0131n\u0131nPrezidentiyan\u0131ndaD\u00f6vl\u0259t&nbsp;\u0130dar\u0259\u00e7ilikAkademiyas\u0131 (D\u0130A)&nbsp;v\u0259&nbsp;Heyd\u0259r&nbsp;\u018fliyevM\u0259rk\u0259zininbirg\u0259&nbsp;t\u0259\u015fkilat\u00e7\u0131l\u0131\u011f\u0131&nbsp;il\u0259&nbsp;f\u0259aliyy\u0259tg\u00f6st\u0259r\u0259n&nbsp;\u201cHeyd\u0259r&nbsp;\u018fliyevD\u00f6vl\u0259t&nbsp;\u0130dar\u0259\u00e7iliyiM\u0259kt\u0259bi\u201dnd\u0259&nbsp;g\u00f6rk\u0259mlid\u00f6vl\u0259tv\u0259&nbsp;elmxadimi&nbsp;\u018fziz&nbsp;\u018fliyevinanadanolmas\u0131n\u0131n&nbsp;120&nbsp;illikyubileyin\u0259&nbsp;h\u0259sredilmi\u015f&nbsp;elmikonfranske\u00e7irilib. T\u0259dbird\u0259&nbsp;D\u0130A-n\u0131nrektoru,&nbsp;akademikUrxan&nbsp;\u018fl\u0259kb\u0259rovPrezident&nbsp;\u0130lham&nbsp;\u018fliyevin&nbsp;\u201cAz\u0259rbaycan\u0131ng\u00f6rk\u0259mlid\u00f6vl\u0259tv\u0259&nbsp;elmxadimi&nbsp;\u018fziz&nbsp;\u018fliyevin&nbsp;120&nbsp;illikyubileyininke\u00e7irilm\u0259sihaqq\u0131nda\u201d&nbsp;S\u0259r\u0259ncam\u0131n\u0131n&nbsp;\u0259h\u0259miyy\u0259tind\u0259ndan\u0131\u015f\u0131b. G\u00f6rk\u0259mlialiminz\u0259nginh\u0259yatv\u0259&nbsp;f\u0259aliyy\u0259tind\u0259nb\u0259hsed\u0259nrektoronunparlaqz\u0259kas\u0131&nbsp;v\u0259&nbsp;qabiliyy\u0259tiil\u0259&nbsp;i\u015fl\u0259diyisah\u0259l\u0259rd\u0259&nbsp;b\u00f6y\u00fckn\u00fcfuzqazand\u0131\u011f\u0131n\u0131,&nbsp;s\u0259m\u0259r\u0259liidar\u0259\u00e7ilikf\u0259aliyy\u0259tin\u0259tic\u0259sind\u0259&nbsp;d\u00f6vl\u0259torqanlar\u0131nday\u00fcks\u0259kv\u0259zif\u0259l\u0259r\u0259&nbsp;ir\u0259li&nbsp;\u00e7\u0259kildiyinidiqq\u0259t\u0259 \u00e7atd\u0131r\u0131b. Qeyd olunub ki, \u018fziz \u018fliyev Az\u0259rbaycan D\u00f6vl\u0259t Tibb \u0130nstitutunun, Bak\u0131 D\u00f6vl\u0259t Universitetinin rektoru i\u015fl\u0259yib, s\u0259hiyy\u0259 sistemind\u0259 m\u00fch\u00fcm v\u0259zif\u0259l\u0259rd\u0259 \u00e7al\u0131\u015f\u0131b, Az\u0259rbaycan KP MK-n\u0131n katibi, Da\u011f\u0131stan Vilay\u0259t Partiya Komit\u0259sinin birinci katibi [&hellip;]<\/p>","protected":false},"author":2,"featured_media":12404,"comment_status":"closed","ping_status":"closed","sticky":false,"template":"","format":"standard","meta":[],"categories":[137],"tags":[],"_links":{"self":[{"href":"https:\/\/legacy.dia.edu.az\/ru\/wp-json\/wp\/v2\/posts\/12403"}],"collection":[{"href":"https:\/\/legacy.dia.edu.az\/ru\/wp-json\/wp\/v2\/posts"}],"about":[{"href":"https:\/\/legacy.dia.edu.az\/ru\/wp-json\/wp\/v2\/types\/post"}],"author":[{"embeddable":true,"href":"https:\/\/legacy.dia.edu.az\/ru\/wp-json\/wp\/v2\/users\/2"}],"replies":[{"embeddable":true,"href":"https:\/\/legacy.dia.edu.az\/ru\/wp-json\/wp\/v2\/comments?post=12403"}],"version-history":[{"count":0,"href":"https:\/\/legacy.dia.edu.az\/ru\/wp-json\/wp\/v2\/posts\/12403\/revisions"}],"wp:featuredmedia":[{"embeddable":true,"href":"https:\/\/legacy.dia.edu.az\/ru\/wp-json\/wp\/v2\/media\/12404"}],"wp:attachment":[{"href":"https:\/\/legacy.dia.edu.az\/ru\/wp-json\/wp\/v2\/media?parent=12403"}],"wp:term":[{"taxonomy":"category","embeddable":true,"href":"https:\/\/legacy.dia.edu.az\/ru\/wp-json\/wp\/v2\/categories?post=12403"},{"taxonomy":"post_tag","embeddable":true,"href":"https:\/\/legacy.dia.edu.az\/ru\/wp-json\/wp\/v2\/tags?post=12403"}],"curies":[{"name":"wp","href":"https:\/\/api.w.org\/{rel}","templated":true}]}}