{"id":12382,"date":"2017-03-07T00:43:00","date_gmt":"2017-03-06T21:43:00","guid":{"rendered":"https:\/\/dia.edu.az\/?p=12382"},"modified":"2021-03-16T00:47:10","modified_gmt":"2021-03-15T21:47:10","slug":"8-mart-2","status":"publish","type":"post","link":"https:\/\/legacy.dia.edu.az\/ru\/arxivl\u0259r\/12382","title":{"rendered":"8 Mart"},"content":{"rendered":"<p><\/p>\n\n\n\n<p><\/p>\n\n\n\n<p><strong>8 Mart<\/strong><br><em>Mart 07 , 2017 &#8211; 10:40<\/em><\/p>\n\n\n\n<h2><strong>8 mart \u2013 Beyn\u0259lxalq Qad\u0131nlar G\u00fcn\u00fc m\u00fcnasib\u0259ti il\u0259&nbsp;<\/strong><\/h2>\n\n\n\n<h2><strong>Az\u0259rbaycan qad\u0131nlar\u0131na t\u0259brik<\/strong><\/h2>\n\n\n\n<p>H\u00f6rm\u0259tli xan\u0131mlar!&nbsp;<\/p>\n\n\n\n<p>Sizi Beyn\u0259lxalq Qad\u0131nlar G\u00fcn\u00fc m\u00fcnasib\u0259ti il\u0259 s\u0259mimi q\u0259lbd\u0259n t\u0259brik edir, ham\u0131n\u0131za cansa\u011fl\u0131\u011f\u0131, s\u0259ad\u0259t v\u0259 g\u0259l\u0259c\u0259k i\u015fl\u0259rinizd\u0259 u\u011furlar arzulay\u0131ram.<\/p>\n\n\n\n<p>Az\u0259rbaycan qad\u0131n\u0131n\u0131n tarix\u0259n c\u0259miyy\u0259td\u0259 tutdu\u011fu m\u00f6vqeyin, h\u0259yat\u0131m\u0131z\u0131n b\u00fct\u00fcn sah\u0259l\u0259rind\u0259 m\u00fch\u00fcm nailiyy\u0259tl\u0259r\u0259 yol a\u00e7an v\u0259 inki\u015faf\u0131m\u0131z\u0131 t\u0259min ed\u0259n ba\u015fl\u0131ca amil kimi m\u00fcst\u0259sna \u0259h\u0259miyy\u0259ti vard\u0131r. \u00d6t\u0259n \u0259srin ilk onillikl\u0259rind\u0259, d\u00fcnyan\u0131n bir \u00e7ox qabaqc\u0131l \u00f6lk\u0259l\u0259rinin qad\u0131nlar\u0131ndan xeyli \u0259vv\u0259l se\u00e7ib-se\u00e7ilm\u0259k h\u00fcququ qazanan qad\u0131nlar\u0131m\u0131z z\u0259ngin ictimai-siyasi f\u0259aliyy\u0259tl\u0259ri say\u0259sind\u0259 \u00e7oxsayl\u0131 m\u00fcv\u0259ff\u0259qiyy\u0259tl\u0259r \u0259ld\u0259 etmi\u015fl\u0259r. Bu ilin respublikam\u0131zda \u201c\u0130slam H\u0259mr\u0259yliyi \u0130li\u201d elan edilm\u0259si il\u0259 \u0259laq\u0259dar x\u00fcsusi vur\u011fulamaq laz\u0131md\u0131r ki, m\u0259d\u0259niyy\u0259tin, inc\u0259s\u0259n\u0259tin, elmin v\u0259 t\u0259hsilin m\u00fcxt\u0259lif istiqam\u0259tl\u0259ri \u00fczr\u0259 m\u00fcs\u0259lman \u015e\u0259rqind\u0259 qad\u0131nlar aras\u0131nda ilk add\u0131mlar\u0131 m\u0259hz onlar atm\u0131\u015flar. G\u0259nc xan\u0131mlar\u0131m\u0131z\u0131n n\u0259sill\u0259rin m\u0259n\u0259vi varisliyi prinsipini bu g\u00fcn d\u0259 qorumaqla \u00f6zl\u0259rinin maarifp\u0259rv\u0259r s\u0259l\u0259fl\u0259rinin l\u0259yaq\u0259tli davam\u00e7\u0131lar\u0131na \u00e7evrilm\u0259l\u0259ri sevindirici hald\u0131r.<\/p>\n\n\n\n<p>\u00c7ox\u0259srlik m\u0259d\u0259ni irsimizin t\u0259\u015f\u0259kk\u00fcl\u00fcnd\u0259 misilsiz xidm\u0259tl\u0259r\u0259 malik Az\u0259rbaycan qad\u0131n\u0131 d\u00fcnyaya b\u0259\u015f\u0259r m\u0259d\u0259niyy\u0259ti x\u0259zin\u0259sinin incil\u0259rini yaradan g\u00f6rk\u0259mli \u0259dibl\u0259r, tarixi \u015f\u0259xsiyy\u0259tl\u0259r, tan\u0131nm\u0131\u015f elm v\u0259 s\u0259n\u0259t adamlar\u0131 b\u0259x\u015f etmi\u015fdir. Milli varl\u0131\u011f\u0131m\u0131z\u0131n ifad\u0259si olaraq \u0259xlaqi-m\u0259n\u0259vi s\u0259rv\u0259tl\u0259rimizin v\u0259 m\u0259d\u0259ni-tarixi d\u0259y\u0259rl\u0259rimizin, ke\u00e7mi\u015fimizin \u0259n m\u00fcr\u0259kk\u0259b d\u00f6vrl\u0259rind\u0259 bel\u0259, qorunub ya\u015fad\u0131lmas\u0131 bilavasit\u0259 onun ad\u0131yla ba\u011fl\u0131d\u0131r.<\/p>\n\n\n\n<p>Ana m\u0259fhumu minill\u0259rd\u0259n b\u0259ri xalq\u0131m\u0131z\u0131n t\u0259f\u0259kk\u00fcr\u00fcnd\u0259 do\u011fma yurdu, v\u0259t\u0259n torpa\u011f\u0131n\u0131 v\u0259 dilimizi t\u0259c\u0259ss\u00fcm etdirmi\u015fdir. Analar\u0131m\u0131z az\u0259rbaycan\u00e7\u0131l\u0131q m\u0259fkur\u0259sin\u0259 sadiq layiqli \u00f6vladlar\u0131n t\u0259rbiy\u0259si \u00fc\u00e7\u00fcn \u00fcz\u0259rl\u0259rin\u0259 d\u00fc\u015f\u0259n v\u0259zif\u0259nin \u00f6hd\u0259sind\u0259n bu g\u00fcn d\u0259 \u015f\u0259r\u0259fl\u0259 g\u0259lirl\u0259r. \u0130ndi \u00fcr\u0259yi \u00f6lk\u0259miz\u0259 h\u0259dsiz sevgiyl\u0259 dolu, v\u0259t\u0259ni ana q\u0259d\u0259r m\u00fcq\u0259dd\u0259s bil\u0259r\u0259k torpaqlar\u0131m\u0131z\u0131n h\u0259r qar\u0131\u015f\u0131n\u0131 qoruma\u011fa haz\u0131r olan, m\u00fcst\u0259qilliyimizl\u0259 ya\u015f\u0131d bir n\u0259sil yeti\u015fmi\u015fdir. Bu, Az\u0259rbaycan qad\u0131n\u0131n\u0131n m\u00fcasir d\u00f6vl\u0259t\u00e7iliyimiz\u0259 \u0259n b\u00f6y\u00fck t\u00f6hf\u0259sidir.<\/p>\n\n\n\n<p>\u0130nan\u0131ram ki, y\u00fcks\u0259k m\u0259n\u0259viyyat\u0131n\u0131z v\u0259 qurub-yaratmaq \u0259zminizl\u0259 siz c\u0259miyy\u0259timizin h\u0259yat\u0131na bundan sonra da yeni \u00e7alarlar g\u0259tir\u0259r\u0259k daim yenil\u0259\u015f\u0259n \u00f6lk\u0259mizin m\u00fcst\u0259qillik salnam\u0259sin\u0259 parlaq s\u0259hif\u0259l\u0259r yazacaqs\u0131n\u0131z.<\/p>\n\n\n\n<p>D\u0259rin h\u00f6rm\u0259t v\u0259 ehtiramla,<\/p>\n\n\n\n<p>\u0130lham \u018fliyev<\/p>\n\n\n\n<p>Az\u0259rbaycan Respublikas\u0131n\u0131n Prezidenti<\/p>\n\n\n\n<p>Bak\u0131 \u015f\u0259h\u0259ri, 6 mart 2017-ci il.<\/p>\n\n\n\n<p><\/p>\n\n\n\n<figure class=\"wp-container-2 wp-block-gallery-1 wp-block-gallery columns-1 is-cropped\"><ul class=\"blocks-gallery-grid\"><li class=\"blocks-gallery-item\"><figure><img width=\"960\" height=\"720\" src=\"https:\/\/dia.edu.az\/wp-content\/uploads\/2021\/03\/8m.jpg\" alt=\"\" data-id=\"12383\" data-full-url=\"https:\/\/dia.edu.az\/wp-content\/uploads\/2021\/03\/8m.jpg\" data-link=\"https:\/\/dia.edu.az\/?attachment_id=12383\" class=\"wp-image-12383\" srcset=\"https:\/\/legacy.dia.edu.az\/wp-content\/uploads\/2021\/03\/8m.jpg 960w, https:\/\/legacy.dia.edu.az\/wp-content\/uploads\/2021\/03\/8m-300x225.jpg 300w, https:\/\/legacy.dia.edu.az\/wp-content\/uploads\/2021\/03\/8m-16x12.jpg 16w, https:\/\/legacy.dia.edu.az\/wp-content\/uploads\/2021\/03\/8m-300x225@2x.jpg 600w\" sizes=\"(max-width: 960px) 100vw, 960px\" \/><\/figure><\/li><\/ul><\/figure>","protected":false},"excerpt":{"rendered":"<p>8 MartMart 07 , 2017 &#8211; 10:40 8 mart \u2013 Beyn\u0259lxalq Qad\u0131nlar G\u00fcn\u00fc m\u00fcnasib\u0259ti il\u0259&nbsp; Az\u0259rbaycan qad\u0131nlar\u0131na t\u0259brik H\u00f6rm\u0259tli xan\u0131mlar!&nbsp; Sizi Beyn\u0259lxalq Qad\u0131nlar G\u00fcn\u00fc m\u00fcnasib\u0259ti il\u0259 s\u0259mimi q\u0259lbd\u0259n t\u0259brik edir, ham\u0131n\u0131za cansa\u011fl\u0131\u011f\u0131, s\u0259ad\u0259t v\u0259 g\u0259l\u0259c\u0259k i\u015fl\u0259rinizd\u0259 u\u011furlar arzulay\u0131ram. Az\u0259rbaycan qad\u0131n\u0131n\u0131n tarix\u0259n c\u0259miyy\u0259td\u0259 tutdu\u011fu m\u00f6vqeyin, h\u0259yat\u0131m\u0131z\u0131n b\u00fct\u00fcn sah\u0259l\u0259rind\u0259 m\u00fch\u00fcm nailiyy\u0259tl\u0259r\u0259 yol a\u00e7an v\u0259 inki\u015faf\u0131m\u0131z\u0131 t\u0259min ed\u0259n [&hellip;]<\/p>","protected":false},"author":2,"featured_media":12383,"comment_status":"closed","ping_status":"closed","sticky":false,"template":"","format":"standard","meta":[],"categories":[137],"tags":[],"_links":{"self":[{"href":"https:\/\/legacy.dia.edu.az\/ru\/wp-json\/wp\/v2\/posts\/12382"}],"collection":[{"href":"https:\/\/legacy.dia.edu.az\/ru\/wp-json\/wp\/v2\/posts"}],"about":[{"href":"https:\/\/legacy.dia.edu.az\/ru\/wp-json\/wp\/v2\/types\/post"}],"author":[{"embeddable":true,"href":"https:\/\/legacy.dia.edu.az\/ru\/wp-json\/wp\/v2\/users\/2"}],"replies":[{"embeddable":true,"href":"https:\/\/legacy.dia.edu.az\/ru\/wp-json\/wp\/v2\/comments?post=12382"}],"version-history":[{"count":0,"href":"https:\/\/legacy.dia.edu.az\/ru\/wp-json\/wp\/v2\/posts\/12382\/revisions"}],"wp:featuredmedia":[{"embeddable":true,"href":"https:\/\/legacy.dia.edu.az\/ru\/wp-json\/wp\/v2\/media\/12383"}],"wp:attachment":[{"href":"https:\/\/legacy.dia.edu.az\/ru\/wp-json\/wp\/v2\/media?parent=12382"}],"wp:term":[{"taxonomy":"category","embeddable":true,"href":"https:\/\/legacy.dia.edu.az\/ru\/wp-json\/wp\/v2\/categories?post=12382"},{"taxonomy":"post_tag","embeddable":true,"href":"https:\/\/legacy.dia.edu.az\/ru\/wp-json\/wp\/v2\/tags?post=12382"}],"curies":[{"name":"wp","href":"https:\/\/api.w.org\/{rel}","templated":true}]}}