{"id":12345,"date":"2017-04-01T00:21:00","date_gmt":"2017-03-31T21:21:00","guid":{"rendered":"https:\/\/dia.edu.az\/?p=12345"},"modified":"2021-03-16T00:22:58","modified_gmt":"2021-03-15T21:22:58","slug":"g%c9%99ncl%c9%99r-quba-soyqirimi-memorial-kompleksini-ziyar%c9%99t-edibl%c9%99r","status":"publish","type":"post","link":"https:\/\/legacy.dia.edu.az\/ru\/arxivl\u0259r\/12345","title":{"rendered":"G\u0259ncl\u0259r Quba Soyq\u0131r\u0131m\u0131 Memorial Kompleksini ziyar\u0259t edibl\u0259r"},"content":{"rendered":"<p><strong>G\u0259ncl\u0259r Quba Soyq\u0131r\u0131m\u0131 Memorial Kompleksini ziyar\u0259t edibl\u0259r<\/strong><br><em>Apr 01 , 2017 &#8211; 10:31<\/em><\/p>\n\n\n\n<p>Mart\u0131n 31-d\u0259 Az\u0259rbaycan Respublikas\u0131n\u0131n Prezidenti yan\u0131nda D\u00f6vl\u0259t \u0130dar\u0259\u00e7ilik Akademiyas\u0131 (D\u0130A) t\u0259l\u0259b\u0259 g\u0259ncl\u0259r t\u0259\u015fkilat\u0131n\u0131n f\u0259allar\u0131, Az\u0259rbaycan Respublikas\u0131n\u0131n Prezidenti yan\u0131nda Bilik Fondunun n\u0259zdind\u0259 yarad\u0131lan \u201cTariximizi \u00f6yr\u0259n\u0259k v\u0259 \u00f6yr\u0259d\u0259k\u201d G\u0259ncl\u0259r Klubunun \u00fczvl\u0259ri Qubaya s\u0259f\u0259r edibl\u0259r.<\/p>\n\n\n\n<p>Erm\u0259ni mill\u0259t\u00e7il\u0259ri t\u0259r\u0259find\u0259n 1918-ci il mart\u0131n 31-d\u0259 Az\u0259rbaycan\u0131n \u0259ks\u0259r b\u00f6lg\u0259l\u0259rind\u0259 t\u00f6r\u0259dil\u0259n soyq\u0131r\u0131m\u0131n\u0131n 99-cu ild\u00f6n\u00fcm\u00fc il\u0259 \u0259laq\u0259dar Quba Soyq\u0131r\u0131m\u0131 Memorial Kompleksini ziyar\u0259t ed\u0259n g\u0259ncl\u0259r\u0259 h\u0259min d\u00f6vrd\u0259 xalq\u0131m\u0131z\u0131n ya\u015fad\u0131\u011f\u0131 faci\u0259l\u0259r tarixi faktlar v\u0259 \u0259yani s\u00fcbutlarla izah olunub.<\/p>\n\n\n\n<p>D\u0130A-n\u0131n humanitar v\u0259 sosial m\u0259s\u0259l\u0259l\u0259r \u00fczr\u0259 prorektoru Mehdi Abdullayev t\u0259l\u0259b\u0259l\u0259r\u0259 erm\u0259ni mill\u0259t\u00e7il\u0259rinin XX \u0259srin \u0259vv\u0259ll\u0259rind\u0259n etibar\u0259n Az\u0259rbaycan torpaqlar\u0131nda t\u00f6r\u0259tdikl\u0259ri v\u0259h\u015filikl\u0259r bar\u0259d\u0259 m\u0259lumat ver\u0259r\u0259k bildirib ki, \u015eamax\u0131, Quba, G\u00f6y\u00e7ay, Nax\u00e7\u0131van, Z\u0259ng\u0259zur v\u0259 \u0130r\u0259van quberniyas\u0131n\u0131n b\u00fct\u00fcn q\u0259zalar\u0131nda Az\u0259rbaycan xalq\u0131na qar\u015f\u0131 soyq\u0131r\u0131m\u0131 t\u00f6r\u0259dilib. N\u0259tic\u0259d\u0259 yaln\u0131z 1918-ci ilin yaz-pay\u0131z aylar\u0131nda on minl\u0259rl\u0259 g\u00fcnahs\u0131z insan \u2013 Az\u0259rbaycan t\u00fcrkl\u0259ri, l\u0259zgil\u0259r, tal\u0131\u015flar, da\u011f y\u0259hudil\u0259ri, tatlar, k\u00fcrdl\u0259r q\u0259tl\u0259 yetirilib.<\/p>\n\n\n\n<p>Ulu \u00d6nd\u0259r Heyd\u0259r \u018fliyevin tarixi h\u0259qiq\u0259tl\u0259ri \u00f6lk\u0259 v\u0259 beyn\u0259lxalq ictimaiyy\u0259tin diqq\u0259tin\u0259 \u00e7atd\u0131rmaq m\u0259qs\u0259dil\u0259 imzalad\u0131\u011f\u0131 \u201cAz\u0259rbaycanl\u0131lar\u0131n soyq\u0131r\u0131m\u0131 haqq\u0131nda\u201d 1998-ci il 26 mart tarixli F\u0259rman bar\u0259d\u0259 ziyar\u0259t\u00e7il\u0259r\u0259 m\u0259lumat verilib.<\/p>\n\n\n\n<p>Qeyd olunub ki, m\u0259hz h\u0259min tarixd\u0259n az\u0259rbaycanl\u0131lar\u0131n erm\u0259ni mill\u0259t\u00e7il\u0259ri t\u0259r\u0259find\u0259n soyq\u0131r\u0131ma m\u0259ruz qalmas\u0131 ilk d\u0259f\u0259 r\u0259smi sur\u0259td\u0259 b\u0259yan edilib v\u0259 bu hadis\u0259l\u0259r siyasi qiym\u0259tini al\u0131b.<\/p>\n\n\n\n<p>Erm\u0259ni mill\u0259t\u00e7il\u0259rinin Az\u0259rbaycan torpaqlar\u0131nda t\u00f6r\u0259tdikl\u0259ri b\u00fct\u00fcn v\u0259h\u015filikl\u0259r BMT-nin Ba\u015f M\u0259clisinin 1948-ci il 9 dekabr tarixli \u201cGenosid siyas\u0259tinin qar\u015f\u0131s\u0131n\u0131n al\u0131nmas\u0131 v\u0259 c\u0259zaland\u0131rl\u0131mas\u0131 haqq\u0131nda\u201d Konvensiyas\u0131nda g\u00f6st\u0259ril\u0259n soyq\u0131r\u0131m\u0131 cinay\u0259tl\u0259rini \u00f6z\u00fcnd\u0259 ehtiva etdiyind\u0259n Az\u0259rbaycan xalq\u0131na qar\u015f\u0131 soyq\u0131r\u0131m\u0131 kimi qiym\u0259tl\u0259ndirilm\u0259lidir.<\/p>\n\n\n\n<p>T\u0259l\u0259b\u0259l\u0259r s\u0259f\u0259r \u00e7\u0259r\u00e7iv\u0259sind\u0259 Quban\u0131n Q\u0131rm\u0131z\u0131 q\u0259s\u0259b\u0259sind\u0259 yerl\u0259\u015f\u0259n sinaqoqda v\u0259 \u015f\u0259h\u0259rin m\u0259rk\u0259zind\u0259 f\u0259aliyy\u0259t g\u00f6st\u0259r\u0259n m\u0259scidd\u0259 olublar. M\u00fcxt\u0259lif dini inanclara malik insanlarla g\u00f6r\u00fc\u015f\u0259n g\u0259ncl\u0259r multikultural d\u0259y\u0259rl\u0259rin y\u00fcks\u0259k s\u0259viyy\u0259d\u0259 qorundu\u011funun, t\u0259msil etdikl\u0259ri xalq\u0131n tolerantl\u0131q \u0259n\u0259n\u0259l\u0259rin\u0259 sad\u0131q qald\u0131\u011f\u0131n\u0131n bir daha \u015fahidi olublar.<\/p>\n\n\n\n<p><\/p>\n\n\n\n<figure class=\"wp-container-2 wp-block-gallery-1 wp-block-gallery columns-1 is-cropped\"><ul class=\"blocks-gallery-grid\"><li class=\"blocks-gallery-item\"><figure><img width=\"448\" height=\"336\" src=\"https:\/\/dia.edu.az\/wp-content\/uploads\/2021\/03\/quba1491201697.jpg\" alt=\"\" data-id=\"12346\" data-full-url=\"https:\/\/dia.edu.az\/wp-content\/uploads\/2021\/03\/quba1491201697.jpg\" data-link=\"https:\/\/dia.edu.az\/?attachment_id=12346\" class=\"wp-image-12346\" srcset=\"https:\/\/legacy.dia.edu.az\/wp-content\/uploads\/2021\/03\/quba1491201697.jpg 448w, https:\/\/legacy.dia.edu.az\/wp-content\/uploads\/2021\/03\/quba1491201697-300x225.jpg 300w, https:\/\/legacy.dia.edu.az\/wp-content\/uploads\/2021\/03\/quba1491201697-16x12.jpg 16w\" sizes=\"(max-width: 448px) 100vw, 448px\" \/><\/figure><\/li><\/ul><\/figure>","protected":false},"excerpt":{"rendered":"<p>G\u0259ncl\u0259r Quba Soyq\u0131r\u0131m\u0131 Memorial Kompleksini ziyar\u0259t edibl\u0259rApr 01 , 2017 &#8211; 10:31 Mart\u0131n 31-d\u0259 Az\u0259rbaycan Respublikas\u0131n\u0131n Prezidenti yan\u0131nda D\u00f6vl\u0259t \u0130dar\u0259\u00e7ilik Akademiyas\u0131 (D\u0130A) t\u0259l\u0259b\u0259 g\u0259ncl\u0259r t\u0259\u015fkilat\u0131n\u0131n f\u0259allar\u0131, Az\u0259rbaycan Respublikas\u0131n\u0131n Prezidenti yan\u0131nda Bilik Fondunun n\u0259zdind\u0259 yarad\u0131lan \u201cTariximizi \u00f6yr\u0259n\u0259k v\u0259 \u00f6yr\u0259d\u0259k\u201d G\u0259ncl\u0259r Klubunun \u00fczvl\u0259ri Qubaya s\u0259f\u0259r edibl\u0259r. Erm\u0259ni mill\u0259t\u00e7il\u0259ri t\u0259r\u0259find\u0259n 1918-ci il mart\u0131n 31-d\u0259 Az\u0259rbaycan\u0131n \u0259ks\u0259r b\u00f6lg\u0259l\u0259rind\u0259 t\u00f6r\u0259dil\u0259n [&hellip;]<\/p>","protected":false},"author":2,"featured_media":12346,"comment_status":"closed","ping_status":"closed","sticky":false,"template":"","format":"standard","meta":[],"categories":[137],"tags":[],"_links":{"self":[{"href":"https:\/\/legacy.dia.edu.az\/ru\/wp-json\/wp\/v2\/posts\/12345"}],"collection":[{"href":"https:\/\/legacy.dia.edu.az\/ru\/wp-json\/wp\/v2\/posts"}],"about":[{"href":"https:\/\/legacy.dia.edu.az\/ru\/wp-json\/wp\/v2\/types\/post"}],"author":[{"embeddable":true,"href":"https:\/\/legacy.dia.edu.az\/ru\/wp-json\/wp\/v2\/users\/2"}],"replies":[{"embeddable":true,"href":"https:\/\/legacy.dia.edu.az\/ru\/wp-json\/wp\/v2\/comments?post=12345"}],"version-history":[{"count":0,"href":"https:\/\/legacy.dia.edu.az\/ru\/wp-json\/wp\/v2\/posts\/12345\/revisions"}],"wp:featuredmedia":[{"embeddable":true,"href":"https:\/\/legacy.dia.edu.az\/ru\/wp-json\/wp\/v2\/media\/12346"}],"wp:attachment":[{"href":"https:\/\/legacy.dia.edu.az\/ru\/wp-json\/wp\/v2\/media?parent=12345"}],"wp:term":[{"taxonomy":"category","embeddable":true,"href":"https:\/\/legacy.dia.edu.az\/ru\/wp-json\/wp\/v2\/categories?post=12345"},{"taxonomy":"post_tag","embeddable":true,"href":"https:\/\/legacy.dia.edu.az\/ru\/wp-json\/wp\/v2\/tags?post=12345"}],"curies":[{"name":"wp","href":"https:\/\/api.w.org\/{rel}","templated":true}]}}