{"id":12341,"date":"2017-04-07T00:18:00","date_gmt":"2017-04-06T21:18:00","guid":{"rendered":"https:\/\/dia.edu.az\/?p=12341"},"modified":"2021-03-16T00:20:41","modified_gmt":"2021-03-15T21:20:41","slug":"akademik-ramiz-mehdiyevin-qlobal-transformasiyalar-dovrund%c9%99-az%c9%99rbaycan-milli-ideyasi-kitabinin-t%c9%99qdimati-olub","status":"publish","type":"post","link":"https:\/\/legacy.dia.edu.az\/ru\/arxivl\u0259r\/12341","title":{"rendered":"Akademik Ramiz Mehdiyevin \u201cQlobal transformasiyalar d\u00f6vr\u00fcnd\u0259 Az\u0259rbaycan milli ideyas\u0131\u201d kitab\u0131n\u0131n t\u0259qdimat\u0131 olub"},"content":{"rendered":"<p><strong>Akademik Ramiz Mehdiyevin \u201cQlobal transformasiyalar d\u00f6vr\u00fcnd\u0259 Az\u0259rbaycan milli ideyas\u0131\u201d kitab\u0131n\u0131n t\u0259qdimat\u0131 olub<\/strong><br><em>Apr 07 , 2017 &#8211; 06:32<\/em><\/p>\n\n\n\n<p>Aprelin 7-d\u0259 Az\u0259rbaycan Respublikas\u0131n\u0131n Prezidenti yan\u0131nda D\u00f6vl\u0259t \u0130dar\u0259\u00e7ilik Akademiyas\u0131nda (D\u0130A) Prezident Administrasiyas\u0131n\u0131n r\u0259hb\u0259ri akademik Ramiz Mehdiyevin \u201cQlobal transformasiyalar d\u00f6vr\u00fcnd\u0259 Az\u0259rbaycan milli ideyas\u0131\u201d kitab\u0131n\u0131n t\u0259qdimat\u0131 olub.<\/p>\n\n\n\n<p>Akademik Ramiz Mehdiyevin Moskvan\u0131n \u201cPoliti\u00e7eskaya ensiklopediya\u201d n\u0259\u015friyyat\u0131 t\u0259r\u0259find\u0259n \u00e7ap edil\u0259n bu kitab\u0131 XX \u0259srin sonunda m\u00fcst\u0259qil Az\u0259rbaycan d\u00f6vl\u0259ti yarad\u0131lmas\u0131 probleminin t\u0259hlilin\u0259, m\u00fcasir d\u00f6vrd\u0259 milli identikliyin formala\u015fmas\u0131na h\u0259sr edilib. Bu sanball\u0131 t\u0259dqiqatda Az\u0259rbaycan xalq\u0131n\u0131n milli ideyas\u0131n\u0131n formala\u015fmas\u0131n\u0131n v\u0259 realla\u015fmas\u0131n\u0131n \u0259sas m\u0259rh\u0259l\u0259l\u0259ri ilk d\u0259f\u0259 a\u00e7\u0131qlan\u0131r.<\/p>\n\n\n\n<p>D\u00f6vl\u0259t \u0130dar\u0259\u00e7ilik Akademiyas\u0131n\u0131n rektoru akademik Urxan \u018fl\u0259kb\u0259rov bildirib ki, \u0259s\u0259rd\u0259 Az\u0259rbaycan reall\u0131qlar\u0131n\u0131 \u0259ks etdir\u0259n olduqca aktual m\u0259s\u0259l\u0259l\u0259r\u0259 toxunulub. Rektor kitab\u0131n rus dilind\u0259 n\u0259\u015frinin onun daha geni\u015f auditoriyaya \u00e7atd\u0131r\u0131lmas\u0131 bax\u0131m\u0131ndan b\u00f6y\u00fck \u0259h\u0259miyy\u0259t da\u015f\u0131d\u0131\u011f\u0131n\u0131 vur\u011fulay\u0131b. Bildirilib ki, akademik Ramiz Mehdiyev Az\u0259rbaycan\u0131n d\u00f6vl\u0259t m\u00fcst\u0259qilliyinin b\u0259rpas\u0131ndan 25 il ke\u00e7m\u0259sin\u0259 baxmayaraq \u00f6lk\u0259mizin \u00e7ox y\u00fcks\u0259k nailiyy\u0259tl\u0259r \u0259ld\u0259 etm\u0259si v\u0259 bu nailiyy\u0259tl\u0259rin k\u00f6k\u00fcnd\u0259 dayanan s\u0259b\u0259bl\u0259ri b\u00f6y\u00fck ustal\u0131qla t\u0259hlil edib.<\/p>\n\n\n\n<p>Kitab\u0131n \u201cModernl\u0259\u015fm\u0259 v\u0259 innovasiyal\u0131 iqtisadiyyat\u201d b\u00f6lm\u0259sind\u0259 yer alan fikir v\u0259 m\u00fclahiz\u0259l\u0259r d\u0259rin ara\u015fd\u0131rma v\u0259 t\u0259hlill\u0259rin n\u0259tic\u0259si olmaqla yana\u015f\u0131, eyni zamanda, \u00f6lk\u0259nin g\u0259l\u0259c\u0259k inki\u015faf\u0131n\u0131n yol x\u0259rit\u0259si kimi d\u0259y\u0259rl\u0259ndirilm\u0259lidir. Bu sanball\u0131 t\u0259dqiqatda Az\u0259rbaycan xalq\u0131n\u0131n milli ideyas\u0131n\u0131n formala\u015fmas\u0131n\u0131n v\u0259 realla\u015fmas\u0131n\u0131n \u0259sas m\u0259rh\u0259l\u0259l\u0259rin\u0259 ilk d\u0259f\u0259 elmi c\u0259h\u0259td\u0259n yana\u015f\u0131l\u0131b. M\u00fc\u0259llif m\u00fcst\u0259qilliyin ilk ill\u0259rind\u0259 ged\u0259n prosesl\u0259ri h\u0259rt\u0259r\u0259fli t\u0259hlil ed\u0259r\u0259k m\u0259hz d\u00f6vl\u0259t quruculu\u011funun elmi \u0259saslar\u0131n\u0131 a\u00e7\u0131qlay\u0131b, milli ideyan\u0131n v\u0259 d\u00f6vl\u0259t\u00e7iliyin yarad\u0131lmas\u0131 \u00fc\u00e7\u00fcn z\u0259ruri olan \u0259sas tezisl\u0259ri n\u0259z\u0259rd\u0259n ke\u00e7irib. Ulu \u00f6nd\u0259r Heyd\u0259r \u018fliyevin r\u0259hb\u0259rliyi il\u0259 d\u00f6vl\u0259t\u00e7iliyin qurulmas\u0131 d\u00f6vr\u00fcn\u00fc t\u0259hlil ed\u0259n akademik Ramiz Mehdiyev m\u0259hz onun milli m\u00fcst\u0259qilliyin, d\u00f6vl\u0259t suverenliyinin qorunub saxlanmas\u0131, milli identikliyin inki\u015faf etdirilm\u0259si siyas\u0259ti say\u0259sind\u0259 az\u0259rbaycan\u00e7\u0131l\u0131\u011f\u0131n Az\u0259rbaycan c\u0259miyy\u0259tini birl\u0259\u015fdir\u0259n milli ideyaya \u00e7evrildiyini qeyd edib. \u018fs\u0259rd\u0259, h\u0259m\u00e7inin Prezident \u0130lham \u018fliyevin r\u0259hb\u0259rliyi il\u0259 Az\u0259rbaycanda insan potensial\u0131n\u0131n formala\u015fd\u0131r\u0131lmas\u0131, elmin \u0259n yeni nailiyy\u0259tl\u0259rinin, m\u00fcasir texnologiyalar\u0131n v\u0259 yeni d\u00f6vl\u0259t idar\u0259\u00e7ilik metodlar\u0131n\u0131n elmi \u0259saslarla t\u0259tbiqi n\u0259tic\u0259sind\u0259 inki\u015faf h\u0259d\u0259fl\u0259rin\u0259 nail olunmas\u0131ndan b\u0259hs edilir. Kitab D\u00f6vl\u0259t \u0130dar\u0259\u00e7ilik Akademiyas\u0131nda t\u0259hsil alan g\u0259nc idar\u0259\u00e7i kadrlar\u0131n t\u0259dris proqramlar\u0131na daxil edil\u0259c\u0259k v\u0259 bu sah\u0259d\u0259 \u00e7al\u0131\u015fan elmi t\u0259dqiqat\u00e7\u0131lar \u00fc\u00e7\u00fcn \u00e7ox d\u0259y\u0259rli m\u0259nb\u0259 olacaq.<\/p>\n\n\n\n<p>D\u0130A-n\u0131n t\u0259dris i\u015fl\u0259ri \u00fczr\u0259 I prorektoru professor \u018flikram Abdullayev bildirib ki, m\u00fc\u0259llif kitabda milli ideyan\u0131n formala\u015fmas\u0131 m\u0259rh\u0259l\u0259l\u0259rini \u0259trafl\u0131 t\u0259svir edir, bu ideyan\u0131n t\u0259\u015f\u0259kk\u00fcl\u00fcnd\u0259 Az\u0259rbaycan\u0131n tarixi \u015f\u0259xsiyy\u0259tl\u0259rinin, m\u0259d\u0259niyy\u0259t xadiml\u0259rinin rolunu t\u0259hlil edir, Az\u0259rbaycan etnom\u0259d\u0259ni m\u0259kan\u0131na xas olan modell\u0259ri n\u0259z\u0259rd\u0259n ke\u00e7irir. XXI \u0259srd\u0259 Az\u0259rbaycan ideyas\u0131n\u0131n inki\u015faf\u0131 yollar\u0131n\u0131 da diqq\u0259t m\u0259rk\u0259zind\u0259 saxlayan akademik Ramiz Mehdiyev tarixi prosesl\u0259ri, m\u00fcasir d\u00fcnyada m\u00f6vcud meyill\u0259ri v\u0259 Az\u0259rbaycan\u0131n imkanlar\u0131n\u0131 n\u0259z\u0259r\u0259 alaraq \u0259min oldu\u011funu bildirir ki, \u00f6lk\u0259miz keyfiyy\u0259tc\u0259 yeni texnoloji c\u0259miyy\u0259t\u0259 ke\u00e7m\u0259lidir. Kreativ v\u0259 a\u011f\u0131ll\u0131 insanlar\u0131n, yarad\u0131c\u0131 enerjiy\u0259 malik intellektuallar\u0131n say\u0131n\u0131n artmas\u0131 Az\u0259rbaycanda inki\u015faf etmi\u015f m\u00fcasir c\u0259miyy\u0259t yarad\u0131lmas\u0131na g\u0259tirib \u00e7\u0131xaracaq h\u0259r\u0259k\u0259tverici q\u00fcvv\u0259 ola bil\u0259r. Mill\u0259tin bu keyfiyy\u0259tl\u0259ri milli ideyan\u0131n maddil\u0259\u015fm\u0259sinin \u0259sas t\u0259rkib hiss\u0259si kimi \u00f6lk\u0259nin innovasiyal\u0131 modernl\u0259\u015fm\u0259sinin \u0259sas\u0131n\u0131 t\u0259\u015fkil etm\u0259lidir.<\/p>\n\n\n\n<p>Akademiyan\u0131n humanitar v\u0259 sosial m\u0259s\u0259l\u0259l\u0259r \u00fczr\u0259 prorektoru dosent Mehdi Abdullayev qeyd edib ki, \u0259s\u0259rin \u0259h\u0259miyy\u0259ti bir t\u0259r\u0259fd\u0259n milli ideyam\u0131z olan az\u0259rbaycan\u00e7\u0131l\u0131\u011f\u0131n doktrinal \u0259sasland\u0131r\u0131lmas\u0131nda, dig\u0259r t\u0259r\u0259fd\u0259n is\u0259 h\u0259min ideyan\u0131n \u00fcmummilli lider Heyd\u0259r \u018fliyevin h\u0259l\u0259 d\u0259 sovet d\u00f6vr\u00fcnd\u0259n olan f\u0259aliyy\u0259tind\u0259 hans\u0131 \u015f\u0259kild\u0259 t\u0259zah\u00fcr etm\u0259sinin v\u0259 h\u0259yata ke\u00e7m\u0259sinin \u0259yani \u015f\u0259kild\u0259 g\u00f6st\u0259rilm\u0259sind\u0259 v\u0259 m\u00fc\u0259llifin qeyd etdiyi kimi, bir mill\u0259t olaraq kimik v\u0259 hara gedirik kimi fundamental suallara cavab\u0131n tap\u0131lmas\u0131ndad\u0131r. Kitab\u0131n birinci f\u0259slind\u0259 \u00fcmummilli lider Heyd\u0259r \u018fliyev idar\u0259\u00e7iliyinin sovet d\u00f6vr\u00fcnd\u0259 ba\u015flayan b\u00fct\u00fcn m\u0259rh\u0259l\u0259l\u0259rinin f\u0259ls\u0259fi t\u0259hlili verilib. \u0130kinci f\u0259sild\u0259 milli ideyan\u0131n formala\u015fmas\u0131 prosesini m\u0259rh\u0259l\u0259l\u0259r\u0259 b\u00f6l\u0259n akademik Ramiz Mehdiyev milli ideya r\u00fc\u015feyml\u0259rinin yarand\u0131\u011f\u0131 g\u00fcnd\u0259n bu g\u00fcn\u00fcm\u00fcz\u0259 kimi h\u0259min prosesin elmi t\u0259hlilini verib. \u00dc\u00e7\u00fcnc\u00fc f\u0259sild\u0259 kreativ insanlar mill\u0259ti kimi nisb\u0259t\u0259n elmimizd\u0259 yeni olan terminin anlay\u0131\u015f\u0131 v\u0259 elmi t\u0259hlili \u00f6z \u0259ksini tap\u0131b. D\u00f6rd\u00fcnc\u00fc f\u0259sild\u0259 qloballa\u015fan \u015f\u0259raitd\u0259 milli kimlik, mill\u0259t\u00e7ilik, identiklik kimi sanball\u0131 elmi kateqoriyalar nisb\u0259t\u0259n sad\u0259 dild\u0259 geni\u015f oxucu k\u00fctl\u0259sini n\u0259z\u0259r\u0259 alaraq a\u00e7\u0131l\u0131b v\u0259 t\u0259hlil edilib. Kifay\u0259t q\u0259d\u0259r m\u00fcr\u0259kk\u0259b elmi anlay\u0131\u015flar\u0131n bu d\u0259r\u0259c\u0259d\u0259 anla\u015f\u0131lan v\u0259 sad\u0259 dild\u0259 \u00e7atd\u0131r\u0131lmas\u0131 m\u00fc\u0259llifin predmeti n\u0259 q\u0259d\u0259r virtuoz \u015f\u0259kild\u0259 m\u0259nims\u0259m\u0259sinin g\u00f6st\u0259ricisidir. \u201cG\u0259nclik Az\u0259rbaycan\u0131n apar\u0131c\u0131 q\u00fcvv\u0259si kimi\u201d adl\u0131 be\u015finci f\u0259sild\u0259 is\u0259 Az\u0259rbaycanda g\u0259ncl\u0259r siyas\u0259tinin mahiyy\u0259ti a\u00e7\u0131l\u0131r.<\/p>\n\n\n\n<p>Kitab bar\u0259d\u0259 fikirl\u0259rini b\u00f6l\u00fc\u015f\u0259n Az\u0259rbaycan Respublikas\u0131n\u0131n mill\u0259tl\u0259raras\u0131, multikulturalizm v\u0259 dini m\u0259s\u0259l\u0259l\u0259r \u00fczr\u0259 D\u00f6vl\u0259t m\u00fc\u015faviri xidm\u0259tinin ba\u015f m\u0259sl\u0259h\u0259t\u00e7isi, D\u0130A-n\u0131n f\u0259ls\u0259f\u0259 v\u0259 sosial psixologiya kafedras\u0131n\u0131n m\u00fcdiri professor Etibar N\u0259c\u0259fov deyib ki, bu m\u0259nb\u0259d\u0259 XXI \u0259srd\u0259 m\u00fcst\u0259qil Az\u0259rbaycan d\u00f6vl\u0259tinin mahiyy\u0259tini a\u00e7\u0131qlayan d\u0259y\u0259rl\u0259rin t\u0259\u015f\u0259kk\u00fcl\u00fcnd\u0259 v\u0259 m\u00f6hk\u0259ml\u0259nm\u0259sind\u0259 \u00e7ox m\u00fch\u00fcm rol oynayan az\u0259rbaycan\u00e7\u0131l\u0131\u011f\u0131n g\u00fccl\u00fc d\u00f6vl\u0259t hakimiyy\u0259tinin m\u00f6vcudlu\u011funa v\u0259 milli maraqlar\u0131 ifad\u0259 ed\u0259n y\u00fcks\u0259k milli intizama, formala\u015fmaqda olan milli m\u0259nlik \u015f\u00fcuruna s\u00f6yk\u0259nm\u0259si faktlarla \u0259sasland\u0131r\u0131l\u0131b. Kitabda milli ideyan\u0131n formala\u015fmas\u0131 m\u0259rh\u0259l\u0259l\u0259rinin \u0259trafl\u0131 t\u0259sviri, bu ideyan\u0131n t\u0259\u015f\u0259kk\u00fcl\u00fcnd\u0259 Az\u0259rbaycan\u0131n tarixi \u015f\u0259xsiyy\u0259tl\u0259rinin rolu il\u0259 ba\u011fl\u0131 t\u0259hlill\u0259r \u0259s\u0259rin bu sah\u0259nin t\u0259dqiqat\u00e7\u0131lar\u0131 \u00fc\u00e7\u00fcn d\u0259y\u0259rli bir m\u0259nb\u0259 ola bil\u0259c\u0259yini dem\u0259y\u0259 \u0259sas verir. Akademik Ramiz Mehdiyevin bu kitab\u0131 D\u00f6vl\u0259t \u0130dar\u0259\u00e7ilik Akademiyas\u0131nda t\u0259hsil alan g\u0259ncl\u0259r \u00fc\u00e7\u00fcn d\u0259 d\u0259y\u0259rli m\u0259nb\u0259 olacaq. Bu bax\u0131mdan \u0259s\u0259rin t\u0259dris proqramlar\u0131na daxil edilm\u0259si x\u00fcsusi \u00f6n\u0259m k\u0259sb edir.<\/p>\n\n\n\n<p>Akademiyan\u0131n tarix kafedras\u0131n\u0131n professoru Musa Quluzad\u0259 bildirib ki, kitabda c\u0259miyy\u0259t v\u0259 d\u00f6vl\u0259t m\u0259fhumlar\u0131n\u0131n f\u0259ls\u0259f\u0259sind\u0259n, tarixd\u0259 milli ideyan\u0131n rolundan geni\u015f b\u0259hs edilir. Kitab vasit\u0259sil\u0259 milli ideologiya, m\u00fcst\u0259qil Az\u0259rbaycan\u0131n siyasi v\u0259 iqtisadi strategiyas\u0131 qloballa\u015fma kontekstind\u0259 n\u0259z\u0259rd\u0259n ke\u00e7irilir, bununla ba\u011fl\u0131 f\u0259ls\u0259fi fikirl\u0259r\u0259 \u0259trafl\u0131 yer verilir. Aktual m\u00f6vzular\u0131 \u0259hat\u0259 ed\u0259n elmi \u0259s\u0259rl\u0259ri il\u0259 vaxta\u015f\u0131r\u0131 oxucular\u0131n diqq\u0259tini c\u0259lb ed\u0259n m\u00fc\u0259llifin bu kitab\u0131 zamanla s\u0131nanm\u0131\u015f elmi bax\u0131\u015flar, fikir v\u0259 m\u00fclahiz\u0259l\u0259rl\u0259 z\u0259ngindir. Bu fundamental \u0259s\u0259rd\u0259 g\u0259l\u0259c\u0259k Az\u0259rbaycan\u0131n qurulmas\u0131nda g\u0259ncliyin rolu, informasiya c\u0259miyy\u0259tind\u0259 onun yeri v\u0259 innovasiyal\u0131 inki\u015fafda g\u0259ncl\u0259rin i\u015ftirak\u0131 t\u0259hlil olunur. Bu kitab akademik dair\u0259l\u0259rin m\u00fcraci\u0259t ed\u0259c\u0259yi \u00f6n\u0259mli m\u0259nb\u0259l\u0259rd\u0259n biri olacaq.<\/p>\n\n\n\n<p>D\u0130A-n\u0131n beyn\u0259lxalq m\u00fcnasib\u0259tl\u0259r v\u0259 xarici siyas\u0259t kafedras\u0131n\u0131n dosenti siyasi elml\u0259r doktoru El\u00e7in \u018fhm\u0259dov bildirib ki, kitabda ulu \u00f6nd\u0259r Heyd\u0259r \u018fliyevin r\u0259hb\u0259rliyi il\u0259 d\u00f6vl\u0259t\u00e7iliyin qurulmas\u0131 d\u00f6vr\u00fcn\u00fc n\u0259z\u0259rd\u0259n ke\u00e7ir\u0259n akademik Ramiz Mehdiyev 1993-c\u00fc ilin ortalar\u0131ndan ba\u015flayaraq Az\u0259rbaycan\u0131n \u00f6z strateji se\u00e7imini etdiyini, m\u00fcasir, d\u00fcny\u0259vi, beyn\u0259lxalq al\u0259m\u0259 inteqrasiya ed\u0259n, demokratiyan\u0131n \u0259saslar\u0131na sadiq olan \u00f6lk\u0259 kimi inki\u015faf etm\u0259y\u0259 ba\u015flad\u0131\u011f\u0131n\u0131 qeyd edir. M\u00fc\u0259llif diqq\u0259t\u0259 \u00e7atd\u0131r\u0131r ki, m\u0259hz ulu \u00f6nd\u0259r Heyd\u0259r \u018fliyevin milli m\u00fcst\u0259qilliyin, d\u00f6vl\u0259t suverenliyinin qorunub saxlanmas\u0131, milli identikliyin inki\u015faf etdirilm\u0259si siyas\u0259ti say\u0259sind\u0259 az\u0259rbaycan\u00e7\u0131l\u0131q Az\u0259rbaycan c\u0259miyy\u0259tini birl\u0259\u015fdir\u0259n milli ideyaya \u00e7evrildi. Bu g\u00fcn az\u0259rbaycan\u00e7\u0131l\u0131q milli inki\u015faf ideologiyas\u0131 kimi m\u00fcxt\u0259lif xalqlar\u0131n, m\u0259d\u0259niyy\u0259tl\u0259rin, \u0259n\u0259n\u0259l\u0259rin, konfessiyalar\u0131n \u00fczvi \u015f\u0259kild\u0259 birl\u0259\u015fm\u0259si dem\u0259kdir. O, g\u00fccl\u00fc d\u00f6vl\u0259t hakimiyy\u0259tinin m\u00f6vcudlu\u011funa v\u0259 milli maraqlar\u0131 ifad\u0259 ed\u0259n y\u00fcks\u0259k milli intizama, formala\u015fmaqda olan milli m\u0259nlik \u015f\u00fcuruna \u0259saslan\u0131r, \u0259n m\u00fcxt\u0259lif sosial t\u0259b\u0259q\u0259l\u0259rd\u0259 h\u0259mr\u0259ylik axtar\u0131r, mill\u0259tin v\u0259 d\u00f6vl\u0259tin \u00f6z potensial\u0131ndan ir\u0259li g\u0259l\u0259n, t\u0259kam\u00fcl\u0259 \u0259saslanan daimi islahat\u00e7\u0131l\u0131\u011f\u0131 t\u0259bli\u011f edir.<\/p>\n\n\n\n<p>\u00c7\u0131x\u0131\u015flardan sonra kitabla ba\u011fl\u0131 m\u00fczakir\u0259l\u0259r apar\u0131l\u0131b.<\/p>\n\n\n\n<p><\/p>\n\n\n\n<figure class=\"wp-container-2 wp-block-gallery-1 wp-block-gallery columns-2 is-cropped\"><ul class=\"blocks-gallery-grid\"><li class=\"blocks-gallery-item\"><figure><img width=\"640\" height=\"477\" src=\"https:\/\/dia.edu.az\/wp-content\/uploads\/2021\/03\/07.04.17.jpg\" alt=\"\" data-id=\"12342\" data-link=\"https:\/\/dia.edu.az\/?attachment_id=12342\" class=\"wp-image-12342\" srcset=\"https:\/\/legacy.dia.edu.az\/wp-content\/uploads\/2021\/03\/07.04.17.jpg 640w, https:\/\/legacy.dia.edu.az\/wp-content\/uploads\/2021\/03\/07.04.17-300x224.jpg 300w, https:\/\/legacy.dia.edu.az\/wp-content\/uploads\/2021\/03\/07.04.17-16x12.jpg 16w, https:\/\/legacy.dia.edu.az\/wp-content\/uploads\/2021\/03\/07.04.17-300x224@2x.jpg 600w\" sizes=\"(max-width: 640px) 100vw, 640px\" \/><\/figure><\/li><li class=\"blocks-gallery-item\"><figure><img width=\"640\" height=\"457\" src=\"https:\/\/dia.edu.az\/wp-content\/uploads\/2021\/03\/33.jpg\" alt=\"\" data-id=\"12343\" data-full-url=\"https:\/\/dia.edu.az\/wp-content\/uploads\/2021\/03\/33.jpg\" data-link=\"https:\/\/dia.edu.az\/?attachment_id=12343\" class=\"wp-image-12343\" srcset=\"https:\/\/legacy.dia.edu.az\/wp-content\/uploads\/2021\/03\/33.jpg 640w, https:\/\/legacy.dia.edu.az\/wp-content\/uploads\/2021\/03\/33-300x214.jpg 300w, https:\/\/legacy.dia.edu.az\/wp-content\/uploads\/2021\/03\/33-16x12.jpg 16w, https:\/\/legacy.dia.edu.az\/wp-content\/uploads\/2021\/03\/33-300x214@2x.jpg 600w\" sizes=\"(max-width: 640px) 100vw, 640px\" \/><\/figure><\/li><\/ul><\/figure>","protected":false},"excerpt":{"rendered":"<p>Akademik Ramiz Mehdiyevin \u201cQlobal transformasiyalar d\u00f6vr\u00fcnd\u0259 Az\u0259rbaycan milli ideyas\u0131\u201d kitab\u0131n\u0131n t\u0259qdimat\u0131 olubApr 07 , 2017 &#8211; 06:32 Aprelin 7-d\u0259 Az\u0259rbaycan Respublikas\u0131n\u0131n Prezidenti yan\u0131nda D\u00f6vl\u0259t \u0130dar\u0259\u00e7ilik Akademiyas\u0131nda (D\u0130A) Prezident Administrasiyas\u0131n\u0131n r\u0259hb\u0259ri akademik Ramiz Mehdiyevin \u201cQlobal transformasiyalar d\u00f6vr\u00fcnd\u0259 Az\u0259rbaycan milli ideyas\u0131\u201d kitab\u0131n\u0131n t\u0259qdimat\u0131 olub. Akademik Ramiz Mehdiyevin Moskvan\u0131n \u201cPoliti\u00e7eskaya ensiklopediya\u201d n\u0259\u015friyyat\u0131 t\u0259r\u0259find\u0259n \u00e7ap edil\u0259n bu kitab\u0131 XX [&hellip;]<\/p>","protected":false},"author":2,"featured_media":12342,"comment_status":"closed","ping_status":"closed","sticky":false,"template":"","format":"standard","meta":[],"categories":[137],"tags":[],"_links":{"self":[{"href":"https:\/\/legacy.dia.edu.az\/ru\/wp-json\/wp\/v2\/posts\/12341"}],"collection":[{"href":"https:\/\/legacy.dia.edu.az\/ru\/wp-json\/wp\/v2\/posts"}],"about":[{"href":"https:\/\/legacy.dia.edu.az\/ru\/wp-json\/wp\/v2\/types\/post"}],"author":[{"embeddable":true,"href":"https:\/\/legacy.dia.edu.az\/ru\/wp-json\/wp\/v2\/users\/2"}],"replies":[{"embeddable":true,"href":"https:\/\/legacy.dia.edu.az\/ru\/wp-json\/wp\/v2\/comments?post=12341"}],"version-history":[{"count":0,"href":"https:\/\/legacy.dia.edu.az\/ru\/wp-json\/wp\/v2\/posts\/12341\/revisions"}],"wp:featuredmedia":[{"embeddable":true,"href":"https:\/\/legacy.dia.edu.az\/ru\/wp-json\/wp\/v2\/media\/12342"}],"wp:attachment":[{"href":"https:\/\/legacy.dia.edu.az\/ru\/wp-json\/wp\/v2\/media?parent=12341"}],"wp:term":[{"taxonomy":"category","embeddable":true,"href":"https:\/\/legacy.dia.edu.az\/ru\/wp-json\/wp\/v2\/categories?post=12341"},{"taxonomy":"post_tag","embeddable":true,"href":"https:\/\/legacy.dia.edu.az\/ru\/wp-json\/wp\/v2\/tags?post=12341"}],"curies":[{"name":"wp","href":"https:\/\/api.w.org\/{rel}","templated":true}]}}