{"id":12338,"date":"2017-04-11T23:31:00","date_gmt":"2017-04-11T20:31:00","guid":{"rendered":"https:\/\/dia.edu.az\/?p=12338"},"modified":"2021-03-16T00:16:56","modified_gmt":"2021-03-15T21:16:56","slug":"avropa-insan-haqlari-m%c9%99hk%c9%99m%c9%99sinin-hakimi-il%c9%99-t%c9%99l%c9%99b%c9%99l%c9%99rin-gorusu-kecirilib","status":"publish","type":"post","link":"https:\/\/legacy.dia.edu.az\/ru\/arxivl\u0259r\/12338","title":{"rendered":"Avropa \u0130nsan Haqlar\u0131 M\u0259hk\u0259m\u0259sinin hakimi il\u0259 t\u0259l\u0259b\u0259l\u0259rin g\u00f6r\u00fc\u015f\u00fc ke\u00e7irilib"},"content":{"rendered":"<p><strong>Avropa \u0130nsan Haqlar\u0131 M\u0259hk\u0259m\u0259sinin hakimi il\u0259 t\u0259l\u0259b\u0259l\u0259rin g\u00f6r\u00fc\u015f\u00fc ke\u00e7irilib<\/strong><br><em>Apr 11 , 2017 &#8211; 03:40<\/em><\/p>\n\n\n\n<p>Aprel ay\u0131n\u0131n 10-da Az\u0259rbaycan Respublikas\u0131n\u0131n Prezidenti yan\u0131nda D\u00f6vl\u0259t \u0130dar\u0259\u00e7ilik Akademiyas\u0131nda T\u0259l\u0259b\u0259 G\u0259ncl\u0259r T\u0259\u015fkilat\u0131 H\u00fcquq Klubunun t\u0259\u015fkilat\u00e7\u0131l\u0131\u011f\u0131 il\u0259 n\u00f6vb\u0259ti g\u00f6r\u00fc\u015f Avropa insan haqlar\u0131 m\u0259hk\u0259m\u0259sinin hakimi h\u00fcquq elml\u0259r doktoru, professor L\u0259tif H\u00fcseynovla ke\u00e7irilib.<\/p>\n\n\n\n<p>G\u00f6r\u00fc\u015f\u00fc giri\u015f s\u00f6z\u00fc il\u0259 Az\u0259rbaycan Respublikas\u0131n\u0131n Prezidenti yan\u0131nda D\u00f6vl\u0259t \u0130dar\u0259\u00e7ilik Akademiyas\u0131n\u0131n Humanitar v\u0259 Sosial m\u0259s\u0259l\u0259l\u0259r \u00fczr\u0259 prorektoru, dosent Mehdi Abdullayev a\u00e7m\u0131\u015f, qona\u011f\u0131, i\u015ftirak\u00e7\u0131lar\u0131 salamlam\u0131\u015fd\u0131r. G\u00f6r\u00fc\u015f\u00fcn t\u0259l\u0259b\u0259l\u0259r \u00fc\u00e7\u00fcn praktik \u0259h\u0259miyy\u0259ti bar\u0259d\u0259 fikrini ifad\u0259 etmi\u015fdir. O, \u0259sas m\u0259qs\u0259din D\u00f6vl\u0259t \u0130dar\u0259\u00e7ilik Akademiyas\u0131nda t\u0259hsil alan t\u0259l\u0259b\u0259-g\u0259ncl\u0259rin bu sah\u0259d\u0259ki bilikl\u0259rinin art\u0131r\u0131lmas\u0131, insan h\u00fcquqlar\u0131 sah\u0259sind\u0259 \u00f6lk\u0259d\u0259 apar\u0131lan u\u011furlu islahatlar v\u0259 bu sah\u0259d\u0259 beyn\u0259lxalq t\u0259cr\u00fcb\u0259nin \u00f6yr\u0259nilm\u0259sinin \u0259h\u0259miyy\u0259ti vur\u011fulam\u0131\u015fd\u0131r.<\/p>\n\n\n\n<p>G\u00f6r\u00fc\u015fd\u0259 Avropa insan haqlar\u0131 m\u0259hk\u0259m\u0259sinin hakimi, h\u00fcquq elml\u0259r doktoru, professor L\u0259tif H\u00fcseynov \u00e7\u0131x\u0131\u015f etmi\u015f, Avropa m\u0259hk\u0259m\u0259sinin f\u0259aliyy\u0259ti, beyn\u0259lxalq m\u00fcnasib\u0259tl\u0259rl\u0259 ba\u011fl\u0131 yeni \u00e7a\u011f\u0131r\u0131\u015flar bar\u0259d\u0259 fikirl\u0259rini bildirmi\u015f, bu sah\u0259d\u0259 olan t\u0259cr\u00fcb\u0259ni diqq\u0259t\u0259 \u00e7atd\u0131rm\u0131\u015f, qar\u015f\u0131da duran m\u00fch\u00fcm v\u0259zif\u0259l\u0259rd\u0259n dan\u0131\u015fm\u0131\u015fd\u0131r. Daha sonra qonaq Avropa insan haqlar\u0131 m\u0259hk\u0259m\u0259sinin yaranmas\u0131, f\u0259aliyy\u0259ti, m\u00fcraci\u0259tl\u0259r\u0259 bax\u0131lma prosedurlar\u0131 bar\u0259d\u0259 geni\u015f m\u0259lumat vermi\u015f, h\u0259qiq\u0259tl\u0259rin m\u00fcdafi\u0259si bax\u0131m\u0131ndan ali tribunan\u0131n \u00f6lk\u0259miz \u00fc\u00e7\u00fcn \u0259h\u0259miyy\u0259tini qeyd etmi\u015fdir. G\u0259ncl\u0259rin t\u0259\u015f\u0259bb\u00fcs\u00fcn\u00fc h\u0259r zaman y\u00fcks\u0259k d\u0259y\u0259rl\u0259ndiridiyini ifad\u0259 etmi\u015f v\u0259 bu z\u0259ruri f\u0259aliyy\u0259tin \u00f6lk\u0259 ba\u015f\u00e7\u0131s\u0131n\u0131n g\u0259ncl\u0259r\u0259 g\u00f6st\u0259rdiyi diqq\u0259tin t\u0259zah\u00fcr\u00fc kimi d\u0259y\u0259rl\u0259ndirmi\u015fdir.<\/p>\n\n\n\n<p>Diskussiya \u015f\u0259klind\u0259 ke\u00e7\u0259n g\u00f6r\u00fc\u015fd\u0259 t\u0259l\u0259b\u0259-g\u0259ncl\u0259rin suallar\u0131 cavabland\u0131r\u0131lm\u0131\u015f, onlar\u0131n fikir v\u0259 t\u0259klifl\u0259ri dinl\u0259nmi\u015fdir. G\u00f6r\u00fc\u015fd\u0259 D\u0130A-n\u0131n \u201cH\u00fcquq\u201d kafedras\u0131n\u0131n professor-m\u00fc\u0259llim hey\u0259ti i\u015ftirak etmi\u015fdir.<\/p>\n\n\n\n<p><\/p>\n\n\n\n<figure class=\"wp-container-2 wp-block-gallery-1 wp-block-gallery columns-1 is-cropped\"><ul class=\"blocks-gallery-grid\"><li class=\"blocks-gallery-item\"><figure><img width=\"640\" height=\"424\" src=\"https:\/\/dia.edu.az\/wp-content\/uploads\/2021\/03\/11.041491911078.jpg\" alt=\"\" data-id=\"12339\" data-full-url=\"https:\/\/dia.edu.az\/wp-content\/uploads\/2021\/03\/11.041491911078.jpg\" data-link=\"https:\/\/dia.edu.az\/?attachment_id=12339\" class=\"wp-image-12339\" srcset=\"https:\/\/legacy.dia.edu.az\/wp-content\/uploads\/2021\/03\/11.041491911078.jpg 640w, https:\/\/legacy.dia.edu.az\/wp-content\/uploads\/2021\/03\/11.041491911078-300x199.jpg 300w, https:\/\/legacy.dia.edu.az\/wp-content\/uploads\/2021\/03\/11.041491911078-16x12.jpg 16w, https:\/\/legacy.dia.edu.az\/wp-content\/uploads\/2021\/03\/11.041491911078-150x100.jpg 150w, https:\/\/legacy.dia.edu.az\/wp-content\/uploads\/2021\/03\/11.041491911078-300x199@2x.jpg 600w\" sizes=\"(max-width: 640px) 100vw, 640px\" \/><\/figure><\/li><\/ul><\/figure>","protected":false},"excerpt":{"rendered":"<p>Avropa \u0130nsan Haqlar\u0131 M\u0259hk\u0259m\u0259sinin hakimi il\u0259 t\u0259l\u0259b\u0259l\u0259rin g\u00f6r\u00fc\u015f\u00fc ke\u00e7irilibApr 11 , 2017 &#8211; 03:40 Aprel ay\u0131n\u0131n 10-da Az\u0259rbaycan Respublikas\u0131n\u0131n Prezidenti yan\u0131nda D\u00f6vl\u0259t \u0130dar\u0259\u00e7ilik Akademiyas\u0131nda T\u0259l\u0259b\u0259 G\u0259ncl\u0259r T\u0259\u015fkilat\u0131 H\u00fcquq Klubunun t\u0259\u015fkilat\u00e7\u0131l\u0131\u011f\u0131 il\u0259 n\u00f6vb\u0259ti g\u00f6r\u00fc\u015f Avropa insan haqlar\u0131 m\u0259hk\u0259m\u0259sinin hakimi h\u00fcquq elml\u0259r doktoru, professor L\u0259tif H\u00fcseynovla ke\u00e7irilib. G\u00f6r\u00fc\u015f\u00fc giri\u015f s\u00f6z\u00fc il\u0259 Az\u0259rbaycan Respublikas\u0131n\u0131n Prezidenti yan\u0131nda D\u00f6vl\u0259t \u0130dar\u0259\u00e7ilik [&hellip;]<\/p>","protected":false},"author":2,"featured_media":12339,"comment_status":"closed","ping_status":"closed","sticky":false,"template":"","format":"standard","meta":[],"categories":[137],"tags":[],"_links":{"self":[{"href":"https:\/\/legacy.dia.edu.az\/ru\/wp-json\/wp\/v2\/posts\/12338"}],"collection":[{"href":"https:\/\/legacy.dia.edu.az\/ru\/wp-json\/wp\/v2\/posts"}],"about":[{"href":"https:\/\/legacy.dia.edu.az\/ru\/wp-json\/wp\/v2\/types\/post"}],"author":[{"embeddable":true,"href":"https:\/\/legacy.dia.edu.az\/ru\/wp-json\/wp\/v2\/users\/2"}],"replies":[{"embeddable":true,"href":"https:\/\/legacy.dia.edu.az\/ru\/wp-json\/wp\/v2\/comments?post=12338"}],"version-history":[{"count":0,"href":"https:\/\/legacy.dia.edu.az\/ru\/wp-json\/wp\/v2\/posts\/12338\/revisions"}],"wp:featuredmedia":[{"embeddable":true,"href":"https:\/\/legacy.dia.edu.az\/ru\/wp-json\/wp\/v2\/media\/12339"}],"wp:attachment":[{"href":"https:\/\/legacy.dia.edu.az\/ru\/wp-json\/wp\/v2\/media?parent=12338"}],"wp:term":[{"taxonomy":"category","embeddable":true,"href":"https:\/\/legacy.dia.edu.az\/ru\/wp-json\/wp\/v2\/categories?post=12338"},{"taxonomy":"post_tag","embeddable":true,"href":"https:\/\/legacy.dia.edu.az\/ru\/wp-json\/wp\/v2\/tags?post=12338"}],"curies":[{"name":"wp","href":"https:\/\/api.w.org\/{rel}","templated":true}]}}