{"id":12309,"date":"2017-05-08T11:52:00","date_gmt":"2017-05-08T08:52:00","guid":{"rendered":"https:\/\/dia.edu.az\/?p=12309"},"modified":"2021-03-15T11:55:38","modified_gmt":"2021-03-15T08:55:38","slug":"dovl%c9%99t-idar%c9%99cilik-akademiyasi-t%c9%99l%c9%99b%c9%99l%c9%99ri-esse-musabiq%c9%99sinin-qalibi-oldu","status":"publish","type":"post","link":"https:\/\/legacy.dia.edu.az\/ru\/arxivl\u0259r\/12309","title":{"rendered":"D\u00f6vl\u0259t \u0130dar\u0259\u00e7ilik Akademiyas\u0131 t\u0259l\u0259b\u0259l\u0259ri esse m\u00fcsabiq\u0259sinin qalibi oldu"},"content":{"rendered":"<p><\/p>\n\n\n\n<p><strong>D\u00f6vl\u0259t \u0130dar\u0259\u00e7ilik Akademiyas\u0131 t\u0259l\u0259b\u0259l\u0259ri esse m\u00fcsabiq\u0259sinin qalibi oldu<\/strong><br><em>May 08 , 2017 &#8211; 01:14<\/em><\/p>\n\n\n\n<p>Az\u0259rbaycan Respublikas\u0131n\u0131n Prezidenti yan\u0131nda D\u00f6vl\u0259t \u0130dar\u0259\u00e7ilik Akademiyas\u0131 v\u0259 Az\u0259rbaycan Respublikas\u0131n\u0131n Prezidenti yan\u0131nda Bilik Fondunun birg\u0259 t\u0259\u015fkilat\u00e7\u0131l\u0131\u011f\u0131 il\u0259 \u00fcmummilli lider Heyd\u0259r \u018fliyevin anadan olmas\u0131n\u0131n 94-c\u00fc ild\u00f6n\u00fcm\u00fcn\u0259 h\u0259sr edilmi\u015f \u201cAz\u0259rbaycan Respublikasinda Heyd\u0259r \u018fliyev v\u0259 G\u0259ncl\u0259r Siyas\u0259ti\u201d m\u00f6vzusunda esse m\u00fcsabiq\u0259sinin n\u0259tic\u0259l\u0259rin\u0259 h\u0259sr edilmi\u015f t\u0259l\u0259b\u0259 elmi konfrans\u0131 ke\u00e7irilmi\u015fdir.<\/p>\n\n\n\n<p>&nbsp;&nbsp;&nbsp;&nbsp;&nbsp;&nbsp;&nbsp;&nbsp;&nbsp; Konfransda D\u0130A-n\u0131n humanitar v\u0259 sosial m\u0259s\u0259l\u0259l\u0259r \u00fczr\u0259 prorektoru, dosent Mehdi Abdullayev m\u00fcasir m\u00fcst\u0259qil d\u00f6vl\u0259timizin memar\u0131 v\u0259 qurucusu, ulu \u00f6nd\u0259r Heyd\u0259r \u018fliyevin tarixi xidm\u0259tl\u0259rind\u0259n, xilaskarl\u0131q missiyas\u0131ndan dan\u0131\u015f\u0131b.<\/p>\n\n\n\n<p>Sonra \u00dcmummilli lider Heyd\u0259r \u018fliyev siyas\u0259tinin u\u011furlu n\u0259tic\u0259l\u0259rind\u0259n b\u0259hs ed\u0259n Bilik Fondu Aparat\u0131n\u0131n r\u0259hb\u0259ri \u0130saxan V\u0259liyev, D\u0130A-n\u0131n T\u0259l\u0259b\u0259 Elmi C\u0259miyy\u0259tinin s\u0259dri, dosent Sevil M\u0259mm\u0259dova v\u0259 dig\u0259rl\u0259ri ulu \u00f6nd\u0259rin ideyalar\u0131n\u0131n Prezident \u0130lham \u018fliyev t\u0259r\u0259find\u0259n q\u0259tiyy\u0259tl\u0259 h\u0259yata ke\u00e7irildiyini bildirib, Az\u0259rbaycanda qazan\u0131lan nailiyy\u0259tl\u0259ri \u0259sasl\u0131 faktlarla diqq\u0259t\u0259 \u00e7atd\u0131r\u0131b, dahi r\u0259hb\u0259rin \u0259ziz xatir\u0259sinin \u00fcr\u0259kl\u0259rd\u0259 daim ya\u015fayaca\u011f\u0131n\u0131 vur\u011fulay\u0131blar.<\/p>\n\n\n\n<p>Daha sonra \u00fcmummilli lider Heyd\u0259r \u018fliyevin anadan olmas\u0131n\u0131n 94-c\u00fc ild\u00f6n\u00fcm\u00fcn\u0259 h\u0259sr edilmi\u015f esse m\u00fcsabiq\u0259sinin n\u0259tic\u0259l\u0259ri a\u00e7\u0131qlan\u0131b. I yer\u0259 D\u0130A-n\u0131n D\u00f6vl\u0259t v\u0259 B\u0259l\u0259diyy\u0259 idar\u0259etm\u0259si ixtisas\u0131n\u0131n 1-ci kurs t\u0259l\u0259b\u0259si Cavad Xudaverdiyev, II yer\u0259 Politologiya ixtisas\u0131 2-ci kurs t\u0259l\u0259b\u0259si \u00dczeyir Mustafayev, III yer\u0259 is\u0259 Politologiya ixtisas\u0131 \u00fczr\u0259 1-ci kurs t\u0259l\u0259b\u0259si G\u00fcnel \u018fl\u0259kb\u0259rova layiq g\u00f6r\u00fcl\u00fcbl\u0259r. Qalibl\u0259r\u0259 Az\u0259rbaycan Respublikas\u0131n\u0131n Prezidenti yan\u0131nda Bilik Fondu t\u0259r\u0259find\u0259n h\u0259diyy\u0259l\u0259r, i\u015ftirak\u00e7\u0131lara is\u0259 kitablar h\u0259diyy\u0259 edilib.<\/p>\n\n\n\n<p><\/p>\n\n\n\n<figure class=\"wp-container-2 wp-block-gallery-1 wp-block-gallery columns-2 is-cropped\"><ul class=\"blocks-gallery-grid\"><li class=\"blocks-gallery-item\"><figure><img width=\"640\" height=\"424\" src=\"https:\/\/dia.edu.az\/wp-content\/uploads\/2021\/03\/10.05.17.jpg\" alt=\"\" data-id=\"12310\" data-full-url=\"https:\/\/dia.edu.az\/wp-content\/uploads\/2021\/03\/10.05.17.jpg\" data-link=\"https:\/\/dia.edu.az\/?attachment_id=12310\" class=\"wp-image-12310\" srcset=\"https:\/\/legacy.dia.edu.az\/wp-content\/uploads\/2021\/03\/10.05.17.jpg 640w, https:\/\/legacy.dia.edu.az\/wp-content\/uploads\/2021\/03\/10.05.17-300x199.jpg 300w, https:\/\/legacy.dia.edu.az\/wp-content\/uploads\/2021\/03\/10.05.17-16x12.jpg 16w, https:\/\/legacy.dia.edu.az\/wp-content\/uploads\/2021\/03\/10.05.17-150x100.jpg 150w, https:\/\/legacy.dia.edu.az\/wp-content\/uploads\/2021\/03\/10.05.17-300x199@2x.jpg 600w\" sizes=\"(max-width: 640px) 100vw, 640px\" \/><\/figure><\/li><li class=\"blocks-gallery-item\"><figure><img width=\"640\" height=\"424\" src=\"https:\/\/dia.edu.az\/wp-content\/uploads\/2021\/03\/10.05.2017.jpg\" alt=\"\" data-id=\"12311\" data-full-url=\"https:\/\/dia.edu.az\/wp-content\/uploads\/2021\/03\/10.05.2017.jpg\" data-link=\"https:\/\/dia.edu.az\/?attachment_id=12311\" class=\"wp-image-12311\" srcset=\"https:\/\/legacy.dia.edu.az\/wp-content\/uploads\/2021\/03\/10.05.2017.jpg 640w, https:\/\/legacy.dia.edu.az\/wp-content\/uploads\/2021\/03\/10.05.2017-300x199.jpg 300w, https:\/\/legacy.dia.edu.az\/wp-content\/uploads\/2021\/03\/10.05.2017-16x12.jpg 16w, https:\/\/legacy.dia.edu.az\/wp-content\/uploads\/2021\/03\/10.05.2017-150x100.jpg 150w, https:\/\/legacy.dia.edu.az\/wp-content\/uploads\/2021\/03\/10.05.2017-300x199@2x.jpg 600w\" sizes=\"(max-width: 640px) 100vw, 640px\" \/><\/figure><\/li><\/ul><\/figure>","protected":false},"excerpt":{"rendered":"<p>D\u00f6vl\u0259t \u0130dar\u0259\u00e7ilik Akademiyas\u0131 t\u0259l\u0259b\u0259l\u0259ri esse m\u00fcsabiq\u0259sinin qalibi olduMay 08 , 2017 &#8211; 01:14 Az\u0259rbaycan Respublikas\u0131n\u0131n Prezidenti yan\u0131nda D\u00f6vl\u0259t \u0130dar\u0259\u00e7ilik Akademiyas\u0131 v\u0259 Az\u0259rbaycan Respublikas\u0131n\u0131n Prezidenti yan\u0131nda Bilik Fondunun birg\u0259 t\u0259\u015fkilat\u00e7\u0131l\u0131\u011f\u0131 il\u0259 \u00fcmummilli lider Heyd\u0259r \u018fliyevin anadan olmas\u0131n\u0131n 94-c\u00fc ild\u00f6n\u00fcm\u00fcn\u0259 h\u0259sr edilmi\u015f \u201cAz\u0259rbaycan Respublikasinda Heyd\u0259r \u018fliyev v\u0259 G\u0259ncl\u0259r Siyas\u0259ti\u201d m\u00f6vzusunda esse m\u00fcsabiq\u0259sinin n\u0259tic\u0259l\u0259rin\u0259 h\u0259sr edilmi\u015f t\u0259l\u0259b\u0259 elmi [&hellip;]<\/p>","protected":false},"author":2,"featured_media":12311,"comment_status":"closed","ping_status":"closed","sticky":false,"template":"","format":"standard","meta":[],"categories":[137],"tags":[],"_links":{"self":[{"href":"https:\/\/legacy.dia.edu.az\/ru\/wp-json\/wp\/v2\/posts\/12309"}],"collection":[{"href":"https:\/\/legacy.dia.edu.az\/ru\/wp-json\/wp\/v2\/posts"}],"about":[{"href":"https:\/\/legacy.dia.edu.az\/ru\/wp-json\/wp\/v2\/types\/post"}],"author":[{"embeddable":true,"href":"https:\/\/legacy.dia.edu.az\/ru\/wp-json\/wp\/v2\/users\/2"}],"replies":[{"embeddable":true,"href":"https:\/\/legacy.dia.edu.az\/ru\/wp-json\/wp\/v2\/comments?post=12309"}],"version-history":[{"count":0,"href":"https:\/\/legacy.dia.edu.az\/ru\/wp-json\/wp\/v2\/posts\/12309\/revisions"}],"wp:featuredmedia":[{"embeddable":true,"href":"https:\/\/legacy.dia.edu.az\/ru\/wp-json\/wp\/v2\/media\/12311"}],"wp:attachment":[{"href":"https:\/\/legacy.dia.edu.az\/ru\/wp-json\/wp\/v2\/media?parent=12309"}],"wp:term":[{"taxonomy":"category","embeddable":true,"href":"https:\/\/legacy.dia.edu.az\/ru\/wp-json\/wp\/v2\/categories?post=12309"},{"taxonomy":"post_tag","embeddable":true,"href":"https:\/\/legacy.dia.edu.az\/ru\/wp-json\/wp\/v2\/tags?post=12309"}],"curies":[{"name":"wp","href":"https:\/\/api.w.org\/{rel}","templated":true}]}}