{"id":12304,"date":"2017-05-11T11:51:00","date_gmt":"2017-05-11T08:51:00","guid":{"rendered":"https:\/\/dia.edu.az\/?p=12304"},"modified":"2021-03-15T11:52:13","modified_gmt":"2021-03-15T08:52:13","slug":"az%c9%99rbyacanda-davamli-inkisafa-h%c9%99sr-olunmus-respublika-elmi-praktik-konfrans-kecirilmisdir","status":"publish","type":"post","link":"https:\/\/legacy.dia.edu.az\/ru\/arxivl\u0259r\/12304","title":{"rendered":"Az\u0259rbyacanda davaml\u0131 inki\u015fafa h\u0259sr olunmu\u015f respublika elmi-praktik konfrans ke\u00e7irilmi\u015fdir"},"content":{"rendered":"<p><\/p>\n\n\n\n<p><strong>Az\u0259rbyacanda davaml\u0131 inki\u015fafa h\u0259sr olunmu\u015f respublika elmi-praktik konfrans ke\u00e7irilmi\u015fdir<\/strong><br><em>May 11 , 2017 &#8211; 01:05<\/em><\/p>\n\n\n\n<p>Az\u0259rbaycan Respublikas\u0131n\u0131n Prezidenti yan\u0131nda D\u00f6vl\u0259t \u0130dar\u0259\u00e7ilik Akademiyas\u0131n\u0131n \u201cDavaml\u0131 inki\u015faf\u0131n planla\u015fd\u0131r\u0131lmas\u0131 v\u0259 idar\u0259 edilm\u0259si\u201d&nbsp;kafedras\u0131n\u0131n v\u0259 Az\u0259rbaycan Respublikas\u0131n\u0131n D\u00f6vl\u0259t G\u00f6mr\u00fck K\u00f6mit\u0259sinin Akademiyas\u0131n\u0131n t\u0259\u015fkilat\u00e7\u0131l\u0131\u011f\u0131 il\u0259 \u201c M\u00fcasir&nbsp; d\u00f6vrd\u0259 davaml\u0131 inki\u015faf\u0131n idar\u0259 edilm\u0259sinin \u0259sas istiqam\u0259tl\u0259ri \u201d m\u00f6vzusunda respublika elmi-praktiki&nbsp; konfrans\u0131 ke\u00e7irilmi\u015fdir.<\/p>\n\n\n\n<p>Konfransda D\u00f6vl\u0259t \u0130dar\u0259\u00e7ilik Akademiyas\u0131n\u0131n, Az\u0259rbaycan Respublikas\u0131n\u0131n D\u00f6vl\u0259t G\u00f6mr\u00fck Komit\u0259si Akademiyas\u0131n\u0131n v\u0259 T\u00fcrkiy\u0259nin EGE \u00dcniversitesinin professor-m\u00fc\u0259llim hey\u0259ti, doktorantlar, magistrantlar v\u0259 t\u0259l\u0259b\u0259l\u0259r i\u015ftirak etmi\u015fdir.<\/p>\n\n\n\n<p>Elmi-praktik konfrans\u0131 giri\u015f s\u00f6z\u00fc il\u0259 Az\u0259rbaycan Respublikas\u0131n\u0131n Prezidenti yan\u0131nda D\u00f6vl\u0259t \u0130dar\u0259\u00e7ilik Akademiyas\u0131n\u0131n rektoru, akademik Urxan \u018fl\u0259kb\u0259rov a\u00e7m\u0131\u015fd\u0131r. Rektor, qeyd etmi\u015fdir ki, Az\u0259rbaycan\u0131n davaml\u0131 inki\u015faf\u0131nda \u0259ld\u0259 etdiyi u\u011furlar xalq\u0131m\u0131z\u0131n \u00fcmummilli lideri, m\u00fcst\u0259qil Az\u0259rbaycan d\u00f6vl\u0259tinin memar\u0131 Heyd\u0259r \u018fliyevin yeritdiyi uzaqg\u00f6r\u0259n, m\u00fcdrik siyas\u0259ti, h\u0259m\u00e7inin prezident \u0130lham \u018fliyevin \u00f6lk\u0259nin modernl\u0259\u015fm\u0259sind\u0259&nbsp; apard\u0131\u011f\u0131 islahatlar il\u0259 ba\u011fl\u0131d\u0131r.<\/p>\n\n\n\n<p>Konfransda \u00e7\u0131x\u0131\u015f ed\u0259n&nbsp;Az\u0259rbaycan Respublikas\u0131n\u0131n D\u00f6vl\u0259t G\u00f6mr\u00fck K\u00f6mit\u0259sinin s\u0259dr m\u00fcavini, general-leytenant \u015eahin Ba\u011f\u0131rov&nbsp;t\u0259dbirin \u0259h\u0259miyy\u0259tind\u0259n, Az\u0259rbaycan\u0131n iqtisadi inki\u015faf\u0131nda k\u00f6mr\u00fck komit\u0259sinin rolu, \u00f6lk\u0259nin davaml\u0131 inki\u015faf\u0131n\u0131n idar\u0259 edilm\u0259sind\u0259 \u0259ld\u0259 edlmi\u015f nailiyy\u0259tl\u0259r bar\u0259d\u0259 \u00e7\u0131x\u0131\u015f etmi\u015fdir.<\/p>\n\n\n\n<p>Konfrans\u0131n plenar iclas\u0131nda &nbsp;m\u0259ruz\u0259 il\u0259 &nbsp;D\u00f6vl\u0259t \u0130dar\u0259\u00e7ilik Akademiyas\u0131n\u0131n inzibati idar\u0259etm\u0259 fak\u00fclt\u0259sinin dekan\u0131 professor \u00c7ingiz \u0130smay\u0131lov \u201cM\u00fcasir d\u00f6vrd\u0259 Az\u0259rbaycan\u0131n davaml\u0131 inki\u015faf\u0131n\u0131n t\u0259min edilm\u0259sinin \u0259sas meyarlar\u0131\u201d movzusunda, \u0130zmirin EGEY universitetinin professorlar\u0131 Tancu Tosun , G\u00fclg\u00fcn Erdo\u011fan Tosun v\u0259 Mustafa Mutluer \u0130zmir timsal\u0131nda davaml\u0131 inki\u015faf, \u015f\u0259h\u0259r urbanizasiyas\u0131, turizm sektorunun inki\u015faf\u0131 v\u0259 alternativ enerjinin istifad\u0259si &nbsp;m\u00f6vzular\u0131na h\u0259sr olunmu\u015f m\u0259ruz\u0259l\u0259rl\u0259 &nbsp;\u00e7\u0131x\u0131\u015f etmi\u015fl\u0259r.<\/p>\n\n\n\n<p>G\u00fcn\u00fcn ikinci yar\u0131s\u0131nda g\u0259nc aliml\u0259r Bayramov Ramil, El\u015f\u0259n \u018fhm\u0259dov, Simnar Mamedov, D\u0130A-n\u0131n v\u0259 DGKA-n\u0131n doktorant v\u0259 t\u0259l\u0259b\u0259l\u0259ri maraql\u0131 m\u0259ruz\u0259 v\u0259 prezentasiyalar il\u0259 \u00e7\u0131x\u0131\u015flar etmi\u015fl\u0259r.<\/p>\n\n\n\n<p><\/p>\n\n\n\n<figure class=\"wp-container-2 wp-block-gallery-1 wp-block-gallery columns-3 is-cropped\"><ul class=\"blocks-gallery-grid\"><li class=\"blocks-gallery-item\"><figure><img width=\"640\" height=\"424\" src=\"https:\/\/dia.edu.az\/wp-content\/uploads\/2021\/03\/11.05.17.jpg\" alt=\"\" data-id=\"12305\" data-full-url=\"https:\/\/dia.edu.az\/wp-content\/uploads\/2021\/03\/11.05.17.jpg\" data-link=\"https:\/\/dia.edu.az\/?attachment_id=12305\" class=\"wp-image-12305\" srcset=\"https:\/\/legacy.dia.edu.az\/wp-content\/uploads\/2021\/03\/11.05.17.jpg 640w, https:\/\/legacy.dia.edu.az\/wp-content\/uploads\/2021\/03\/11.05.17-300x199.jpg 300w, https:\/\/legacy.dia.edu.az\/wp-content\/uploads\/2021\/03\/11.05.17-16x12.jpg 16w, https:\/\/legacy.dia.edu.az\/wp-content\/uploads\/2021\/03\/11.05.17-150x100.jpg 150w, https:\/\/legacy.dia.edu.az\/wp-content\/uploads\/2021\/03\/11.05.17-300x199@2x.jpg 600w\" sizes=\"(max-width: 640px) 100vw, 640px\" \/><\/figure><\/li><li class=\"blocks-gallery-item\"><figure><img width=\"640\" height=\"424\" src=\"https:\/\/dia.edu.az\/wp-content\/uploads\/2021\/03\/11.05.2017.jpg\" alt=\"\" data-id=\"12306\" data-full-url=\"https:\/\/dia.edu.az\/wp-content\/uploads\/2021\/03\/11.05.2017.jpg\" data-link=\"https:\/\/dia.edu.az\/?attachment_id=12306\" class=\"wp-image-12306\" srcset=\"https:\/\/legacy.dia.edu.az\/wp-content\/uploads\/2021\/03\/11.05.2017.jpg 640w, https:\/\/legacy.dia.edu.az\/wp-content\/uploads\/2021\/03\/11.05.2017-300x199.jpg 300w, https:\/\/legacy.dia.edu.az\/wp-content\/uploads\/2021\/03\/11.05.2017-16x12.jpg 16w, https:\/\/legacy.dia.edu.az\/wp-content\/uploads\/2021\/03\/11.05.2017-150x100.jpg 150w, https:\/\/legacy.dia.edu.az\/wp-content\/uploads\/2021\/03\/11.05.2017-300x199@2x.jpg 600w\" sizes=\"(max-width: 640px) 100vw, 640px\" \/><\/figure><\/li><li class=\"blocks-gallery-item\"><figure><img width=\"640\" height=\"424\" src=\"https:\/\/dia.edu.az\/wp-content\/uploads\/2021\/03\/11.05.20171.jpg\" alt=\"\" data-id=\"12307\" data-full-url=\"https:\/\/dia.edu.az\/wp-content\/uploads\/2021\/03\/11.05.20171.jpg\" data-link=\"https:\/\/dia.edu.az\/?attachment_id=12307\" class=\"wp-image-12307\" srcset=\"https:\/\/legacy.dia.edu.az\/wp-content\/uploads\/2021\/03\/11.05.20171.jpg 640w, https:\/\/legacy.dia.edu.az\/wp-content\/uploads\/2021\/03\/11.05.20171-300x199.jpg 300w, https:\/\/legacy.dia.edu.az\/wp-content\/uploads\/2021\/03\/11.05.20171-16x12.jpg 16w, https:\/\/legacy.dia.edu.az\/wp-content\/uploads\/2021\/03\/11.05.20171-150x100.jpg 150w, https:\/\/legacy.dia.edu.az\/wp-content\/uploads\/2021\/03\/11.05.20171-300x199@2x.jpg 600w\" sizes=\"(max-width: 640px) 100vw, 640px\" \/><\/figure><\/li><\/ul><\/figure>","protected":false},"excerpt":{"rendered":"<p>Az\u0259rbyacanda davaml\u0131 inki\u015fafa h\u0259sr olunmu\u015f respublika elmi-praktik konfrans ke\u00e7irilmi\u015fdirMay 11 , 2017 &#8211; 01:05 Az\u0259rbaycan Respublikas\u0131n\u0131n Prezidenti yan\u0131nda D\u00f6vl\u0259t \u0130dar\u0259\u00e7ilik Akademiyas\u0131n\u0131n \u201cDavaml\u0131 inki\u015faf\u0131n planla\u015fd\u0131r\u0131lmas\u0131 v\u0259 idar\u0259 edilm\u0259si\u201d&nbsp;kafedras\u0131n\u0131n v\u0259 Az\u0259rbaycan Respublikas\u0131n\u0131n D\u00f6vl\u0259t G\u00f6mr\u00fck K\u00f6mit\u0259sinin Akademiyas\u0131n\u0131n t\u0259\u015fkilat\u00e7\u0131l\u0131\u011f\u0131 il\u0259 \u201c M\u00fcasir&nbsp; d\u00f6vrd\u0259 davaml\u0131 inki\u015faf\u0131n idar\u0259 edilm\u0259sinin \u0259sas istiqam\u0259tl\u0259ri \u201d m\u00f6vzusunda respublika elmi-praktiki&nbsp; konfrans\u0131 ke\u00e7irilmi\u015fdir. Konfransda D\u00f6vl\u0259t \u0130dar\u0259\u00e7ilik Akademiyas\u0131n\u0131n, [&hellip;]<\/p>","protected":false},"author":2,"featured_media":12306,"comment_status":"closed","ping_status":"closed","sticky":false,"template":"","format":"standard","meta":[],"categories":[137],"tags":[],"_links":{"self":[{"href":"https:\/\/legacy.dia.edu.az\/ru\/wp-json\/wp\/v2\/posts\/12304"}],"collection":[{"href":"https:\/\/legacy.dia.edu.az\/ru\/wp-json\/wp\/v2\/posts"}],"about":[{"href":"https:\/\/legacy.dia.edu.az\/ru\/wp-json\/wp\/v2\/types\/post"}],"author":[{"embeddable":true,"href":"https:\/\/legacy.dia.edu.az\/ru\/wp-json\/wp\/v2\/users\/2"}],"replies":[{"embeddable":true,"href":"https:\/\/legacy.dia.edu.az\/ru\/wp-json\/wp\/v2\/comments?post=12304"}],"version-history":[{"count":0,"href":"https:\/\/legacy.dia.edu.az\/ru\/wp-json\/wp\/v2\/posts\/12304\/revisions"}],"wp:featuredmedia":[{"embeddable":true,"href":"https:\/\/legacy.dia.edu.az\/ru\/wp-json\/wp\/v2\/media\/12306"}],"wp:attachment":[{"href":"https:\/\/legacy.dia.edu.az\/ru\/wp-json\/wp\/v2\/media?parent=12304"}],"wp:term":[{"taxonomy":"category","embeddable":true,"href":"https:\/\/legacy.dia.edu.az\/ru\/wp-json\/wp\/v2\/categories?post=12304"},{"taxonomy":"post_tag","embeddable":true,"href":"https:\/\/legacy.dia.edu.az\/ru\/wp-json\/wp\/v2\/tags?post=12304"}],"curies":[{"name":"wp","href":"https:\/\/api.w.org\/{rel}","templated":true}]}}