{"id":12301,"date":"2017-05-22T11:49:00","date_gmt":"2017-05-22T08:49:00","guid":{"rendered":"https:\/\/dia.edu.az\/?p=12301"},"modified":"2021-03-15T11:50:49","modified_gmt":"2021-03-15T08:50:49","slug":"dovl%c9%99t-idar%c9%99cilik-akademiyasinda-cin-xalq-respublikasinin-az%c9%99rbaycandaki-s%c9%99firi-il%c9%99-gorus-kecirilmisdir","status":"publish","type":"post","link":"https:\/\/legacy.dia.edu.az\/ru\/arxivl\u0259r\/12301","title":{"rendered":"D\u00f6vl\u0259t \u0130dar\u0259\u00e7ilik Akademiyas\u0131nda \u00c7in Xalq Respublikas\u0131n\u0131n Az\u0259rbaycandak\u0131 s\u0259firi il\u0259 g\u00f6r\u00fc\u015f ke\u00e7irilmi\u015fdir"},"content":{"rendered":"<p><\/p>\n\n\n\n<p><strong>D\u00f6vl\u0259t \u0130dar\u0259\u00e7ilik Akademiyas\u0131nda \u00c7in Xalq Respublikas\u0131n\u0131n Az\u0259rbaycandak\u0131 s\u0259firi il\u0259 g\u00f6r\u00fc\u015f ke\u00e7irilmi\u015fdir<\/strong><br><em>May 22 , 2017 &#8211; 03:47<\/em><\/p>\n\n\n\n<p>22 may 2017-ci ild\u0259 Az\u0259rbaycan Respublikas\u0131n\u0131n Prezidenti yan\u0131nda D\u00f6vl\u0259t \u0130dar\u0259\u00e7ilik Akademiyas\u0131nda \u00c7in Xalq Respublikas\u0131n\u0131n Az\u0259rbaycan Respublikas\u0131ndak\u0131 f\u00f6vq\u0259lad\u0259 v\u0259 s\u0259lahiyy\u0259tli s\u0259firi Vey Cinhua il\u0259 t\u0259l\u0259b\u0259 v\u0259 m\u00fc\u0259lliml\u0259rin g\u00f6r\u00fc\u015f\u00fc ke\u00e7irilmi\u015fdir.<\/p>\n\n\n\n<p>T\u0259dbiri giri\u015f s\u00f6z\u00fc il\u0259 a\u00e7an Akademiyan\u0131n rektoru, akademik Urxan \u018fl\u0259kb\u0259rov qonaqlar\u0131 salamlam\u0131\u015f, \u00f6lk\u0259l\u0259rimiz aras\u0131nda m\u00fcnasib\u0259tl\u0259rin ilb\u0259il inki\u015faf etm\u0259sini qeyd etmi\u015fdir. \u00c7inin d\u00f6vl\u0259t idar\u0259\u00e7iliyi sah\u0259sind\u0259 b\u00f6y\u00fck t\u0259cr\u00fcb\u0259y\u0259 malik oldu\u011funu bildir\u0259n rektor, d\u00f6vl\u0259t idar\u0259\u00e7iliyi sah\u0259sind\u0259 elmi-n\u0259z\u0259ri m\u0259s\u0259l\u0259l\u0259rin \u00f6yr\u0259nilm\u0259sinin \u0259h\u0259miyy\u0259tini vur\u011fulam\u0131\u015fd\u0131r.<\/p>\n\n\n\n<p>&nbsp;&nbsp;&nbsp;&nbsp;&nbsp;&nbsp;&nbsp;&nbsp;&nbsp; T\u0259dbird\u0259 \u00e7\u0131x\u0131\u015f ed\u0259n s\u0259fir Vey Cinhua g\u00f6r\u00fc\u015f\u00fc y\u00fcks\u0259k qiym\u0259tl\u0259ndirmi\u015f v\u0259 bunun \u00f6lk\u0259l\u0259rimiz aras\u0131nda elmi sah\u0259d\u0259 m\u00fcnasib\u0259tl\u0259rin g\u0259l\u0259c\u0259k inki\u015faf\u0131na \u00f6z t\u00f6hf\u0259sini ver\u0259c\u0259yin\u0259 \u0259minliyini bildirmi\u015fdir. Daha sonra qonaq &nbsp;\u00c7in-Az\u0259rbaycan m\u00fcnasib\u0259tl\u0259ri haqq\u0131nda m\u0259ruz\u0259 il\u0259 \u00e7\u0131x\u0131\u015f etmi\u015fdir. O, bildirmi\u015fdir ki, Az\u0259rbaycan Respublikas\u0131 v\u0259 \u00c7in Xalq Respublikas\u0131 aras\u0131nda diplomatik m\u00fcnasib\u0259tl\u0259rin quruldu\u011fu 25 il \u0259rzind\u0259 Az\u0259rbaycan-\u00c7in \u0259laq\u0259l\u0259ri h\u0259mi\u015f\u0259 sa\u011flam m\u0259crada inki\u015faf etmi\u015f, \u00c7in t\u0259r\u0259fi daim Az\u0259rbaycan\u0131n m\u00fcst\u0259qilliyini, suverenliyini v\u0259 \u0259razi b\u00fct\u00f6vl\u00fcy\u00fcn\u00fc d\u0259st\u0259kl\u0259mi\u015fdir.<\/p>\n\n\n\n<p>Daha sonra c\u0259nab s\u0259fir \u00c7ind\u0259 ke\u00e7iril\u0259n &#8220;Bir k\u0259m\u0259r-bir yol&#8221; iqtisadi inki\u015faf strategiyas\u0131 \u00e7\u0259r\u00e7iv\u0259sind\u0259 ke\u00e7iril\u0259n beyn\u0259lxalq forumda Az\u0259rbaycan\u0131n n\u00fcmay\u0259nd\u0259 hey\u0259tinin y\u00fcks\u0259k s\u0259viyy\u0259d\u0259 i\u015ftirak etdiyini bildirmi\u015fdir. \u00c7\u0131x\u0131\u015f\u0131n\u0131n sonunda s\u0259fir \u00e7oxsayl\u0131 suallar\u0131 cavabland\u0131rm\u0131\u015f v\u0259 s\u0259mimi dostluq \u015f\u0259raitind\u0259 ke\u00e7\u0259n g\u00f6r\u00fc\u015f\u0259 g\u00f6r\u0259 akademiya r\u0259hb\u0259rliyin\u0259 v\u0259 kollektivin\u0259 \u00f6z d\u0259rin minn\u0259tdarl\u0131\u011f\u0131n\u0131 bildirmi\u015fdir.<\/p>\n\n\n\n<p><\/p>\n\n\n\n<figure class=\"wp-container-2 wp-block-gallery-1 wp-block-gallery columns-1 is-cropped\"><ul class=\"blocks-gallery-grid\"><li class=\"blocks-gallery-item\"><figure><img width=\"640\" height=\"424\" src=\"https:\/\/dia.edu.az\/wp-content\/uploads\/2021\/03\/22.05.jpg\" alt=\"\" data-id=\"12302\" data-full-url=\"https:\/\/dia.edu.az\/wp-content\/uploads\/2021\/03\/22.05.jpg\" data-link=\"https:\/\/dia.edu.az\/?attachment_id=12302\" class=\"wp-image-12302\" srcset=\"https:\/\/legacy.dia.edu.az\/wp-content\/uploads\/2021\/03\/22.05.jpg 640w, https:\/\/legacy.dia.edu.az\/wp-content\/uploads\/2021\/03\/22.05-300x199.jpg 300w, https:\/\/legacy.dia.edu.az\/wp-content\/uploads\/2021\/03\/22.05-16x12.jpg 16w, https:\/\/legacy.dia.edu.az\/wp-content\/uploads\/2021\/03\/22.05-150x100.jpg 150w, https:\/\/legacy.dia.edu.az\/wp-content\/uploads\/2021\/03\/22.05-300x199@2x.jpg 600w\" sizes=\"(max-width: 640px) 100vw, 640px\" \/><\/figure><\/li><\/ul><\/figure>","protected":false},"excerpt":{"rendered":"<p>D\u00f6vl\u0259t \u0130dar\u0259\u00e7ilik Akademiyas\u0131nda \u00c7in Xalq Respublikas\u0131n\u0131n Az\u0259rbaycandak\u0131 s\u0259firi il\u0259 g\u00f6r\u00fc\u015f ke\u00e7irilmi\u015fdirMay 22 , 2017 &#8211; 03:47 22 may 2017-ci ild\u0259 Az\u0259rbaycan Respublikas\u0131n\u0131n Prezidenti yan\u0131nda D\u00f6vl\u0259t \u0130dar\u0259\u00e7ilik Akademiyas\u0131nda \u00c7in Xalq Respublikas\u0131n\u0131n Az\u0259rbaycan Respublikas\u0131ndak\u0131 f\u00f6vq\u0259lad\u0259 v\u0259 s\u0259lahiyy\u0259tli s\u0259firi Vey Cinhua il\u0259 t\u0259l\u0259b\u0259 v\u0259 m\u00fc\u0259lliml\u0259rin g\u00f6r\u00fc\u015f\u00fc ke\u00e7irilmi\u015fdir. T\u0259dbiri giri\u015f s\u00f6z\u00fc il\u0259 a\u00e7an Akademiyan\u0131n rektoru, akademik Urxan \u018fl\u0259kb\u0259rov qonaqlar\u0131 [&hellip;]<\/p>","protected":false},"author":2,"featured_media":12302,"comment_status":"closed","ping_status":"closed","sticky":false,"template":"","format":"standard","meta":[],"categories":[137],"tags":[],"_links":{"self":[{"href":"https:\/\/legacy.dia.edu.az\/ru\/wp-json\/wp\/v2\/posts\/12301"}],"collection":[{"href":"https:\/\/legacy.dia.edu.az\/ru\/wp-json\/wp\/v2\/posts"}],"about":[{"href":"https:\/\/legacy.dia.edu.az\/ru\/wp-json\/wp\/v2\/types\/post"}],"author":[{"embeddable":true,"href":"https:\/\/legacy.dia.edu.az\/ru\/wp-json\/wp\/v2\/users\/2"}],"replies":[{"embeddable":true,"href":"https:\/\/legacy.dia.edu.az\/ru\/wp-json\/wp\/v2\/comments?post=12301"}],"version-history":[{"count":0,"href":"https:\/\/legacy.dia.edu.az\/ru\/wp-json\/wp\/v2\/posts\/12301\/revisions"}],"wp:featuredmedia":[{"embeddable":true,"href":"https:\/\/legacy.dia.edu.az\/ru\/wp-json\/wp\/v2\/media\/12302"}],"wp:attachment":[{"href":"https:\/\/legacy.dia.edu.az\/ru\/wp-json\/wp\/v2\/media?parent=12301"}],"wp:term":[{"taxonomy":"category","embeddable":true,"href":"https:\/\/legacy.dia.edu.az\/ru\/wp-json\/wp\/v2\/categories?post=12301"},{"taxonomy":"post_tag","embeddable":true,"href":"https:\/\/legacy.dia.edu.az\/ru\/wp-json\/wp\/v2\/tags?post=12301"}],"curies":[{"name":"wp","href":"https:\/\/api.w.org\/{rel}","templated":true}]}}