{"id":12298,"date":"2017-05-24T11:48:00","date_gmt":"2017-05-24T08:48:00","guid":{"rendered":"https:\/\/dia.edu.az\/?p=12298"},"modified":"2021-03-15T11:49:30","modified_gmt":"2021-03-15T08:49:30","slug":"idar%c9%99cilik-akademiyasinda-cumhuriyy%c9%99t-anildi","status":"publish","type":"post","link":"https:\/\/legacy.dia.edu.az\/ru\/arxivl\u0259r\/12298","title":{"rendered":"\u0130dar\u0259\u00e7ilik Akademiyasinda C\u00fcmhuriyy\u0259t anildi"},"content":{"rendered":"<p><\/p>\n\n\n\n<p><strong>\u0130dar\u0259\u00e7ilik Akademiyasinda C\u00fcmhuriyy\u0259t anildi<\/strong><br><em>May 24 , 2017 &#8211; 10:52<\/em><\/p>\n\n\n\n<p>24 may 2017-ci ild\u0259 Az\u0259rbaycan Respublikas\u0131 Prezidenti yan\u0131nda D\u00f6vl\u0259t \u0130dar\u0259\u00e7iliyi Akademiyas\u0131nda Az\u0259rbaycan Xalq C\u00fcmhuriyy\u0259tinin 99-cu ild\u00f6n\u00fcm\u00fcn\u0259 h\u0259sr olunan elmi-praktik konfrans ke\u00e7irilib. Konfrans\u0131 giri\u015f s\u00f6z\u00fc il\u0259 ali t\u0259hsil oca\u011f\u0131n\u0131n rektoru, akademik Urxan \u018fl\u0259kb\u0259rov a\u00e7\u0131b.<\/p>\n\n\n\n<p>D\u00f6vl\u0259t himninin s\u0259sl\u0259nm\u0259sind\u0259n sonra Az\u0259rbaycan Xalq C\u00fcmhuriyy\u0259tin\u0259 h\u0259sr olunan q\u0131sa film g\u00f6st\u0259rilib.&nbsp;<\/p>\n\n\n\n<p>M\u00fcst\u0259qilliyin b\u00f6y\u00fck nem\u0259t oldu\u011funu s\u00f6yl\u0259y\u0259n akademik U.\u018fl\u0259kb\u0259rov Az\u0259rbaycan Respublikas\u0131 Prezidenti \u0130lham \u018fliyevin bir ne\u00e7\u0259 g\u00fcn \u00f6nc\u0259 c\u00fcmhuriyy\u0259tin yaranmas\u0131n\u0131n 100 illiyinin qeyd olunmas\u0131 bar\u0259d\u0259 s\u0259r\u0259ncam verdiyini xat\u0131rlay\u0131b. Prezident s\u0259r\u0259ncam\u0131na uy\u011fun \u0130dar\u0259\u00e7ilik Akademiyas\u0131nda da t\u0259dbirl\u0259r plan\u0131 haz\u0131rlanaca\u011f\u0131n\u0131, bu m\u0259qs\u0259dl\u0259 t\u0259\u015fkilat komit\u0259si yarad\u0131laca\u011f\u0131n\u0131 vur\u011fulay\u0131b.<\/p>\n\n\n\n<p>Sonra D\u0130A-n\u0131n \u201cTarix\u201d kafedras\u0131n\u0131n m\u00fcdiri, dosent Firdovsiyy\u0259 \u018fhm\u0259dova &#8220;Az\u0259rbaycan muxtariyy\u0259ti t\u0259l\u0259bind\u0259n \u0130stiqlal b\u0259yannam\u0259sin\u0259 ged\u0259n yol\u201d bar\u0259d\u0259 m\u0259ruz\u0259 edib.&nbsp;<\/p>\n\n\n\n<p>Tarix\u00e7i-alim 1917-ci il fevral inqilab\u0131ndan sonra Qafqazda ba\u015f ver\u0259n ictimai-siyasi prosesl\u0259ri t\u0259hlil edib, Az\u0259rbaycan ziyal\u0131lar\u0131n\u0131n milli-m\u0259d\u0259ni muxtariyy\u0259t u\u011frunda apard\u0131qlar\u0131 m\u00fcbariz\u0259d\u0259n dan\u0131\u015f\u0131b. \u00c7ar Rusiyas\u0131n\u0131n devrilm\u0259sind\u0259n sonra yeni tarixi \u015f\u0259raitd\u0259 ziyal\u0131lar\u0131n, ictimai-siyasi xadiml\u0259rin Az\u0259rbaycan istiqlal\u0131 t\u0259l\u0259bi il\u0259 \u00e7\u0131x\u0131\u015f etdikl\u0259rini vur\u011fulay\u0131b. F.\u018fhm\u0259dova tarixi faktlara s\u00f6yk\u0259n\u0259r\u0259k qeyd edib ki, 1918-ci il may\u0131n 28-d\u0259 q\u0259bul olunan istiqlal b\u0259yannam\u0259si bird\u0259n-bir\u0259 inqilabi prosesl\u0259rin n\u0259tic\u0259si kimi ortaya \u00e7\u0131xan akt deyil: &#8220;Bu art\u0131q XIX \u0259srin ax\u0131rlar\u0131ndan ba\u015flayaraq c\u0259miyy\u0259timizd\u0259 ziyal\u0131lar\u0131n milli d\u00fc\u015f\u00fcnc\u0259sin\u0259 y\u00f6n\u0259l\u0259n f\u0259aliyy\u0259ti il\u0259 ba\u011fl\u0131 idi. V\u0259 art\u0131q XIX \u0259srin ax\u0131rlar\u0131ndan ba\u015flayaraq c\u0259miyy\u0259timizd\u0259 ziyal\u0131lar\u0131n c\u00fcmhuriyy\u0259t qurulu\u015flu bir c\u0259miyy\u0259t arzusunun n\u0259tic\u0259sidir\u201d.<\/p>\n\n\n\n<p>Tarix \u00fczr\u0259 f\u0259ls\u0259f\u0259 doktoru, &#8220;\u015e\u0259rq\u201d q\u0259zetinin ba\u015f redaktoru &#8220;Az\u0259rbaycan milli m\u0259tbuat\u0131n\u0131n istiqlal m\u00fccadil\u0259sind\u0259 rolu\u201d m\u00f6vzusunda m\u0259ruz\u0259 edib. A.A\u015f\u0131rl\u0131 bildirib ki, c\u00fcmhuriyy\u0259t ideyas\u0131 milli m\u0259tbuat\u0131n s\u0259hif\u0259l\u0259rind\u0259 formala\u015f\u0131b. C\u00fcmhuriyy\u0259t liderl\u0259rinin t\u0259rc\u00fcmeyi-hal\u0131na fikir vers\u0259k ayd\u0131n olar ki, bu b\u00f6y\u00fck \u015f\u0259xsiyy\u0259tl\u0259rin \u0259ks\u0259riyy\u0259ti siyasi publisistika il\u0259 m\u0259\u015f\u011ful olub. \u018f.A\u011fao\u011flu, \u018f.H\u00fcseynzad\u0259, M.\u018f.R\u0259sulzad\u0259, \u018f.Top\u00e7uba\u015fov, \u00dc.Hac\u0131b\u0259yli, C.Hac\u0131b\u0259yli, \u015e.R\u00fcst\u0259mb\u0259yli d\u00f6vr\u00fcn q\u00fcdr\u0259tli q\u0259l\u0259m sahibl\u0259ri idi.<\/p>\n\n\n\n<p>Bak\u0131 D\u00f6vl\u0259t Universitetinin dosenti, tarix \u00fczr\u0259 f\u0259ls\u0259f\u0259 doktoru Arif\u0259 Ad\u0131g\u00f6z\u0259lova &#8220;Fevral inqilab\u0131ndan sonra Az\u0259rbaycan siyasi sistemind\u0259 M\u00fcs\u0259lman Milli komit\u0259l\u0259rinin yeri\u201d m\u00f6vzusunda m\u0259ruz\u0259sind\u0259 1918-ci ilin may\u0131na q\u0259d\u0259rki d\u00f6vr\u00fc xarakteriz\u0259 edib.<\/p>\n\n\n\n<p>Rektor akademik U.\u018fl\u0259kb\u0259rovun yekun s\u00f6z\u00fc il\u0259 elmi-praktik \u00a0konfrans \u00f6z i\u015fini yekunla\u015fd\u0131r\u0131b.<\/p>\n\n\n\n<p><\/p>\n\n\n\n<figure class=\"wp-container-2 wp-block-gallery-1 wp-block-gallery columns-1 is-cropped\"><ul class=\"blocks-gallery-grid\"><li class=\"blocks-gallery-item\"><figure><img width=\"640\" height=\"424\" src=\"https:\/\/dia.edu.az\/wp-content\/uploads\/2021\/03\/24.05-1.jpg\" alt=\"\" data-id=\"12299\" data-full-url=\"https:\/\/dia.edu.az\/wp-content\/uploads\/2021\/03\/24.05-1.jpg\" data-link=\"https:\/\/dia.edu.az\/?attachment_id=12299\" class=\"wp-image-12299\" srcset=\"https:\/\/legacy.dia.edu.az\/wp-content\/uploads\/2021\/03\/24.05-1.jpg 640w, https:\/\/legacy.dia.edu.az\/wp-content\/uploads\/2021\/03\/24.05-1-300x199.jpg 300w, https:\/\/legacy.dia.edu.az\/wp-content\/uploads\/2021\/03\/24.05-1-16x12.jpg 16w, https:\/\/legacy.dia.edu.az\/wp-content\/uploads\/2021\/03\/24.05-1-150x100.jpg 150w, https:\/\/legacy.dia.edu.az\/wp-content\/uploads\/2021\/03\/24.05-1-300x199@2x.jpg 600w\" sizes=\"(max-width: 640px) 100vw, 640px\" \/><\/figure><\/li><\/ul><\/figure>","protected":false},"excerpt":{"rendered":"<p>\u0130dar\u0259\u00e7ilik Akademiyasinda C\u00fcmhuriyy\u0259t anildiMay 24 , 2017 &#8211; 10:52 24 may 2017-ci ild\u0259 Az\u0259rbaycan Respublikas\u0131 Prezidenti yan\u0131nda D\u00f6vl\u0259t \u0130dar\u0259\u00e7iliyi Akademiyas\u0131nda Az\u0259rbaycan Xalq C\u00fcmhuriyy\u0259tinin 99-cu ild\u00f6n\u00fcm\u00fcn\u0259 h\u0259sr olunan elmi-praktik konfrans ke\u00e7irilib. Konfrans\u0131 giri\u015f s\u00f6z\u00fc il\u0259 ali t\u0259hsil oca\u011f\u0131n\u0131n rektoru, akademik Urxan \u018fl\u0259kb\u0259rov a\u00e7\u0131b. D\u00f6vl\u0259t himninin s\u0259sl\u0259nm\u0259sind\u0259n sonra Az\u0259rbaycan Xalq C\u00fcmhuriyy\u0259tin\u0259 h\u0259sr olunan q\u0131sa film g\u00f6st\u0259rilib.&nbsp; M\u00fcst\u0259qilliyin [&hellip;]<\/p>","protected":false},"author":2,"featured_media":12299,"comment_status":"closed","ping_status":"closed","sticky":false,"template":"","format":"standard","meta":[],"categories":[137],"tags":[],"_links":{"self":[{"href":"https:\/\/legacy.dia.edu.az\/ru\/wp-json\/wp\/v2\/posts\/12298"}],"collection":[{"href":"https:\/\/legacy.dia.edu.az\/ru\/wp-json\/wp\/v2\/posts"}],"about":[{"href":"https:\/\/legacy.dia.edu.az\/ru\/wp-json\/wp\/v2\/types\/post"}],"author":[{"embeddable":true,"href":"https:\/\/legacy.dia.edu.az\/ru\/wp-json\/wp\/v2\/users\/2"}],"replies":[{"embeddable":true,"href":"https:\/\/legacy.dia.edu.az\/ru\/wp-json\/wp\/v2\/comments?post=12298"}],"version-history":[{"count":0,"href":"https:\/\/legacy.dia.edu.az\/ru\/wp-json\/wp\/v2\/posts\/12298\/revisions"}],"wp:featuredmedia":[{"embeddable":true,"href":"https:\/\/legacy.dia.edu.az\/ru\/wp-json\/wp\/v2\/media\/12299"}],"wp:attachment":[{"href":"https:\/\/legacy.dia.edu.az\/ru\/wp-json\/wp\/v2\/media?parent=12298"}],"wp:term":[{"taxonomy":"category","embeddable":true,"href":"https:\/\/legacy.dia.edu.az\/ru\/wp-json\/wp\/v2\/categories?post=12298"},{"taxonomy":"post_tag","embeddable":true,"href":"https:\/\/legacy.dia.edu.az\/ru\/wp-json\/wp\/v2\/tags?post=12298"}],"curies":[{"name":"wp","href":"https:\/\/api.w.org\/{rel}","templated":true}]}}