{"id":12295,"date":"2017-05-27T11:47:00","date_gmt":"2017-05-27T08:47:00","guid":{"rendered":"https:\/\/dia.edu.az\/?p=12295"},"modified":"2021-03-15T11:48:23","modified_gmt":"2021-03-15T08:48:23","slug":"dovl%c9%99t-idar%c9%99cilik-akademiyasinda-28-may-respublika-gunun%c9%99-h%c9%99sr-olunmus-d%c9%99yirmi-masa-kecirilmisdir","status":"publish","type":"post","link":"https:\/\/legacy.dia.edu.az\/ru\/arxivl\u0259r\/12295","title":{"rendered":"D\u00f6vl\u0259t \u0130dar\u0259\u00e7ilik Akademiyas\u0131nda \u201c28 may-Respublika g\u00fcn\u00fc\u201dn\u0259 h\u0259sr olunmu\u015f d\u0259yirmi masa ke\u00e7irilmi\u015fdir"},"content":{"rendered":"<p><\/p>\n\n\n\n<p><strong>D\u00f6vl\u0259t \u0130dar\u0259\u00e7ilik Akademiyas\u0131nda \u201c28 may-Respublika g\u00fcn\u00fc\u201dn\u0259 h\u0259sr olunmu\u015f d\u0259yirmi masa ke\u00e7irilmi\u015fdir<\/strong><br><em>May 27 , 2017 &#8211; 11:34<\/em><\/p>\n\n\n\n<p>May\u0131n 26-da Az\u0259rbaycan Respublikas\u0131n\u0131n Prezidenti yan\u0131nda D\u00f6vl\u0259t \u0130dar\u0259\u00e7ilik Akademiyas\u0131 v\u0259 S\u0259bael rayon \u0130cra Hakimiyy\u0259tinin birg\u0259 t\u0259\u015fkilat\u015f\u0131l\u0131\u011f\u0131 il\u0259&nbsp;<strong>28 may\u2013Respublika g\u00fcn\u00fcn\u0259&nbsp;<\/strong>h\u0259sr olunmu\u015f d\u0259yirmi masa ke\u00e7irilmi\u015fdir. Az\u0259rbaycan\u0131n d\u00f6vl\u0259t himni il\u0259 ba\u015flayan d\u0259yirmi masan\u0131 Akademiyan\u0131n Humanitar v\u0259 sosial m\u0259s\u0259l\u0259l\u0259r \u00fczr\u0259 prorektoru, dosent Mehdi Abdullayev a\u00e7araq d\u00f6vl\u0259t\u00e7ilik salnam\u0259mizin \u015f\u0259r\u0259fli tarixi olan Az\u0259rbaycan Xalq C\u00fcmhuriyy\u0259tinin yaranmas\u0131ndan, az vaxt \u0259rzind\u0259 s\u00fcquta u\u011framas\u0131n\u0131n s\u0259b\u0259bl\u0259rind\u0259n dan\u0131\u015fm\u0131\u015f, m\u00fcst\u0259qilliyin b\u0259rpas\u0131 v\u0259 qorunub saxlan\u0131lmas\u0131 istiqam\u0259tind\u0259 azadl\u0131q m\u00fccadil\u0259si yolunda apar\u0131lan m\u00fcbariz\u0259d\u0259 ba\u015f vermi\u015f hadis\u0259l\u0259ri xat\u0131rlatm\u0131\u015fd\u0131r.<\/p>\n\n\n\n<p>D\u0259yirmi masada Az\u0259rbaycan D\u00f6vl\u0259t Pedoqoji Universitetinin professoru Mais M\u0259mm\u0259dov, D\u0130A \u201cTarix\u201d kafedras\u0131n\u0131n professoru Musa Quliyev, \u201cH\u00fcquq\u201d kafedras\u0131n\u0131n dosenti Rahib \u018fkb\u0259rov, \u201cPolitologiya v\u0259 siyasi idar\u0259etm\u0259\u201d kafedras\u0131n\u0131n m\u00fc\u0259llimi Zaur M\u0259mm\u0259dov,\u00a0 D\u0130A TGT-n\u0131n s\u0259dri Cavidan Abdullayev v\u0259 dig\u0259rl\u0259ri \u00e7\u0131x\u0131\u015f ed\u0259r\u0259k 28 may\u2013Respublika g\u00fcn\u00fcn\u00fcn qeyd olunmas\u0131n\u0131n vacibliyi, xalq\u0131m\u0131z\u0131n ke\u00e7irdiyi bayramlar s\u0131ras\u0131nda bu g\u00fcn\u00fcn b\u00f6y\u00fck \u00f6n\u0259m k\u0259sb etdiyini, azadl\u0131q m\u00fccadil\u0259mizin tarixi \u015fahidi kimi unudulmaz bir s\u0259hif\u0259 oldu\u011funu qeyd etmi\u015fl\u0259r.\u00a0<\/p>\n\n\n\n<p><\/p>\n\n\n\n<figure class=\"wp-container-2 wp-block-gallery-1 wp-block-gallery columns-1 is-cropped\"><ul class=\"blocks-gallery-grid\"><li class=\"blocks-gallery-item\"><figure><img width=\"640\" height=\"424\" src=\"https:\/\/dia.edu.az\/wp-content\/uploads\/2021\/03\/27.05.17.jpg\" alt=\"\" data-id=\"12296\" data-full-url=\"https:\/\/dia.edu.az\/wp-content\/uploads\/2021\/03\/27.05.17.jpg\" data-link=\"https:\/\/dia.edu.az\/?attachment_id=12296\" class=\"wp-image-12296\" srcset=\"https:\/\/legacy.dia.edu.az\/wp-content\/uploads\/2021\/03\/27.05.17.jpg 640w, https:\/\/legacy.dia.edu.az\/wp-content\/uploads\/2021\/03\/27.05.17-300x199.jpg 300w, https:\/\/legacy.dia.edu.az\/wp-content\/uploads\/2021\/03\/27.05.17-16x12.jpg 16w, https:\/\/legacy.dia.edu.az\/wp-content\/uploads\/2021\/03\/27.05.17-150x100.jpg 150w, https:\/\/legacy.dia.edu.az\/wp-content\/uploads\/2021\/03\/27.05.17-300x199@2x.jpg 600w\" sizes=\"(max-width: 640px) 100vw, 640px\" \/><\/figure><\/li><\/ul><\/figure>","protected":false},"excerpt":{"rendered":"<p>D\u00f6vl\u0259t \u0130dar\u0259\u00e7ilik Akademiyas\u0131nda \u201c28 may-Respublika g\u00fcn\u00fc\u201dn\u0259 h\u0259sr olunmu\u015f d\u0259yirmi masa ke\u00e7irilmi\u015fdirMay 27 , 2017 &#8211; 11:34 May\u0131n 26-da Az\u0259rbaycan Respublikas\u0131n\u0131n Prezidenti yan\u0131nda D\u00f6vl\u0259t \u0130dar\u0259\u00e7ilik Akademiyas\u0131 v\u0259 S\u0259bael rayon \u0130cra Hakimiyy\u0259tinin birg\u0259 t\u0259\u015fkilat\u015f\u0131l\u0131\u011f\u0131 il\u0259&nbsp;28 may\u2013Respublika g\u00fcn\u00fcn\u0259&nbsp;h\u0259sr olunmu\u015f d\u0259yirmi masa ke\u00e7irilmi\u015fdir. Az\u0259rbaycan\u0131n d\u00f6vl\u0259t himni il\u0259 ba\u015flayan d\u0259yirmi masan\u0131 Akademiyan\u0131n Humanitar v\u0259 sosial m\u0259s\u0259l\u0259l\u0259r \u00fczr\u0259 prorektoru, dosent Mehdi [&hellip;]<\/p>","protected":false},"author":2,"featured_media":12296,"comment_status":"closed","ping_status":"closed","sticky":false,"template":"","format":"standard","meta":[],"categories":[137],"tags":[],"_links":{"self":[{"href":"https:\/\/legacy.dia.edu.az\/ru\/wp-json\/wp\/v2\/posts\/12295"}],"collection":[{"href":"https:\/\/legacy.dia.edu.az\/ru\/wp-json\/wp\/v2\/posts"}],"about":[{"href":"https:\/\/legacy.dia.edu.az\/ru\/wp-json\/wp\/v2\/types\/post"}],"author":[{"embeddable":true,"href":"https:\/\/legacy.dia.edu.az\/ru\/wp-json\/wp\/v2\/users\/2"}],"replies":[{"embeddable":true,"href":"https:\/\/legacy.dia.edu.az\/ru\/wp-json\/wp\/v2\/comments?post=12295"}],"version-history":[{"count":0,"href":"https:\/\/legacy.dia.edu.az\/ru\/wp-json\/wp\/v2\/posts\/12295\/revisions"}],"wp:featuredmedia":[{"embeddable":true,"href":"https:\/\/legacy.dia.edu.az\/ru\/wp-json\/wp\/v2\/media\/12296"}],"wp:attachment":[{"href":"https:\/\/legacy.dia.edu.az\/ru\/wp-json\/wp\/v2\/media?parent=12295"}],"wp:term":[{"taxonomy":"category","embeddable":true,"href":"https:\/\/legacy.dia.edu.az\/ru\/wp-json\/wp\/v2\/categories?post=12295"},{"taxonomy":"post_tag","embeddable":true,"href":"https:\/\/legacy.dia.edu.az\/ru\/wp-json\/wp\/v2\/tags?post=12295"}],"curies":[{"name":"wp","href":"https:\/\/api.w.org\/{rel}","templated":true}]}}