{"id":12279,"date":"2017-06-14T11:21:00","date_gmt":"2017-06-14T08:21:00","guid":{"rendered":"https:\/\/dia.edu.az\/?p=12279"},"modified":"2021-03-15T11:22:21","modified_gmt":"2021-03-15T08:22:21","slug":"dovl%c9%99t-idar%c9%99cilik-akademiyasinda-15-iyun-milli-qurtulus-gunu-qeyd-edilmisdir-2","status":"publish","type":"post","link":"https:\/\/legacy.dia.edu.az\/ru\/arxivl\u0259r\/12279","title":{"rendered":"D\u00f6vl\u0259t \u0130dar\u0259\u00e7ilik Akademiyas\u0131nda 15 iyun Milli Qurtulu\u015f G\u00fcn\u00fc qeyd edilmi\u015fdir"},"content":{"rendered":"<p><\/p>\n\n\n\n<p><strong>D\u00f6vl\u0259t \u0130dar\u0259\u00e7ilik Akademiyas\u0131nda 15 iyun Milli Qurtulu\u015f G\u00fcn\u00fc qeyd edilmi\u015fdir<\/strong><br><em>\u0130yn 14 , 2017 &#8211; 01:14<\/em><\/p>\n\n\n\n<p>&nbsp; &nbsp; &nbsp; &nbsp; &nbsp; &nbsp;\u0130yunun 14-d\u0259 Az\u0259rbaycan Respublikas\u0131n\u0131n Prezidenti yan\u0131nda D\u00f6vl\u0259t \u0130dar\u0259\u00e7ilik Akademiyas\u0131nda&nbsp;<strong>15 iyun-Milli Qurtulu\u015f G\u00fcn\u00fcn\u0259<\/strong>&nbsp;h\u0259sr olunmu\u015f t\u0259dbir ke\u00e7irilmi\u015fdir.<\/p>\n\n\n\n<p>D\u00f6vl\u0259t Himni s\u0259sl\u0259ndikd\u0259n sonra, t\u0259dbiri giri\u015f s\u00f6z\u00fc il\u0259 a\u00e7an Akademiyan\u0131n I prorektoru, professor \u018flikram Abdullayev m\u00fcst\u0259qil Az\u0259rbaycan\u0131n memar\u0131 v\u0259 qurucusu, \u00dcmummilli lider Heyd\u0259r \u018fliyevin siyasi hakimiyy\u0259t\u0259 qay\u0131d\u0131\u015f\u0131n\u0131 m\u00fcst\u0259qillik tarixin\u0259 \u201cMilli Qurtulu\u015f G\u00fcn\u00fc\u201d kimi daxil olmas\u0131ndan, 1993-c\u00fc ild\u0259 xalq\u0131n t\u0259kidli t\u0259l\u0259bi il\u0259 hakimiyy\u0259t\u0259 yenid\u0259n g\u0259l\u0259n Ulu \u00d6nd\u0259rin Az\u0259rbaycan\u0131 par\u00e7alanmaqdan, m\u0259hv olma t\u0259hl\u00fck\u0259sind\u0259n v\u0259 v\u0259t\u0259nda\u015f m\u00fcharib\u0259sind\u0259n xilas etdiyini xat\u0131rlatm\u0131\u015fd\u0131r. Natiq xalq\u0131n \u00f6z xilaskar\u0131 kimi Heyd\u0259r \u018fliyev\u0259 \u00fcz tutmas\u0131n\u0131n d\u00fczg\u00fcn tarixi se\u00e7im oldu\u011funu qeyd etmi\u015f, Ulu \u00d6nd\u0259rin ideyalar\u0131n\u0131 u\u011furla h\u0259yata ke\u00e7ir\u0259n \u00f6lk\u0259 prezidenti c\u0259nab \u0130lham \u018fliyevin respublikam\u0131z\u0131n inki\u015faf\u0131 namin\u0259 g\u00f6rd\u00fcy\u00fc i\u015fl\u0259rd\u0259n dan\u0131\u015fm\u0131\u015fd\u0131r.<\/p>\n\n\n\n<p>T\u0259dbird\u0259 \u00e7\u0131x\u0131\u015f ed\u0259n Milli M\u0259clisin deputat\u0131, D\u0130A-n\u0131n \u201cSiyasi ara\u015fd\u0131rmalar institutu\u201dnun m\u00fcdiri, siyasi elml\u0259r doktoru, professor Elman N\u0259sirov, \u0130qtisadiyyat\u0131n d\u00f6vl\u0259t t\u0259nziml\u0259nm\u0259si kafedras\u0131n\u0131n dosentiRoza \u018fliyeva, Tarix kafedras\u0131n\u0131n professoruMusa Quliyev v\u0259 dig\u0259rl\u0259ri&nbsp; qeyd etmi\u015fl\u0259r ki, Az\u0259rbaycan\u0131n g\u00f6rk\u0259mli o\u011flu b\u00f6y\u00fck v\u0259t\u0259np\u0259rv\u0259r Heyd\u0259r \u018fliyev xalq\u0131n bu a\u011f\u0131r g\u00fcn\u00fcnd\u0259, \u015f\u00fcbh\u0259siz, k\u0259nardan baxa bilm\u0259zdi. O, xalq\u0131n t\u0259kidli d\u0259v\u0259tini q\u0259bul edib Bak\u0131ya g\u0259ldi. Xilaskarl\u0131q missiyas\u0131n\u0131 \u00f6z \u00fcz\u0259rin\u0259 g\u00f6t\u00fcr\u0259n bu dahi \u015f\u0259xsiyy\u0259t h\u0259yat\u0131n\u0131 t\u0259hl\u00fck\u0259 alt\u0131nda qoyaraq G\u0259nc\u0259y\u0259 getdi. Hadis\u0259l\u0259rin daha faci\u0259li n\u0259tic\u0259l\u0259r\u0259 g\u0259tirib \u00e7\u0131xarmamas\u0131 \u00fc\u00e7\u00fcn \u00f6z m\u00fcdrik, a\u011fsaqqal s\u00f6z\u00fcn\u00fc dedi, v\u0259t\u0259nda\u015f qar\u015f\u0131durmas\u0131n\u0131n geni\u015fl\u0259nm\u0259sinin qar\u015f\u0131s\u0131n\u0131 ald\u0131. Heyd\u0259r \u018fliyevin xilaskarl\u0131q missiyas\u0131 bu g\u00fcn\u00fc tariximiz\u0259 Milli Qurtulu\u015f G\u00fcn\u00fc kimi daxil etdi. \u00c7\u0131x\u0131\u015f\u00e7\u0131lar bildirmi\u015fl\u0259r ki, Ulu \u00d6nd\u0259rin siyasi hakimiyy\u0259t\u0259 qay\u0131d\u0131\u015f\u0131 xalq\u0131n qurtulu\u015f, nicat yolu olmu\u015f, bu b\u00f6y\u00fck \u015f\u0259xsiyy\u0259tin v\u0259t\u0259nin a\u011f\u0131r g\u00fcnl\u0259rind\u0259 \u00f6z xalq\u0131n\u0131n yan\u0131nda olmas\u0131 insanlar\u0131n itmi\u015f \u00fcmidl\u0259rini \u00f6zl\u0259rin\u0259 qaytarm\u0131\u015f, Ulu \u00d6nd\u0259r Heyd\u0259r \u018fliyevin respublika r\u0259hb\u0259rliyin\u0259 vaxt\u0131nda v\u0259 yenid\u0259n qay\u0131d\u0131\u015f\u0131 \u00f6lk\u0259mizi m\u0259hv olmaqdan qurtarm\u0131\u015f, onun q\u0259tiyy\u0259ti xalqa ruh y\u00fcks\u0259kliyi g\u0259tirmi\u015f, \u00f6lk\u0259d\u0259 sabitlik v\u0259 \u0259min-amanl\u0131q yaratm\u0131\u015fd\u0131r.<\/p>\n\n\n\n<p>D\u0259yirmi masada Ulu \u00d6nd\u0259r\u0259 h\u0259sr edilmi\u015f film n\u00fcmayi\u015f etdirilmi\u015fdir.<\/p>\n\n\n\n<p><\/p>\n\n\n\n<figure class=\"wp-container-2 wp-block-gallery-1 wp-block-gallery columns-1 is-cropped\"><ul class=\"blocks-gallery-grid\"><li class=\"blocks-gallery-item\"><figure><img width=\"640\" height=\"424\" src=\"https:\/\/dia.edu.az\/wp-content\/uploads\/2021\/03\/14.06-1.jpg\" alt=\"\" data-id=\"12280\" data-full-url=\"https:\/\/dia.edu.az\/wp-content\/uploads\/2021\/03\/14.06-1.jpg\" data-link=\"https:\/\/dia.edu.az\/?attachment_id=12280\" class=\"wp-image-12280\" srcset=\"https:\/\/legacy.dia.edu.az\/wp-content\/uploads\/2021\/03\/14.06-1.jpg 640w, https:\/\/legacy.dia.edu.az\/wp-content\/uploads\/2021\/03\/14.06-1-300x199.jpg 300w, https:\/\/legacy.dia.edu.az\/wp-content\/uploads\/2021\/03\/14.06-1-16x12.jpg 16w, https:\/\/legacy.dia.edu.az\/wp-content\/uploads\/2021\/03\/14.06-1-150x100.jpg 150w, https:\/\/legacy.dia.edu.az\/wp-content\/uploads\/2021\/03\/14.06-1-300x199@2x.jpg 600w\" sizes=\"(max-width: 640px) 100vw, 640px\" \/><\/figure><\/li><\/ul><\/figure>","protected":false},"excerpt":{"rendered":"<p>D\u00f6vl\u0259t \u0130dar\u0259\u00e7ilik Akademiyas\u0131nda 15 iyun Milli Qurtulu\u015f G\u00fcn\u00fc qeyd edilmi\u015fdir\u0130yn 14 , 2017 &#8211; 01:14 &nbsp; &nbsp; &nbsp; &nbsp; &nbsp; &nbsp;\u0130yunun 14-d\u0259 Az\u0259rbaycan Respublikas\u0131n\u0131n Prezidenti yan\u0131nda D\u00f6vl\u0259t \u0130dar\u0259\u00e7ilik Akademiyas\u0131nda&nbsp;15 iyun-Milli Qurtulu\u015f G\u00fcn\u00fcn\u0259&nbsp;h\u0259sr olunmu\u015f t\u0259dbir ke\u00e7irilmi\u015fdir. D\u00f6vl\u0259t Himni s\u0259sl\u0259ndikd\u0259n sonra, t\u0259dbiri giri\u015f s\u00f6z\u00fc il\u0259 a\u00e7an Akademiyan\u0131n I prorektoru, professor \u018flikram Abdullayev m\u00fcst\u0259qil Az\u0259rbaycan\u0131n memar\u0131 v\u0259 qurucusu, [&hellip;]<\/p>","protected":false},"author":2,"featured_media":12280,"comment_status":"closed","ping_status":"closed","sticky":false,"template":"","format":"standard","meta":[],"categories":[137],"tags":[],"_links":{"self":[{"href":"https:\/\/legacy.dia.edu.az\/ru\/wp-json\/wp\/v2\/posts\/12279"}],"collection":[{"href":"https:\/\/legacy.dia.edu.az\/ru\/wp-json\/wp\/v2\/posts"}],"about":[{"href":"https:\/\/legacy.dia.edu.az\/ru\/wp-json\/wp\/v2\/types\/post"}],"author":[{"embeddable":true,"href":"https:\/\/legacy.dia.edu.az\/ru\/wp-json\/wp\/v2\/users\/2"}],"replies":[{"embeddable":true,"href":"https:\/\/legacy.dia.edu.az\/ru\/wp-json\/wp\/v2\/comments?post=12279"}],"version-history":[{"count":0,"href":"https:\/\/legacy.dia.edu.az\/ru\/wp-json\/wp\/v2\/posts\/12279\/revisions"}],"wp:featuredmedia":[{"embeddable":true,"href":"https:\/\/legacy.dia.edu.az\/ru\/wp-json\/wp\/v2\/media\/12280"}],"wp:attachment":[{"href":"https:\/\/legacy.dia.edu.az\/ru\/wp-json\/wp\/v2\/media?parent=12279"}],"wp:term":[{"taxonomy":"category","embeddable":true,"href":"https:\/\/legacy.dia.edu.az\/ru\/wp-json\/wp\/v2\/categories?post=12279"},{"taxonomy":"post_tag","embeddable":true,"href":"https:\/\/legacy.dia.edu.az\/ru\/wp-json\/wp\/v2\/tags?post=12279"}],"curies":[{"name":"wp","href":"https:\/\/api.w.org\/{rel}","templated":true}]}}