{"id":12251,"date":"2017-07-05T10:50:00","date_gmt":"2017-07-05T07:50:00","guid":{"rendered":"https:\/\/dia.edu.az\/?p=12251"},"modified":"2021-03-15T10:52:16","modified_gmt":"2021-03-15T07:52:16","slug":"monteneqro-respublikasinin-dovl%c9%99t-idar%c9%99ciliyi-naziri-dovl%c9%99t-idar%c9%99cilik-akademiyasinda-olub","status":"publish","type":"post","link":"https:\/\/legacy.dia.edu.az\/ru\/arxivl\u0259r\/12251","title":{"rendered":"Monteneqro Respublikas\u0131n\u0131n D\u00f6vl\u0259t \u0130dar\u0259\u00e7iliyi Naziri D\u00f6vl\u0259t \u0130dar\u0259\u00e7ilik Akademiyas\u0131nda olub"},"content":{"rendered":"<p><\/p>\n\n\n\n<p><strong>Monteneqro Respublikas\u0131n\u0131n D\u00f6vl\u0259t \u0130dar\u0259\u00e7iliyi Naziri D\u00f6vl\u0259t \u0130dar\u0259\u00e7ilik Akademiyas\u0131nda olub<\/strong><br><em>\u0130yl 05 , 2017 &#8211; 09:56<\/em><\/p>\n\n\n\n<p>\u0130yul ay\u0131n\u0131n 5-d\u0259&nbsp; Monteneqro Respublikas\u0131n\u0131n D\u00f6vl\u0259t \u0130dar\u0259\u00e7iliyi naziri xan\u0131m Pribilovic Suzana, nazirliyin d\u00f6vl\u0259t katibi c\u0259nab Jovetic Goran, nazirliyin idar\u0259 r\u0259isi xan\u0131m Perovic Milica Az\u0259rbaycan Respublikas\u0131n\u0131n Prezidenti yan\u0131nda D\u00f6vl\u0259t \u0130dar\u0259\u00e7ilik Akademiyas\u0131nda olublar.<\/p>\n\n\n\n<p>D\u00f6vl\u0259t \u0130dar\u0259\u00e7ilik Akademiyas\u0131 v\u0259 ASAN xidm\u0259tin t\u0259cr\u00fcb\u0259si il\u0259 tan\u0131\u015f olmaq m\u0259qs\u0259di da\u015f\u0131yan g\u00f6r\u00fc\u015fd\u0259 qonaqlara&nbsp; Akademiyan\u0131n yarad\u0131lmas\u0131, m\u0259qs\u0259dl\u0259ri, inki\u015faf yolu, d\u00f6vl\u0259t qulluq\u00e7ular\u0131n\u0131n t\u0259hsil\u0259 c\u0259lb edilm\u0259l\u0259ri, ixtisaslar\u0131n\u0131n art\u0131r\u0131lmas\u0131, o c\u00fcml\u0259d\u0259n h\u0259yata ke\u00e7iril\u0259n layih\u0259l\u0259r, g\u0259l\u0259c\u0259k planlara dair m\u0259lumat verilib.<\/p>\n\n\n\n<p>G\u00f6r\u00fc\u015fd\u0259 Az\u0259rbaycan Respublikas\u0131n\u0131n Prezidenti yan\u0131nda D\u00f6vl\u0259t \u0130dar\u0259\u00e7ilik Akademiyas\u0131n\u0131n rektoru, akademik Urxan \u018fl\u0259kb\u0259rov qonaqlara Az\u0259rbaycan Respublikas\u0131n\u0131n d\u00f6vl\u0259t idar\u0259\u00e7ilik modeli, \u00f6lk\u0259nin \u0259ld\u0259 etdiyi nailiyy\u0259tl\u0259r v\u0259 bu u\u011furlar\u0131n beyn\u0259lxalq t\u0259\u015fkilatlar\u0131n hesabatlar\u0131nda qeyd edilm\u0259si bar\u0259d\u0259 geni\u015f m\u0259lumat verib. Rektor \u00dcmummilli Lider Heyd\u0259r \u018fliyevin Az\u0259rbaycan d\u00f6vl\u0259ti v\u0259 xalq\u0131 qar\u015f\u0131s\u0131ndak\u0131 m\u00fcst\u0259sna xidm\u0259tl\u0259rind\u0259n, \u00dcmummilli Liderin z\u0259ngin siyasi irsinin, idar\u0259\u00e7ilik t\u0259cr\u00fcb\u0259sinin \u0259h\u0259miyy\u0259tind\u0259n b\u0259hs edib. O, \u0259ld\u0259 edilmi\u015f nailiyy\u0259tl\u0259rin \u0259sas\u0131nda Prezident \u0130lham \u018fliyevin h\u0259yata ke\u00e7irdiyi d\u00fc\u015f\u00fcn\u00fclm\u00fc\u015f innovativ inki\u015faf strategiyas\u0131 dayand\u0131\u011f\u0131n\u0131 bildirib. Eyni zamanda rektor inki\u015faf strategiyas\u0131n\u0131n realla\u015fd\u0131r\u0131lmas\u0131nda \u00f6lk\u0259nin birinci vitse-prezidenti Mehriban xan\u0131m \u018fliyevan\u0131n x\u00fcsusi rolunu qeyd edib v\u0259 bu sah\u0259d\u0259 d\u00f6vl\u0259t qurumlar\u0131 il\u0259 yana\u015f\u0131, v\u0259t\u0259nda\u015f c\u0259miyy\u0259tinin, x\u00fcsusi il\u0259 Heyd\u0259r \u018fliyev Fondunun \u00f6n\u0259mli f\u0259aliyy\u0259tin\u0259 d\u0259 diqq\u0259t \u00e7\u0259kib. Daha sonra o, qeyd edib ki, 2017-ci ilin mart\u0131nda BMT-nin v\u0259 2017-ci ilin may ay\u0131nda D\u00fcnya Bank\u0131n\u0131n d\u0259rc etdirdikl\u0259ri hesabatlarda \u0259ksini tapan innovativ insan potensial\u0131na \u0259saslanan davaml\u0131 inki\u015faf g\u00f6st\u0259ricil\u0259rin\u0259 g\u00f6r\u0259, Az\u0259rbaycan haz\u0131rda d\u00fcnya liderl\u0259ri s\u0131ras\u0131ndad\u0131r. Bu, ke\u00e7mi\u015f SSR\u0130, \u201cB\u00f6y\u00fck yeddilik\u201d (G 7) v\u0259 \u201cB\u00f6y\u00fck iyirmilik\u201d (G 20) \u00f6lk\u0259l\u0259ri il\u0259 Az\u0259rbaycan\u0131n g\u00f6st\u0259ricil\u0259rinin m\u00fcqayis\u0259li t\u0259hlili \u0259sas\u0131nda auditoriyan\u0131n n\u0259z\u0259rin\u0259 \u00e7atd\u0131r\u0131l\u0131b. Eyni zamanda sosial g\u00f6st\u0259ricil\u0259rd\u0259n d\u0259 b\u0259hs ed\u0259n akademik beyn\u0259lxalq t\u0259\u015fkilatlar\u0131n hesabatlar\u0131na \u0259saslanaraq \u00f6lk\u0259nin bu bax\u0131mdan da q\u0131sa m\u00fcdd\u0259td\u0259 s\u00fcr\u0259tl\u0259&nbsp; inki\u015faf etdiyini v\u0259 bir s\u0131ra inki\u015faf etmi\u015f d\u00f6vl\u0259tl\u0259ri gerid\u0259 qoydu\u011funu bildirib.<\/p>\n\n\n\n<p>\u00d6lk\u0259nin \u0259ld\u0259 etdiyi u\u011furlarla \u0259yani vasit\u0259l\u0259rl\u0259 tan\u0131\u015f olan qonaqlar D\u00f6vl\u0259t \u0130dar\u0259\u00e7ilik Akademiyas\u0131n\u0131n d\u00f6vl\u0259t qulluq\u00e7ular\u0131n\u0131n t\u0259hsil\u0259 c\u0259lb edilm\u0259si, ixtisaslar\u0131n\u0131n art\u0131r\u0131lmas\u0131 istiqam\u0259tin\u0259 h\u0259yata ke\u00e7iril\u0259n f\u0259aliyy\u0259ti y\u00fcks\u0259k qiym\u0259tl\u0259ndirmi\u015f, D\u00f6vl\u0259t idar\u0259\u00e7iliyi sah\u0259sind\u0259 i\u015f prinsipi il\u0259 tan\u0131\u015f olan n\u00fcmay\u0259nd\u0259 hey\u0259ti &#8220;ASAN xidm\u0259t&#8221; v\u0259 D\u0130A-n\u0131n g\u0259l\u0259c\u0259k f\u0259aliyy\u0259tind\u0259 u\u011furlar arzulay\u0131b, \u0259m\u0259kda\u015fl\u0131qlar\u0131n\u0131n davam etdirilm\u0259si \u00fc\u00e7\u00fcn m\u00fcvafiq add\u0131mlar atacaqlar\u0131n\u0131 bildiribl\u0259r.<\/p>\n\n\n\n<p>G\u00f6r\u00fc\u015fd\u0259 Akademiyan\u0131n I prorektoru (t\u0259dris i\u015fl\u0259ri \u00fczr\u0259) prof. \u018flikram Abdullayev, rektorun analitik m\u0259s\u0259l\u0259l\u0259r \u00fczr\u0259 m\u00fc\u015faviri dos. Ziyaf\u0259t H\u0259bibova, Elm-t\u0259\u015fkilat \u015f\u00f6b\u0259sinin m\u00fcdiri dos. R\u0259c\u0259b R\u0259himli, R\u0259hb\u0259r D\u00f6vl\u0259t \u0130dar\u0259\u00e7iliyi Kadrlar\u0131n\u0131n \u0130xtisas\u0131n\u0131n Art\u0131r\u0131lmas\u0131 \u0130nstitutunun Direktoru\u00a0prof.\u00a0G\u00fclnar\u0259 Qurbanova i\u015ftirak etmi\u015fl\u0259r.<\/p>\n\n\n\n<p><\/p>\n\n\n\n<figure class=\"wp-container-2 wp-block-gallery-1 wp-block-gallery columns-3 is-cropped\"><ul class=\"blocks-gallery-grid\"><li class=\"blocks-gallery-item\"><figure><img width=\"640\" height=\"424\" src=\"https:\/\/dia.edu.az\/wp-content\/uploads\/2021\/03\/06.07.17.jpg\" alt=\"\" data-id=\"12252\" data-full-url=\"https:\/\/dia.edu.az\/wp-content\/uploads\/2021\/03\/06.07.17.jpg\" data-link=\"https:\/\/dia.edu.az\/?attachment_id=12252\" class=\"wp-image-12252\" srcset=\"https:\/\/legacy.dia.edu.az\/wp-content\/uploads\/2021\/03\/06.07.17.jpg 640w, https:\/\/legacy.dia.edu.az\/wp-content\/uploads\/2021\/03\/06.07.17-300x199.jpg 300w, https:\/\/legacy.dia.edu.az\/wp-content\/uploads\/2021\/03\/06.07.17-16x12.jpg 16w, https:\/\/legacy.dia.edu.az\/wp-content\/uploads\/2021\/03\/06.07.17-150x100.jpg 150w, https:\/\/legacy.dia.edu.az\/wp-content\/uploads\/2021\/03\/06.07.17-300x199@2x.jpg 600w\" sizes=\"(max-width: 640px) 100vw, 640px\" \/><\/figure><\/li><li class=\"blocks-gallery-item\"><figure><img width=\"640\" height=\"424\" src=\"https:\/\/dia.edu.az\/wp-content\/uploads\/2021\/03\/06.07.jpg\" alt=\"\" data-id=\"12253\" data-full-url=\"https:\/\/dia.edu.az\/wp-content\/uploads\/2021\/03\/06.07.jpg\" data-link=\"https:\/\/dia.edu.az\/?attachment_id=12253\" class=\"wp-image-12253\" srcset=\"https:\/\/legacy.dia.edu.az\/wp-content\/uploads\/2021\/03\/06.07.jpg 640w, https:\/\/legacy.dia.edu.az\/wp-content\/uploads\/2021\/03\/06.07-300x199.jpg 300w, https:\/\/legacy.dia.edu.az\/wp-content\/uploads\/2021\/03\/06.07-16x12.jpg 16w, https:\/\/legacy.dia.edu.az\/wp-content\/uploads\/2021\/03\/06.07-150x100.jpg 150w, https:\/\/legacy.dia.edu.az\/wp-content\/uploads\/2021\/03\/06.07-300x199@2x.jpg 600w\" sizes=\"(max-width: 640px) 100vw, 640px\" \/><\/figure><\/li><li class=\"blocks-gallery-item\"><figure><img width=\"640\" height=\"424\" src=\"https:\/\/dia.edu.az\/wp-content\/uploads\/2021\/03\/06.0717.jpg\" alt=\"\" data-id=\"12254\" data-full-url=\"https:\/\/dia.edu.az\/wp-content\/uploads\/2021\/03\/06.0717.jpg\" data-link=\"https:\/\/dia.edu.az\/?attachment_id=12254\" class=\"wp-image-12254\" srcset=\"https:\/\/legacy.dia.edu.az\/wp-content\/uploads\/2021\/03\/06.0717.jpg 640w, https:\/\/legacy.dia.edu.az\/wp-content\/uploads\/2021\/03\/06.0717-300x199.jpg 300w, https:\/\/legacy.dia.edu.az\/wp-content\/uploads\/2021\/03\/06.0717-16x12.jpg 16w, https:\/\/legacy.dia.edu.az\/wp-content\/uploads\/2021\/03\/06.0717-150x100.jpg 150w, https:\/\/legacy.dia.edu.az\/wp-content\/uploads\/2021\/03\/06.0717-300x199@2x.jpg 600w\" sizes=\"(max-width: 640px) 100vw, 640px\" \/><\/figure><\/li><li class=\"blocks-gallery-item\"><figure><img width=\"640\" height=\"424\" src=\"https:\/\/dia.edu.az\/wp-content\/uploads\/2021\/03\/0607.jpg\" alt=\"\" data-id=\"12255\" data-full-url=\"https:\/\/dia.edu.az\/wp-content\/uploads\/2021\/03\/0607.jpg\" data-link=\"https:\/\/dia.edu.az\/?attachment_id=12255\" class=\"wp-image-12255\" srcset=\"https:\/\/legacy.dia.edu.az\/wp-content\/uploads\/2021\/03\/0607.jpg 640w, https:\/\/legacy.dia.edu.az\/wp-content\/uploads\/2021\/03\/0607-300x199.jpg 300w, https:\/\/legacy.dia.edu.az\/wp-content\/uploads\/2021\/03\/0607-16x12.jpg 16w, https:\/\/legacy.dia.edu.az\/wp-content\/uploads\/2021\/03\/0607-150x100.jpg 150w, https:\/\/legacy.dia.edu.az\/wp-content\/uploads\/2021\/03\/0607-300x199@2x.jpg 600w\" sizes=\"(max-width: 640px) 100vw, 640px\" \/><\/figure><\/li><\/ul><\/figure>","protected":false},"excerpt":{"rendered":"<p>Monteneqro Respublikas\u0131n\u0131n D\u00f6vl\u0259t \u0130dar\u0259\u00e7iliyi Naziri D\u00f6vl\u0259t \u0130dar\u0259\u00e7ilik Akademiyas\u0131nda olub\u0130yl 05 , 2017 &#8211; 09:56 \u0130yul ay\u0131n\u0131n 5-d\u0259&nbsp; Monteneqro Respublikas\u0131n\u0131n D\u00f6vl\u0259t \u0130dar\u0259\u00e7iliyi naziri xan\u0131m Pribilovic Suzana, nazirliyin d\u00f6vl\u0259t katibi c\u0259nab Jovetic Goran, nazirliyin idar\u0259 r\u0259isi xan\u0131m Perovic Milica Az\u0259rbaycan Respublikas\u0131n\u0131n Prezidenti yan\u0131nda D\u00f6vl\u0259t \u0130dar\u0259\u00e7ilik Akademiyas\u0131nda olublar. D\u00f6vl\u0259t \u0130dar\u0259\u00e7ilik Akademiyas\u0131 v\u0259 ASAN xidm\u0259tin t\u0259cr\u00fcb\u0259si il\u0259 tan\u0131\u015f olmaq [&hellip;]<\/p>","protected":false},"author":2,"featured_media":12255,"comment_status":"closed","ping_status":"closed","sticky":false,"template":"","format":"standard","meta":[],"categories":[137],"tags":[],"_links":{"self":[{"href":"https:\/\/legacy.dia.edu.az\/ru\/wp-json\/wp\/v2\/posts\/12251"}],"collection":[{"href":"https:\/\/legacy.dia.edu.az\/ru\/wp-json\/wp\/v2\/posts"}],"about":[{"href":"https:\/\/legacy.dia.edu.az\/ru\/wp-json\/wp\/v2\/types\/post"}],"author":[{"embeddable":true,"href":"https:\/\/legacy.dia.edu.az\/ru\/wp-json\/wp\/v2\/users\/2"}],"replies":[{"embeddable":true,"href":"https:\/\/legacy.dia.edu.az\/ru\/wp-json\/wp\/v2\/comments?post=12251"}],"version-history":[{"count":0,"href":"https:\/\/legacy.dia.edu.az\/ru\/wp-json\/wp\/v2\/posts\/12251\/revisions"}],"wp:featuredmedia":[{"embeddable":true,"href":"https:\/\/legacy.dia.edu.az\/ru\/wp-json\/wp\/v2\/media\/12255"}],"wp:attachment":[{"href":"https:\/\/legacy.dia.edu.az\/ru\/wp-json\/wp\/v2\/media?parent=12251"}],"wp:term":[{"taxonomy":"category","embeddable":true,"href":"https:\/\/legacy.dia.edu.az\/ru\/wp-json\/wp\/v2\/categories?post=12251"},{"taxonomy":"post_tag","embeddable":true,"href":"https:\/\/legacy.dia.edu.az\/ru\/wp-json\/wp\/v2\/tags?post=12251"}],"curies":[{"name":"wp","href":"https:\/\/api.w.org\/{rel}","templated":true}]}}