{"id":12237,"date":"2017-09-26T10:44:00","date_gmt":"2017-09-26T07:44:00","guid":{"rendered":"https:\/\/dia.edu.az\/?p=12237"},"modified":"2021-03-15T10:45:38","modified_gmt":"2021-03-15T07:45:38","slug":"az%c9%99rbaycanda-iqtisadi-islahatlar-nailiyy%c9%99tl%c9%99r-v%c9%99-perspektivl%c9%99r-movzusunda-d%c9%99yirmi-masa-kecirilib","status":"publish","type":"post","link":"https:\/\/legacy.dia.edu.az\/ru\/arxivl\u0259r\/12237","title":{"rendered":"&#8220;Az\u0259rbaycanda iqtisadi islahatlar: nailiyy\u0259tl\u0259r v\u0259 perspektivl\u0259r&#8221; m\u00f6vzusunda &#8220;d\u0259yirmi masa&#8221; ke\u00e7irilib"},"content":{"rendered":"<p><\/p>\n\n\n\n<p><\/p>\n\n\n\n<p><strong>&#8220;Az\u0259rbaycanda iqtisadi islahatlar: nailiyy\u0259tl\u0259r v\u0259 perspektivl\u0259r&#8221; m\u00f6vzusunda &#8220;d\u0259yirmi masa&#8221; ke\u00e7irilib<\/strong><br><em>Sen 26 , 2017 &#8211; 02:48<\/em><\/p>\n\n\n\n<p>\u0130qtisadi \u0130slahatlar\u0131n T\u0259hlili v\u0259 Kommunikasiya M\u0259rk\u0259zi Az\u0259rbaycan Respublikas\u0131n\u0131n Prezidenti yan\u0131nda D\u00f6vl\u0259t \u0130dar\u0259\u00e7ilik Akademiyas\u0131 il\u0259 birg\u0259 &#8220;Az\u0259rbaycanda iqtisadi islahatlar: nailiyy\u0259tl\u0259r v\u0259 perspektivl\u0259r&#8221; m\u00f6vzusunda &#8220;d\u0259yirmi masa&#8221; t\u0259\u015fkil edib.<\/p>\n\n\n\n<p>D\u00f6vl\u0259t \u0130dar\u0259\u00e7ilik Akademiyas\u0131n\u0131n rektoru, akademik Urxan \u018fl\u0259kb\u0259rov &#8220;Az\u0259rbaycanda iqtisadi islahatlar v\u0259 kadr potensial\u0131n\u0131n formala\u015fd\u0131r\u0131lmas\u0131: proses v\u0259 n\u0259tic\u0259&#8221; m\u00f6vzusunda m\u0259ruz\u0259 il\u0259 \u00e7\u0131x\u0131\u015f edib. Bildirib ki, bu ilin mart\u0131nda BMT-nin v\u0259 may ay\u0131nda is\u0259 D\u00fcnya Bank\u0131n\u0131n d\u0259rc etdirdiyi hesabatlarda \u0259ksini tapan innovativ insan potensial\u0131na \u0259saslanan davaml\u0131 inki\u015faf g\u00f6st\u0259ricil\u0259rin\u0259 g\u00f6r\u0259 Az\u0259rbaycan haz\u0131rda d\u00fcnya liderl\u0259ri s\u0131ras\u0131ndad\u0131r. Bu g\u00fcn \u00f6lk\u0259mizin qazand\u0131\u011f\u0131 h\u0259r bir u\u011furun t\u0259m\u0259lind\u0259 ulu \u00f6nd\u0259r Heyd\u0259r \u018fliyevin m\u00fc\u0259llifi oldu\u011fu Az\u0259rbaycan\u0131n h\u0259rt\u0259r\u0259fli inki\u015faf\u0131na v\u0259 t\u0259r\u0259qqisin\u0259 hesablanm\u0131\u015f inki\u015faf strategiyas\u0131 dayan\u0131r. Az\u0259rbaycan\u0131n innovativ inki\u015faf strategiyas\u0131n\u0131n realla\u015fd\u0131r\u0131lmas\u0131nda Az\u0259rbaycan Respublikas\u0131n\u0131n Birinci vitse-prezidenti Mehriban xan\u0131m \u018fliyevan\u0131n x\u00fcsusi rolu var.<\/p>\n\n\n\n<p>D\u00f6vl\u0259t \u0130dar\u0259\u00e7ilik Akademiyas\u0131nda bakalavr, magistr v\u0259 doktorantlarla yana\u015f\u0131, d\u00f6vl\u0259t qulluq\u00e7ular\u0131n\u0131n haz\u0131rlanmas\u0131n\u0131n h\u0259yata ke\u00e7irildiyini dey\u0259n rektor diqq\u0259t\u0259 \u00e7atd\u0131r\u0131b ki, \u00f6t\u0259n il 1600-d\u0259n \u00e7ox d\u00f6vl\u0259t qulluq\u00e7usu akademiyada t\u0259lim ke\u00e7ib. Bu t\u0259liml\u0259rin ke\u00e7irilm\u0259sind\u0259 akademiyan\u0131n professor-m\u00fc\u0259llim hey\u0259ti il\u0259 yana\u015f\u0131, Prezident Administrasiyas\u0131n\u0131n y\u00fcks\u0259k r\u00fctb\u0259li d\u00f6vl\u0259t m\u0259murlar\u0131, nazirl\u0259r, d\u00f6vl\u0259t komit\u0259l\u0259rinin s\u0259drl\u0259ri, g\u00f6rk\u0259mli alim v\u0259 ziyal\u0131lar i\u015ftirak edirl\u0259r. \u0130qtisadi \u0130slahatlar\u0131n T\u0259hlili v\u0259 Kommunikasiya M\u0259rk\u0259zi il\u0259 birg\u0259 d\u00f6vl\u0259t qulluq\u00e7ular\u0131 \u00fc\u00e7\u00fcn yeni t\u0259liml\u0259r t\u0259\u015fkil ed\u0259c\u0259yik. Bu, olduqca vacibdir. Hesab edir\u0259m ki, D\u00f6vl\u0259t \u0130dar\u0259\u00e7ilik Akademiyas\u0131 Az\u0259rbaycan\u0131n kadr potensial\u0131n\u0131n m\u00f6hk\u0259ml\u0259ndirilm\u0259sind\u0259 m\u00fcst\u0259sna rol oynay\u0131r.<\/p>\n\n\n\n<p>Milli M\u0259clisin iqtisadi siyas\u0259t, s\u0259naye v\u0259 sahibkarl\u0131q komit\u0259sinin s\u0259dri, akademik Ziyad S\u0259m\u0259dzad\u0259 son ill\u0259r \u00f6lk\u0259mizd\u0259 h\u0259yata ke\u00e7iril\u0259n iqtisadi islahatlar\u0131n, yenid\u0259nqurma v\u0259 quruculuq i\u015fl\u0259rinin ciddi n\u0259tic\u0259l\u0259r verdiyini qeyd edib. Vur\u011fulay\u0131b ki, \u00f6lk\u0259mizd\u0259 iqtisadi islahatlar\u0131n yeni m\u0259rh\u0259l\u0259sinin ba\u015flanmas\u0131 il\u0259 \u0259laq\u0259dar m\u00fch\u00fcm t\u0259dbirl\u0259r h\u0259yata ke\u00e7irilir. &#8220;Bu g\u00fcn art\u0131q 2050-ci ili proqnozla\u015fd\u0131rark\u0259n neft sah\u0259si il\u0259 yana\u015f\u0131, aqrar sektorun, tikintinin, infrastruktur layih\u0259l\u0259rinin d\u0259 h\u0259yata ke\u00e7irilm\u0259sini planla\u015fd\u0131ra bil\u0259rik. Az\u0259rbaycanda iqtisadi islahatlar\u0131n d\u0259rinl\u0259\u015fm\u0259si m\u00f6hk\u0259m t\u0259m\u0259l \u00fcz\u0259rind\u0259 qurulur. M\u0259\u015f\u011fullu\u011fun dinamikas\u0131nda art\u0131m, regionlar\u0131n inki\u015faf\u0131, dig\u0259r strateji proqramlar\u0131n u\u011furla h\u0259yata ke\u00e7irilm\u0259si iqtisadi islahatlar\u0131n d\u0259rinl\u0259\u015fm\u0259si \u00fc\u00e7\u00fcn m\u00f6hk\u0259m baza yarad\u0131r&#8221;, &#8211; dey\u0259 komit\u0259 s\u0259dri bildirib.<\/p>\n\n\n\n<p>\u0130qtisadi \u0130slahatlar\u0131n T\u0259hlili v\u0259 Kommunikasiya M\u0259rk\u0259zinin icra\u00e7\u0131 direktoru V\u00fcsal Qas\u0131ml\u0131 diqq\u0259t\u0259 \u00e7atd\u0131r\u0131b ki, Az\u0259rbaycan iqtisadiyyat\u0131nda islahatlar b\u0259hr\u0259sini verm\u0259kd\u0259dir. &#8220;\u0130slahatlar\u0131n bu il \u0259n b\u00f6y\u00fck u\u011furlar\u0131 kimi t\u0259diy\u0259 balans\u0131nda m\u00fcsb\u0259t d\u0259yi\u015fiklik, manat\u0131n sabitliyi, strateji valyuta ehtiyatlar\u0131n\u0131n artmas\u0131, h\u0259m\u00e7inin biznesin v\u0259 ev t\u0259s\u0259rr\u00fcfatlar\u0131n\u0131n g\u00f6zl\u0259ntil\u0259rinin m\u00fcsb\u0259t\u0259 do\u011fru d\u0259yi\u015fm\u0259si qeyd edil\u0259 bil\u0259r&#8221;, &#8211; dey\u0259 V.Qas\u0131ml\u0131 bildirib.<\/p>\n\n\n\n<p>\u0130cra\u00e7\u0131 direktor deyib ki, &#8220;Doing Business&#8221; indeksinin 9 alt indikatoru \u00fczr\u0259 islahatlar davam ed\u0259c\u0259k. &#8220;Doing Business&#8221; hesabat\u0131 \u00fczr\u0259 Az\u0259rbaycan Respublikas\u0131n\u0131n m\u00f6vqeyinin yax\u015f\u0131la\u015fd\u0131r\u0131lmas\u0131 il\u0259 ba\u011fl\u0131 2017-2018-ci ill\u0259r \u00fczr\u0259 T\u0259dbirl\u0259r Plan\u0131 \u00e7\u0259r\u00e7iv\u0259sind\u0259 at\u0131lacaq add\u0131mlar s\u0131ras\u0131nda \u0259sas\u0259n tikintiy\u0259 icaz\u0259l\u0259rin verilm\u0259si, elektrik t\u0259chizat\u0131 \u015f\u0259b\u0259k\u0259l\u0259rin\u0259 qo\u015fulma, \u0259mlak\u0131n qeydiyyat\u0131, kreditl\u0259rin al\u0131nmas\u0131, ki\u00e7ik investorlar\u0131n maraqlar\u0131n\u0131n qorunmas\u0131, vergil\u0259rin \u00f6d\u0259ni\u015fi, s\u0259rh\u0259dd\u0259 ticar\u0259t, m\u00fcqavil\u0259l\u0259rin icras\u0131n\u0131n t\u0259min edilm\u0259si, m\u00fc\u0259ssis\u0259l\u0259rin ba\u011flanmas\u0131 istiqam\u0259tind\u0259 islahat t\u0259dbirl\u0259rin\u0259 x\u00fcsusi yer verilib. Yarad\u0131lacaq &#8220;Kredit Z\u0259man\u0259t Fondun&#8221;dan dan\u0131\u015fan V.Qas\u0131ml\u0131 bildirib ki, fondun yarad\u0131lmas\u0131 il\u0259 kredit resurslar\u0131na \u00e7\u0131x\u0131\u015f asanla\u015facaq v\u0259 iqtisadiyyat\u0131n maliyy\u0259l\u0259\u015fm\u0259si artacaq. \u00dcmumilikd\u0259 strateji yol x\u0259rit\u0259l\u0259rinin icras\u0131 iqtisadiyyat\u0131n yeni inki\u015faf m\u0259rh\u0259l\u0259sin\u0259 \u00f6z m\u00fcsb\u0259t t\u0259sirini g\u00f6st\u0259rir.<\/p>\n\n\n\n<p>Az\u0259rbaycan Respublikas\u0131 Sahibkarlar (\u0130\u015f\u0259g\u00f6t\u00fcr\u0259nl\u0259r) T\u0259\u015fkilatlar\u0131 Milli Konfederasiyas\u0131n\u0131n vitse-prezidenti V\u00fcqar Zeynalov \u00f6lk\u0259mizd\u0259 sahibkarl\u0131\u011f\u0131n inki\u015faf\u0131na g\u00f6st\u0259ril\u0259n d\u00f6vl\u0259t qay\u011f\u0131s\u0131ndan dan\u0131\u015f\u0131b. Qeyd edib ki, Az\u0259rbaycanda ard\u0131c\u0131l h\u0259yata ke\u00e7iril\u0259n islahatlar n\u0259tic\u0259sind\u0259 b\u00fct\u00fcn istiqam\u0259tl\u0259rd\u0259 oldu\u011fu kimi, sosial-iqtisadi sah\u0259d\u0259 d\u0259 u\u011furlu n\u0259tic\u0259l\u0259r \u0259ld\u0259 edilib, sahibkarl\u0131\u011f\u0131n inki\u015faf\u0131 istiqam\u0259tind\u0259 bir s\u0131ra \u00f6n\u0259mli add\u0131mlar at\u0131l\u0131b, bu da sa\u011flam biznes m\u00fchitinin daha da \u0259lveri\u015fli olmas\u0131na real \u015f\u0259rait yarad\u0131b.<\/p>\n\n\n\n<p>T\u0259dbird\u0259 Az\u0259rbaycan Respublikas\u0131n\u0131n Prezidenti yan\u0131nda D\u00f6vl\u0259t \u0130dar\u0259\u00e7ilik Akademiyas\u0131n\u0131n m\u00fc\u0259llim v\u0259 t\u0259l\u0259b\u0259 hey\u0259ti i\u015ftirak edib.<\/p>\n\n\n\n<p>Qeyd ed\u0259k ki, \u0130qtisadi \u0130slahatlar\u0131n T\u0259hlili v\u0259 Kommunikasiya M\u0259rk\u0259zi bu m\u00f6vzuda silsil\u0259 t\u0259dbirl\u0259rin ke\u00e7irilm\u0259sini davam etdir\u0259c\u0259k. M\u0259qs\u0259d \u00f6lk\u0259d\u0259 apar\u0131lan islahat prosesinin daha geni\u015f ictimaiyy\u0259t\u0259 \u00e7atd\u0131r\u0131lmas\u0131na, birba\u015fa dialoqlar\u0131n t\u0259\u015fkil olunmas\u0131na, m\u0259lumatl\u0131l\u0131\u011f\u0131n v\u0259 maarifl\u0259nm\u0259nin t\u0259min edilm\u0259sin\u0259, d\u00f6vl\u0259t-\u00f6z\u0259l sektor dialoqunun g\u00fccl\u0259nm\u0259sin\u0259 t\u00f6hf\u0259 verm\u0259kdir.<\/p>\n\n\n\n<p><\/p>\n\n\n\n<figure class=\"wp-container-2 wp-block-gallery-1 wp-block-gallery columns-3 is-cropped\"><ul class=\"blocks-gallery-grid\"><li class=\"blocks-gallery-item\"><figure><img width=\"640\" height=\"399\" src=\"https:\/\/dia.edu.az\/wp-content\/uploads\/2021\/03\/26.09.17.jpg\" alt=\"\" data-id=\"12238\" data-full-url=\"https:\/\/dia.edu.az\/wp-content\/uploads\/2021\/03\/26.09.17.jpg\" data-link=\"https:\/\/dia.edu.az\/?attachment_id=12238\" class=\"wp-image-12238\" srcset=\"https:\/\/legacy.dia.edu.az\/wp-content\/uploads\/2021\/03\/26.09.17.jpg 640w, https:\/\/legacy.dia.edu.az\/wp-content\/uploads\/2021\/03\/26.09.17-300x187.jpg 300w, https:\/\/legacy.dia.edu.az\/wp-content\/uploads\/2021\/03\/26.09.17-16x10.jpg 16w, https:\/\/legacy.dia.edu.az\/wp-content\/uploads\/2021\/03\/26.09.17-300x187@2x.jpg 600w\" sizes=\"(max-width: 640px) 100vw, 640px\" \/><\/figure><\/li><li class=\"blocks-gallery-item\"><figure><img width=\"640\" height=\"411\" src=\"https:\/\/dia.edu.az\/wp-content\/uploads\/2021\/03\/26.09.jpg\" alt=\"\" data-id=\"12239\" data-full-url=\"https:\/\/dia.edu.az\/wp-content\/uploads\/2021\/03\/26.09.jpg\" data-link=\"https:\/\/dia.edu.az\/?attachment_id=12239\" class=\"wp-image-12239\" srcset=\"https:\/\/legacy.dia.edu.az\/wp-content\/uploads\/2021\/03\/26.09.jpg 640w, https:\/\/legacy.dia.edu.az\/wp-content\/uploads\/2021\/03\/26.09-300x193.jpg 300w, https:\/\/legacy.dia.edu.az\/wp-content\/uploads\/2021\/03\/26.09-16x10.jpg 16w, https:\/\/legacy.dia.edu.az\/wp-content\/uploads\/2021\/03\/26.09-300x193@2x.jpg 600w\" sizes=\"(max-width: 640px) 100vw, 640px\" \/><\/figure><\/li><li class=\"blocks-gallery-item\"><figure><img width=\"640\" height=\"463\" src=\"https:\/\/dia.edu.az\/wp-content\/uploads\/2021\/03\/2509.jpg\" alt=\"\" data-id=\"12240\" data-full-url=\"https:\/\/dia.edu.az\/wp-content\/uploads\/2021\/03\/2509.jpg\" data-link=\"https:\/\/dia.edu.az\/?attachment_id=12240\" class=\"wp-image-12240\" srcset=\"https:\/\/legacy.dia.edu.az\/wp-content\/uploads\/2021\/03\/2509.jpg 640w, https:\/\/legacy.dia.edu.az\/wp-content\/uploads\/2021\/03\/2509-300x217.jpg 300w, https:\/\/legacy.dia.edu.az\/wp-content\/uploads\/2021\/03\/2509-16x12.jpg 16w, https:\/\/legacy.dia.edu.az\/wp-content\/uploads\/2021\/03\/2509-360x260.jpg 360w, https:\/\/legacy.dia.edu.az\/wp-content\/uploads\/2021\/03\/2509-300x217@2x.jpg 600w\" sizes=\"(max-width: 640px) 100vw, 640px\" \/><\/figure><\/li><\/ul><\/figure>","protected":false},"excerpt":{"rendered":"<p>&#8220;Az\u0259rbaycanda iqtisadi islahatlar: nailiyy\u0259tl\u0259r v\u0259 perspektivl\u0259r&#8221; m\u00f6vzusunda &#8220;d\u0259yirmi masa&#8221; ke\u00e7irilibSen 26 , 2017 &#8211; 02:48 \u0130qtisadi \u0130slahatlar\u0131n T\u0259hlili v\u0259 Kommunikasiya M\u0259rk\u0259zi Az\u0259rbaycan Respublikas\u0131n\u0131n Prezidenti yan\u0131nda D\u00f6vl\u0259t \u0130dar\u0259\u00e7ilik Akademiyas\u0131 il\u0259 birg\u0259 &#8220;Az\u0259rbaycanda iqtisadi islahatlar: nailiyy\u0259tl\u0259r v\u0259 perspektivl\u0259r&#8221; m\u00f6vzusunda &#8220;d\u0259yirmi masa&#8221; t\u0259\u015fkil edib. D\u00f6vl\u0259t \u0130dar\u0259\u00e7ilik Akademiyas\u0131n\u0131n rektoru, akademik Urxan \u018fl\u0259kb\u0259rov &#8220;Az\u0259rbaycanda iqtisadi islahatlar v\u0259 kadr potensial\u0131n\u0131n formala\u015fd\u0131r\u0131lmas\u0131: [&hellip;]<\/p>","protected":false},"author":2,"featured_media":12240,"comment_status":"closed","ping_status":"closed","sticky":false,"template":"","format":"standard","meta":[],"categories":[137],"tags":[],"_links":{"self":[{"href":"https:\/\/legacy.dia.edu.az\/ru\/wp-json\/wp\/v2\/posts\/12237"}],"collection":[{"href":"https:\/\/legacy.dia.edu.az\/ru\/wp-json\/wp\/v2\/posts"}],"about":[{"href":"https:\/\/legacy.dia.edu.az\/ru\/wp-json\/wp\/v2\/types\/post"}],"author":[{"embeddable":true,"href":"https:\/\/legacy.dia.edu.az\/ru\/wp-json\/wp\/v2\/users\/2"}],"replies":[{"embeddable":true,"href":"https:\/\/legacy.dia.edu.az\/ru\/wp-json\/wp\/v2\/comments?post=12237"}],"version-history":[{"count":0,"href":"https:\/\/legacy.dia.edu.az\/ru\/wp-json\/wp\/v2\/posts\/12237\/revisions"}],"wp:featuredmedia":[{"embeddable":true,"href":"https:\/\/legacy.dia.edu.az\/ru\/wp-json\/wp\/v2\/media\/12240"}],"wp:attachment":[{"href":"https:\/\/legacy.dia.edu.az\/ru\/wp-json\/wp\/v2\/media?parent=12237"}],"wp:term":[{"taxonomy":"category","embeddable":true,"href":"https:\/\/legacy.dia.edu.az\/ru\/wp-json\/wp\/v2\/categories?post=12237"},{"taxonomy":"post_tag","embeddable":true,"href":"https:\/\/legacy.dia.edu.az\/ru\/wp-json\/wp\/v2\/tags?post=12237"}],"curies":[{"name":"wp","href":"https:\/\/api.w.org\/{rel}","templated":true}]}}